{"id":461651,"date":"2023-08-07T15:49:41","date_gmt":"2023-08-07T19:49:41","guid":{"rendered":"http:\/\/diariodominicano.com\/?p=461651"},"modified":"2023-08-07T19:52:53","modified_gmt":"2023-08-07T23:52:53","slug":"banco-santa-cruz-participo-una-vez-mas-como-patrocinador-oficial-de-rincones-festival-2023","status":"publish","type":"post","link":"https:\/\/diariodominicano.com\/?p=461651","title":{"rendered":"Banco Santa Cruz particip\u00f3 una vez m\u00e1s como patrocinador oficial de Rincones Festival 2023"},"content":{"rendered":"\n<p><strong>Por tercer a\u00f1o consecutivo, participamos como patrocinador oficial del Festival Gastron\u00f3mico \u201c<\/strong><strong><em>Rincones Festival<\/em><\/strong><strong>\u201d el pasado s\u00e1bado 29 y domingo 30 de julio, celebrado en el parqueo principal del Teatro Nacional.<\/strong><\/p>\n\n\n\n<figure class=\"wp-block-image size-large\"><img loading=\"lazy\" decoding=\"async\" width=\"1024\" height=\"683\" src=\"https:\/\/diariodominicano.com\/wp-content\/uploads\/2023\/08\/Rincones-BSC0073-1024x683.jpg\" alt=\"\" class=\"wp-image-461653\" srcset=\"https:\/\/diariodominicano.com\/wp-content\/uploads\/2023\/08\/Rincones-BSC0073-1024x683.jpg 1024w, https:\/\/diariodominicano.com\/wp-content\/uploads\/2023\/08\/Rincones-BSC0073-300x200.jpg 300w, https:\/\/diariodominicano.com\/wp-content\/uploads\/2023\/08\/Rincones-BSC0073-768x512.jpg 768w, https:\/\/diariodominicano.com\/wp-content\/uploads\/2023\/08\/Rincones-BSC0073-1536x1024.jpg 1536w, https:\/\/diariodominicano.com\/wp-content\/uploads\/2023\/08\/Rincones-BSC0073-2048x1365.jpg 2048w, https:\/\/diariodominicano.com\/wp-content\/uploads\/2023\/08\/Rincones-BSC0073-816x544.jpg 816w\" sizes=\"auto, (max-width: 1024px) 100vw, 1024px\" \/><figcaption>Rincones <\/figcaption><\/figure>\n\n\n\n<p><strong>Santo Domingo, Rep\u00fablica Dominicana. &#8211;<\/strong>&nbsp;La cuarta edici\u00f3n del Rincones Festival 2023, una de las experiencias culinarias m\u00e1s populares de la Rep\u00fablica Dominicana, se llev\u00f3 a cabo el pasado fin de semana del 29 y 30 de julio, con un horario de 12 del medio d\u00eda a las 11 de la noche.&nbsp;<\/p>\n\n\n\n<p>El evento, que cont\u00f3 con el patrocinio del Banco Santa Cruz (BSC) por tercer a\u00f1o consecutivo fue un punto de encuentro para los amantes de la gastronom\u00eda y la cultura dominicana.<\/p>\n\n\n\n<figure class=\"wp-block-image size-large\"><img loading=\"lazy\" decoding=\"async\" width=\"1024\" height=\"683\" src=\"https:\/\/diariodominicano.com\/wp-content\/uploads\/2023\/08\/Rincones-BSC0198-1024x683.jpg\" alt=\"\" class=\"wp-image-461654\" srcset=\"https:\/\/diariodominicano.com\/wp-content\/uploads\/2023\/08\/Rincones-BSC0198-1024x683.jpg 1024w, https:\/\/diariodominicano.com\/wp-content\/uploads\/2023\/08\/Rincones-BSC0198-300x200.jpg 300w, https:\/\/diariodominicano.com\/wp-content\/uploads\/2023\/08\/Rincones-BSC0198-768x512.jpg 768w, https:\/\/diariodominicano.com\/wp-content\/uploads\/2023\/08\/Rincones-BSC0198-1536x1024.jpg 1536w, https:\/\/diariodominicano.com\/wp-content\/uploads\/2023\/08\/Rincones-BSC0198-2048x1365.jpg 2048w, https:\/\/diariodominicano.com\/wp-content\/uploads\/2023\/08\/Rincones-BSC0198-816x544.jpg 816w\" sizes=\"auto, (max-width: 1024px) 100vw, 1024px\" \/><\/figure>\n\n\n\n<p>En un gesto de apoyo a sus clientes, BSC ofreci\u00f3 un descuento del 50% en la preventa de boletas, mediante sus Tarjetas de Cr\u00e9dito y D\u00e9bito en la preventa. Adem\u00e1s, los clientes tuvieron la oportunidad de acceder al evento de manera preferencial con hasta cuatro acompa\u00f1antes.<\/p>\n\n\n\n<figure class=\"wp-block-image size-large\"><img loading=\"lazy\" decoding=\"async\" width=\"673\" height=\"1024\" src=\"https:\/\/diariodominicano.com\/wp-content\/uploads\/2023\/08\/Rincones-BSC0117-673x1024.png\" alt=\"\" class=\"wp-image-461655\" srcset=\"https:\/\/diariodominicano.com\/wp-content\/uploads\/2023\/08\/Rincones-BSC0117-673x1024.png 673w, https:\/\/diariodominicano.com\/wp-content\/uploads\/2023\/08\/Rincones-BSC0117-197x300.png 197w, https:\/\/diariodominicano.com\/wp-content\/uploads\/2023\/08\/Rincones-BSC0117-768x1169.png 768w, https:\/\/diariodominicano.com\/wp-content\/uploads\/2023\/08\/Rincones-BSC0117-1009x1536.png 1009w, https:\/\/diariodominicano.com\/wp-content\/uploads\/2023\/08\/Rincones-BSC0117-816x1242.png 816w, https:\/\/diariodominicano.com\/wp-content\/uploads\/2023\/08\/Rincones-BSC0117.png 1072w\" sizes=\"auto, (max-width: 673px) 100vw, 673px\" \/><figcaption>Rincones<\/figcaption><\/figure>\n\n\n\n<p>El BSC estuvo presente en el festival con un espacio exclusivo, ubicado en el parqueo lateral del Teatro Nacional, Santo Domingo, el cual cont\u00f3 con un ambiente chill out y ofreci\u00f3 diversas actividades interactivas para toda la familia.<\/p>\n\n\n\n<p>El compromiso social de BSC tambi\u00e9n estuvo evidenciado durante el Rincones Festival 2023. La entidad financiera instal\u00f3 estaciones de contenedores de reciclaje de pl\u00e1stico y metal, y se dispuso de gu\u00edas en cada estaci\u00f3n para educar a los asistentes sobre el manejo correcto de los residuos s\u00f3lidos.<\/p>\n\n\n\n<figure class=\"wp-block-image size-large\"><img loading=\"lazy\" decoding=\"async\" width=\"683\" height=\"1024\" src=\"https:\/\/diariodominicano.com\/wp-content\/uploads\/2023\/08\/Rincones-BSC0230-683x1024.jpg\" alt=\"\" class=\"wp-image-461657\" srcset=\"https:\/\/diariodominicano.com\/wp-content\/uploads\/2023\/08\/Rincones-BSC0230-683x1024.jpg 683w, https:\/\/diariodominicano.com\/wp-content\/uploads\/2023\/08\/Rincones-BSC0230-200x300.jpg 200w, https:\/\/diariodominicano.com\/wp-content\/uploads\/2023\/08\/Rincones-BSC0230-768x1152.jpg 768w, https:\/\/diariodominicano.com\/wp-content\/uploads\/2023\/08\/Rincones-BSC0230-1024x1536.jpg 1024w, https:\/\/diariodominicano.com\/wp-content\/uploads\/2023\/08\/Rincones-BSC0230-1365x2048.jpg 1365w, https:\/\/diariodominicano.com\/wp-content\/uploads\/2023\/08\/Rincones-BSC0230-816x1224.jpg 816w, https:\/\/diariodominicano.com\/wp-content\/uploads\/2023\/08\/Rincones-BSC0230-scaled.jpg 1707w\" sizes=\"auto, (max-width: 683px) 100vw, 683px\" \/><figcaption>Rincones<\/figcaption><\/figure>\n\n\n\n<p>Asimismo, como parte de su compromiso con el cuidado con el&nbsp;medio ambiente, lograron recuperar m\u00e1s de 130 libras de pl\u00e1stico y 17 kilogramos de aluminio, contribuyendo aproximadamente con el ahorro de 689.70 Kw. de energ\u00eda, 5,517.60 litros de agua y 0.17 toneladas de CO2 evitado.<\/p>\n\n\n\n<p>Una de las amenidades que esta gran feria propici\u00f3 fue la m\u00fasica en vivo interpretada por: Riccie Oriach, Toque Profundo, Grupo Bony\u00e9, Impar Music, L\u00fa Polanco y Stephanie Tobioli. Adem\u00e1s de restaurantes, chefs, food trucks y bares.&nbsp;<\/p>\n\n\n\n<p><strong>Sobre Banco Santa Cruz:<\/strong><\/p>\n\n\n\n<p>El Banco Santa Cruz inici\u00f3 sus operaciones en noviembre de 1999 y cuenta con un completo portafolio de productos y servicios orientados a servir a sus m\u00e1s de 300,000 clientes personales y empresariales, desde los 45 centros de negocios a nivel nacional.<\/p>\n\n\n\n<p><strong>Sobre Rincones Festival:<\/strong><\/p>\n\n\n\n<p>Rincones Festival es un festival gastron\u00f3mico y musical que busca complacer a sus visitantes con diferentes propuestas gastron\u00f3micas. Dos d\u00edas para disfrutar una selecci\u00f3n curada de restaurantes, chefs, food trucks, bares y cultura, a fin de compartir en un ambiente familiar, con m\u00fasica en vivo y entretenimiento para todos.&nbsp;<\/p>\n\n\n\n<p>Ironerys Duarte<a target=\"_blank\" href=\"mailto:ironerys@mediaticos.com.do\" rel=\"noreferrer noopener\">ironerys@mediaticos.com.do<\/a><\/p>\n","protected":false},"excerpt":{"rendered":"<p>Por tercer a\u00f1o consecutivo, participamos como patrocinador oficial del Festival Gastron\u00f3mico \u201cRincones Festival\u201d el pasado s\u00e1bado 29 y domingo 30 de julio, celebrado en el parqueo principal del Teatro Nacional. Santo Domingo, Rep\u00fablica Dominicana. &#8211;&nbsp;La cuarta edici\u00f3n del Rincones Festival 2023, una de las experiencias culinarias m\u00e1s populares de la Rep\u00fablica Dominicana, se llev\u00f3 a [&hellip;]<\/p>\n","protected":false},"author":28,"featured_media":461652,"comment_status":"closed","ping_status":"","sticky":true,"template":"","format":"standard","meta":{"footnotes":""},"categories":[25,27,32],"tags":[],"class_list":["post-461651","post","type-post","status-publish","format-standard","has-post-thumbnail","hentry","category-gente","category-portada","category-turismo"],"_links":{"self":[{"href":"https:\/\/diariodominicano.com\/index.php?rest_route=\/wp\/v2\/posts\/461651","targetHints":{"allow":["GET"]}}],"collection":[{"href":"https:\/\/diariodominicano.com\/index.php?rest_route=\/wp\/v2\/posts"}],"about":[{"href":"https:\/\/diariodominicano.com\/index.php?rest_route=\/wp\/v2\/types\/post"}],"author":[{"embeddable":true,"href":"https:\/\/diariodominicano.com\/index.php?rest_route=\/wp\/v2\/users\/28"}],"replies":[{"embeddable":true,"href":"https:\/\/diariodominicano.com\/index.php?rest_route=%2Fwp%2Fv2%2Fcomments&post=461651"}],"version-history":[{"count":4,"href":"https:\/\/diariodominicano.com\/index.php?rest_route=\/wp\/v2\/posts\/461651\/revisions"}],"predecessor-version":[{"id":461670,"href":"https:\/\/diariodominicano.com\/index.php?rest_route=\/wp\/v2\/posts\/461651\/revisions\/461670"}],"wp:featuredmedia":[{"embeddable":true,"href":"https:\/\/diariodominicano.com\/index.php?rest_route=\/wp\/v2\/media\/461652"}],"wp:attachment":[{"href":"https:\/\/diariodominicano.com\/index.php?rest_route=%2Fwp%2Fv2%2Fmedia&parent=461651"}],"wp:term":[{"taxonomy":"category","embeddable":true,"href":"https:\/\/diariodominicano.com\/index.php?rest_route=%2Fwp%2Fv2%2Fcategories&post=461651"},{"taxonomy":"post_tag","embeddable":true,"href":"https:\/\/diariodominicano.com\/index.php?rest_route=%2Fwp%2Fv2%2Ftags&post=461651"}],"curies":[{"name":"wp","href":"https:\/\/api.w.org\/{rel}","templated":true}]}}