{"id":461573,"date":"2023-08-07T11:11:12","date_gmt":"2023-08-07T15:11:12","guid":{"rendered":"http:\/\/diariodominicano.com\/?p=461573"},"modified":"2023-08-07T11:55:01","modified_gmt":"2023-08-07T15:55:01","slug":"renombrados-escritores-nacionales-y-de-la-diaspora-tendran-destacada-participacion-en-la-feria-del-libro-2023","status":"publish","type":"post","link":"https:\/\/diariodominicano.com\/?p=461573","title":{"rendered":"Renombrados escritores nacionales y de la di\u00e1spora tendr\u00e1n destacada participaci\u00f3n en la Feria del Libro 2023"},"content":{"rendered":"\n<p>Bruno Rosario Candelier<\/p>\n\n\n\n<figure class=\"wp-block-image size-large is-resized\"><img loading=\"lazy\" decoding=\"async\" src=\"https:\/\/diariodominicano.com\/wp-content\/uploads\/2023\/08\/Angela-Hernandez-1024x683.jpg\" alt=\"\" class=\"wp-image-461576\" width=\"616\" height=\"410\" srcset=\"https:\/\/diariodominicano.com\/wp-content\/uploads\/2023\/08\/Angela-Hernandez-1024x683.jpg 1024w, https:\/\/diariodominicano.com\/wp-content\/uploads\/2023\/08\/Angela-Hernandez-300x200.jpg 300w, https:\/\/diariodominicano.com\/wp-content\/uploads\/2023\/08\/Angela-Hernandez-768x512.jpg 768w, https:\/\/diariodominicano.com\/wp-content\/uploads\/2023\/08\/Angela-Hernandez-816x544.jpg 816w, https:\/\/diariodominicano.com\/wp-content\/uploads\/2023\/08\/Angela-Hernandez.jpg 1500w\" sizes=\"auto, (max-width: 616px) 100vw, 616px\" \/><figcaption>\u00c1ngela Hern\u00e1ndez <\/figcaption><\/figure>\n\n\n\n<p>\u00c1ngela Hern\u00e1ndez <\/p>\n\n\n\n<p><strong>Santo Domingo<\/strong>.- Una extensa lista de renombrados escritores nacionales y de la di\u00e1spora participar\u00e1n en las m\u00e1s de 300 actividades programadas en la XXV Feria Internacional del Libro Santo Domingo 2023, desde el 24 de agosto al 3 de septiembre del a\u00f1o en curso en la Plaza de la Cultura Juan Pablo Duarte.<\/p>\n\n\n\n<p>Con el lema \u201cPara todo hay un libro\u201d,&nbsp;<a>este evento, organizado por el Ministerio de Cultura, est\u00e1 considerado el acontecimiento literario y cultural m\u00e1s importante de la Rep\u00fablica Dominicana. En la presente edici\u00f3n, la escritora Jeannette Miller es la autora homenajeada e Israel es el pa\u00eds invitado.<\/a><\/p>\n\n\n\n<p>M\u00e1s de 200 narradores, poetas, ensayistas, historiadores, gestores y cr\u00edticos literarios residentes en el pa\u00eds, junto a m\u00e1s de una veintena de autores de la di\u00e1spora, mostrar\u00e1n al pueblo dominicano sus \u00faltimos t\u00edtulos editoriales.<\/p>\n\n\n\n<p>Adem\u00e1s, pronunciar\u00e1n conferencias y charlas, al igual que participar\u00e1n en los talleres literarios, coloquios, conversatorios y recitales de poes\u00eda, actividades que tendr\u00e1n lugar en los diferentes pabellones del recinto ferial.<\/p>\n\n\n\n<p><strong>Delegaci\u00f3n de escritores<\/strong><\/p>\n\n\n\n<p>Entre los escritores nacionales que se dar\u00e1n cita en esta fiesta de las letras figuran Bruno Rosario Candelier, Mateo Morrison, Ofelia Berrido, Emilia Pereyra, Mar\u00eda Amalia Le\u00f3n de Jorge, \u00c1ngela Hern\u00e1ndez, Manuel N\u00fa\u00f1ez, Jos\u00e9 Alc\u00e1ntara Alm\u00e1nzar, Milton Ray Guevara, Miguel Collado, Tony Raful, Jos\u00e9 M\u00e1rmol, Geraldine de Santis,&nbsp;Minerva del Risco, Isidro Jim\u00e9nez,&nbsp;Manuel Gibre,&nbsp;Andr\u00e9s L. Mateo&nbsp;y Jos\u00e9 Rafael Sosa.<\/p>\n\n\n\n<p>De igual manera, lo har\u00e1n Luis Quezada, Rita D\u00edaz, Mar\u00eda Elena Ditren, Laura Fiallo, Paula G\u00f3mez, Fray Jit Manuel, Freddy Ginebra, Jeanne Marion-Landais, Isael P\u00e9rez, Ruth Herrera, Luc\u00eda Amelia Cabral, Manuel Matos Moquete, Emelda Ramos, Ylonka Nacidit Perdomo, C\u00e9sar Namnum, Farah Figueroa, Norys Eusebio Pol, Ike M\u00e9ndez, Gregorio Mart\u00ednez,&nbsp;Mar\u00eda Teresa Ruiz de Catrain, Yildalina Tatem Brache, Cibeles S\u00e1nchez Pimentel y Radham\u00e9s Mej\u00eda, entre otros.<\/p>\n\n\n\n<figure class=\"wp-block-image size-large\"><img loading=\"lazy\" decoding=\"async\" width=\"1024\" height=\"683\" src=\"https:\/\/diariodominicano.com\/wp-content\/uploads\/2023\/08\/Kianny-Antigua-1-1024x683.jpg\" alt=\"\" class=\"wp-image-461581\" srcset=\"https:\/\/diariodominicano.com\/wp-content\/uploads\/2023\/08\/Kianny-Antigua-1-1024x683.jpg 1024w, https:\/\/diariodominicano.com\/wp-content\/uploads\/2023\/08\/Kianny-Antigua-1-300x200.jpg 300w, https:\/\/diariodominicano.com\/wp-content\/uploads\/2023\/08\/Kianny-Antigua-1-768x512.jpg 768w, https:\/\/diariodominicano.com\/wp-content\/uploads\/2023\/08\/Kianny-Antigua-1-1536x1024.jpg 1536w, https:\/\/diariodominicano.com\/wp-content\/uploads\/2023\/08\/Kianny-Antigua-1-2048x1365.jpg 2048w, https:\/\/diariodominicano.com\/wp-content\/uploads\/2023\/08\/Kianny-Antigua-1-816x544.jpg 816w\" sizes=\"auto, (max-width: 1024px) 100vw, 1024px\" \/><figcaption> Kianny Antigua <\/figcaption><\/figure>\n\n\n\n<figure class=\"wp-block-image size-full\"><img loading=\"lazy\" decoding=\"async\" width=\"1024\" height=\"826\" src=\"https:\/\/diariodominicano.com\/wp-content\/uploads\/2023\/08\/Miguel-Angel-Fornerin-1.jpeg\" alt=\"\" class=\"wp-image-461585\" srcset=\"https:\/\/diariodominicano.com\/wp-content\/uploads\/2023\/08\/Miguel-Angel-Fornerin-1.jpeg 1024w, https:\/\/diariodominicano.com\/wp-content\/uploads\/2023\/08\/Miguel-Angel-Fornerin-1-300x242.jpeg 300w, https:\/\/diariodominicano.com\/wp-content\/uploads\/2023\/08\/Miguel-Angel-Fornerin-1-768x620.jpeg 768w, https:\/\/diariodominicano.com\/wp-content\/uploads\/2023\/08\/Miguel-Angel-Fornerin-1-816x658.jpeg 816w\" sizes=\"auto, (max-width: 1024px) 100vw, 1024px\" \/><figcaption> Miguel \u00c1ngel Fornerin <\/figcaption><\/figure>\n\n\n\n<figure class=\"wp-block-image size-large\"><img loading=\"lazy\" decoding=\"async\" width=\"1024\" height=\"678\" src=\"https:\/\/diariodominicano.com\/wp-content\/uploads\/2023\/08\/Pedro-Jose-Ortega-1024x678.jpg\" alt=\"\" class=\"wp-image-461587\" srcset=\"https:\/\/diariodominicano.com\/wp-content\/uploads\/2023\/08\/Pedro-Jose-Ortega-1024x678.jpg 1024w, https:\/\/diariodominicano.com\/wp-content\/uploads\/2023\/08\/Pedro-Jose-Ortega-300x199.jpg 300w, https:\/\/diariodominicano.com\/wp-content\/uploads\/2023\/08\/Pedro-Jose-Ortega-768x509.jpg 768w, https:\/\/diariodominicano.com\/wp-content\/uploads\/2023\/08\/Pedro-Jose-Ortega-1536x1017.jpg 1536w, https:\/\/diariodominicano.com\/wp-content\/uploads\/2023\/08\/Pedro-Jose-Ortega-2048x1356.jpg 2048w, https:\/\/diariodominicano.com\/wp-content\/uploads\/2023\/08\/Pedro-Jose-Ortega-816x540.jpg 816w\" sizes=\"auto, (max-width: 1024px) 100vw, 1024px\" \/><figcaption>Pedro  Jos\u00e9 Ortega<\/figcaption><\/figure>\n\n\n\n<figure class=\"wp-block-image size-large\"><img loading=\"lazy\" decoding=\"async\" width=\"1024\" height=\"1018\" src=\"https:\/\/diariodominicano.com\/wp-content\/uploads\/2023\/08\/Taina-Almodoevar-1024x1018.jpg\" alt=\"\" class=\"wp-image-461589\" srcset=\"https:\/\/diariodominicano.com\/wp-content\/uploads\/2023\/08\/Taina-Almodoevar-1024x1018.jpg 1024w, https:\/\/diariodominicano.com\/wp-content\/uploads\/2023\/08\/Taina-Almodoevar-300x298.jpg 300w, https:\/\/diariodominicano.com\/wp-content\/uploads\/2023\/08\/Taina-Almodoevar-150x150.jpg 150w, https:\/\/diariodominicano.com\/wp-content\/uploads\/2023\/08\/Taina-Almodoevar-768x763.jpg 768w, https:\/\/diariodominicano.com\/wp-content\/uploads\/2023\/08\/Taina-Almodoevar-88x88.jpg 88w, https:\/\/diariodominicano.com\/wp-content\/uploads\/2023\/08\/Taina-Almodoevar-816x811.jpg 816w, https:\/\/diariodominicano.com\/wp-content\/uploads\/2023\/08\/Taina-Almodoevar.jpg 1125w\" sizes=\"auto, (max-width: 1024px) 100vw, 1024px\" \/><figcaption>Ta\u00edna  Almod\u00f3var Gil <\/figcaption><\/figure>\n\n\n\n<p>Por su parte, de la di\u00e1spora acudir\u00e1n a la Feria del Libro 2023 Rosa Silverio, Ta\u00edna Almod\u00f3var Gil, Miguel \u00c1ngel Fornerin, Eugenio&nbsp;Garc\u00eda Cuevas, Dinorah Collado, Kianny Antigua, Juan Jos\u00e9 Casilla, Pedro Jos\u00e9 Ortega y Aurora Arias.<\/p>\n\n\n\n<figure class=\"wp-block-image size-full\"><img loading=\"lazy\" decoding=\"async\" width=\"989\" height=\"760\" src=\"https:\/\/diariodominicano.com\/wp-content\/uploads\/2023\/08\/Rey-Andujar.jpeg\" alt=\"\" class=\"wp-image-461583\" srcset=\"https:\/\/diariodominicano.com\/wp-content\/uploads\/2023\/08\/Rey-Andujar.jpeg 989w, https:\/\/diariodominicano.com\/wp-content\/uploads\/2023\/08\/Rey-Andujar-300x231.jpeg 300w, https:\/\/diariodominicano.com\/wp-content\/uploads\/2023\/08\/Rey-Andujar-768x590.jpeg 768w, https:\/\/diariodominicano.com\/wp-content\/uploads\/2023\/08\/Rey-Andujar-816x627.jpeg 816w\" sizes=\"auto, (max-width: 989px) 100vw, 989px\" \/><figcaption> Rey And\u00fajar <\/figcaption><\/figure>\n\n\n\n<p>Igualmente, se cuenta con la asistencia de Jimmy Valdez-Osaku (Juan Bautista Valdez), \u00c1ngela Abreu, Rey And\u00fajar, B\u00e1rbara P\u00e9rez M\u00e1rquez, Noel Ure\u00f1a, Alexandra Ovalles, Luz Celeste P\u00e9rez, Arys Valera, Mar\u00eda Luisa Garrido, Fellito Jos\u00e9, Milagros Rodr\u00edguez, Arelis J. Est\u00e9vez y Marie Encarnaci\u00f3n, entre otros.<\/p>\n\n\n\n<p>Asimismo, alrededor de 80 gestores literarios y culturales, representantes de todas las provincias del pa\u00eds, ser\u00e1n invitados por parte de la organizaci\u00f3n a participar en la XXV Feria Internacional del Libro Santo Domingo 2023 durante los diez d\u00edas de duraci\u00f3n de esta.<\/p>\n\n\n\n<p>Estos gestores tienen la responsabilidad de replicar y compartir los aprendizajes del programa de la FILSD 2023 en sus provincias. Una vez finalizada la feria, el Ministerio de Cultura,&nbsp;a trav\u00e9s del Departamento de Talleres Literarios de la Direcci\u00f3n General del Libro y la Lectura, dar\u00e1 seguimiento a la ejecuci\u00f3n de dichas actividades en las diferentes demarcaciones.<\/p>\n\n\n\n<p>Para m\u00e1s informaci\u00f3n y para ver la programaci\u00f3n completa de la FILSD, los interesados pueden visitar las redes sociales (@miculturard) y la p\u00e1gina web: www.&nbsp;<a href=\"http:\/\/cultura.gob.do\/\" target=\"_blank\" rel=\"noreferrer noopener\">cultura.gob.do<\/a>.<\/p>\n\n\n\n<p>El canal oficial de la XXV Feria Internacional del Libro es Radio Televisi\u00f3n Dominicana (canal 4).<\/p>\n\n\n\n<p>Ministerio de Cultura de la Rep\u00fablica Dominicana<a target=\"_blank\" href=\"mailto:prensa@cultura.gob.do\" rel=\"noreferrer noopener\">prensa@cultura.gob.do<\/a><\/p>\n","protected":false},"excerpt":{"rendered":"<p>Bruno Rosario Candelier \u00c1ngela Hern\u00e1ndez Santo Domingo.- Una extensa lista de renombrados escritores nacionales y de la di\u00e1spora participar\u00e1n en las m\u00e1s de 300 actividades programadas en la XXV Feria Internacional del Libro Santo Domingo 2023, desde el 24 de agosto al 3 de septiembre del a\u00f1o en curso en la Plaza de la Cultura [&hellip;]<\/p>\n","protected":false},"author":28,"featured_media":461574,"comment_status":"closed","ping_status":"","sticky":true,"template":"","format":"standard","meta":{"footnotes":""},"categories":[21,27,32],"tags":[],"class_list":["post-461573","post","type-post","status-publish","format-standard","has-post-thumbnail","hentry","category-cultura","category-portada","category-turismo"],"_links":{"self":[{"href":"https:\/\/diariodominicano.com\/index.php?rest_route=\/wp\/v2\/posts\/461573","targetHints":{"allow":["GET"]}}],"collection":[{"href":"https:\/\/diariodominicano.com\/index.php?rest_route=\/wp\/v2\/posts"}],"about":[{"href":"https:\/\/diariodominicano.com\/index.php?rest_route=\/wp\/v2\/types\/post"}],"author":[{"embeddable":true,"href":"https:\/\/diariodominicano.com\/index.php?rest_route=\/wp\/v2\/users\/28"}],"replies":[{"embeddable":true,"href":"https:\/\/diariodominicano.com\/index.php?rest_route=%2Fwp%2Fv2%2Fcomments&post=461573"}],"version-history":[{"count":8,"href":"https:\/\/diariodominicano.com\/index.php?rest_route=\/wp\/v2\/posts\/461573\/revisions"}],"predecessor-version":[{"id":461591,"href":"https:\/\/diariodominicano.com\/index.php?rest_route=\/wp\/v2\/posts\/461573\/revisions\/461591"}],"wp:featuredmedia":[{"embeddable":true,"href":"https:\/\/diariodominicano.com\/index.php?rest_route=\/wp\/v2\/media\/461574"}],"wp:attachment":[{"href":"https:\/\/diariodominicano.com\/index.php?rest_route=%2Fwp%2Fv2%2Fmedia&parent=461573"}],"wp:term":[{"taxonomy":"category","embeddable":true,"href":"https:\/\/diariodominicano.com\/index.php?rest_route=%2Fwp%2Fv2%2Fcategories&post=461573"},{"taxonomy":"post_tag","embeddable":true,"href":"https:\/\/diariodominicano.com\/index.php?rest_route=%2Fwp%2Fv2%2Ftags&post=461573"}],"curies":[{"name":"wp","href":"https:\/\/api.w.org\/{rel}","templated":true}]}}