{"id":461567,"date":"2023-08-07T11:08:53","date_gmt":"2023-08-07T15:08:53","guid":{"rendered":"http:\/\/diariodominicano.com\/?p=461567"},"modified":"2023-08-07T11:08:53","modified_gmt":"2023-08-07T15:08:53","slug":"lgbtiq-desfilan-por-la-diversidad-y-en-reclamo-de-justicia-por-los-as-desaparecidos-as","status":"publish","type":"post","link":"https:\/\/diariodominicano.com\/?p=461567","title":{"rendered":"LGBTIQ desfilan por la diversidad y en reclamo de justicia por los\/as desaparecidos\/as"},"content":{"rendered":"\n<p> La Caravana recorri\u00f3 los principales barrios del Distrito Nacional, entre ellos:\u00a0Zona Colonial, Ciudad Nueva, Gazcue, San Carlos, Villa Mar\u00eda y 24 de Abril.<\/p>\n\n\n\n<p><strong>Santo Domingo, R.D<\/strong>. La Red de Voluntarios&nbsp; Amigos Siempre Amigos (REVASA) y Amigos Siempre Amigos (ASA), junto con la comunidad de hombres y mujeres gays, lesbianas, bisexuales, transexuales, transg\u00e9neros, intersexuales y queers de la Rep\u00fablica Dominicana, celebraron este domingo 6 de julio, los 16 a\u00f1os de la Caravana del Orgullo LGBTIQ&nbsp; Dominicano.<\/p>\n\n\n\n<figure class=\"wp-block-image size-large\"><img loading=\"lazy\" decoding=\"async\" width=\"1024\" height=\"683\" src=\"https:\/\/diariodominicano.com\/wp-content\/uploads\/2023\/08\/CARAVANA-2-1024x683.jpg\" alt=\"\" class=\"wp-image-461569\" srcset=\"https:\/\/diariodominicano.com\/wp-content\/uploads\/2023\/08\/CARAVANA-2-1024x683.jpg 1024w, https:\/\/diariodominicano.com\/wp-content\/uploads\/2023\/08\/CARAVANA-2-300x200.jpg 300w, https:\/\/diariodominicano.com\/wp-content\/uploads\/2023\/08\/CARAVANA-2-768x512.jpg 768w, https:\/\/diariodominicano.com\/wp-content\/uploads\/2023\/08\/CARAVANA-2-816x544.jpg 816w, https:\/\/diariodominicano.com\/wp-content\/uploads\/2023\/08\/CARAVANA-2.jpg 1080w\" sizes=\"auto, (max-width: 1024px) 100vw, 1024px\" \/><\/figure>\n\n\n\n<figure class=\"wp-block-image size-large\"><img loading=\"lazy\" decoding=\"async\" width=\"683\" height=\"1024\" src=\"https:\/\/diariodominicano.com\/wp-content\/uploads\/2023\/08\/CARAVANA-3-683x1024.jpg\" alt=\"\" class=\"wp-image-461570\" srcset=\"https:\/\/diariodominicano.com\/wp-content\/uploads\/2023\/08\/CARAVANA-3-683x1024.jpg 683w, https:\/\/diariodominicano.com\/wp-content\/uploads\/2023\/08\/CARAVANA-3-200x300.jpg 200w, https:\/\/diariodominicano.com\/wp-content\/uploads\/2023\/08\/CARAVANA-3-768x1152.jpg 768w, https:\/\/diariodominicano.com\/wp-content\/uploads\/2023\/08\/CARAVANA-3-1024x1536.jpg 1024w, https:\/\/diariodominicano.com\/wp-content\/uploads\/2023\/08\/CARAVANA-3-816x1224.jpg 816w, https:\/\/diariodominicano.com\/wp-content\/uploads\/2023\/08\/CARAVANA-3.jpg 1080w\" sizes=\"auto, (max-width: 683px) 100vw, 683px\" \/><\/figure>\n\n\n\n<p>La Caravana recorri\u00f3 los principales barrios del Distrito Nacional, entre ellos:&nbsp;Zona Colonial, Ciudad Nueva, Gazcue, San Carlos, Villa Mar\u00eda y 24 de Abril, entre otros.&nbsp;<\/p>\n\n\n\n<p>En esta ocasi\u00f3n, la Caravana se permeo de emotividad, por ser dedicada a recordar y al reclamo de justicia, por las personas asesinadas y desaparecidas, recientemente,&nbsp;&nbsp;que pertenecieron a esta Comunidad.<\/p>\n\n\n\n<p>La caravana inici\u00f3 pasada las 2 de la tarde con una marcha de aproximadamente 5kms, en la que activistas y directores\/as de las diferentes organizaciones de la Comunidad, reclamaron lo que entienden como negligencia de las autoridades, por no dar seguimiento y esclarecer los casos de asesinatos y desapariciones de personas LGBTIQ en el pa\u00eds.<\/p>\n\n\n\n<p>\u201c17 personas entre hombres gais, mujeres lesbianas y personas trans, han sido asesinados\/as. Esto sin contar los casos de personas, que aunque son parte de la Comunidad, se encuentran dentro del closet o&nbsp;&nbsp;sus familias, compromisos sociales, laborales y religiosos, no les permiten vivir abiertamente su sexualidad\u201d, denunci\u00f3 Daniel Ben\u00edtez, director de REVASA y activista LGBTIQ.<\/p>\n\n\n\n<figure class=\"wp-block-image size-large\"><img loading=\"lazy\" decoding=\"async\" width=\"683\" height=\"1024\" src=\"https:\/\/diariodominicano.com\/wp-content\/uploads\/2023\/08\/CARAVANA-4-683x1024.jpg\" alt=\"\" class=\"wp-image-461571\" srcset=\"https:\/\/diariodominicano.com\/wp-content\/uploads\/2023\/08\/CARAVANA-4-683x1024.jpg 683w, https:\/\/diariodominicano.com\/wp-content\/uploads\/2023\/08\/CARAVANA-4-200x300.jpg 200w, https:\/\/diariodominicano.com\/wp-content\/uploads\/2023\/08\/CARAVANA-4-768x1152.jpg 768w, https:\/\/diariodominicano.com\/wp-content\/uploads\/2023\/08\/CARAVANA-4-1024x1536.jpg 1024w, https:\/\/diariodominicano.com\/wp-content\/uploads\/2023\/08\/CARAVANA-4-816x1224.jpg 816w, https:\/\/diariodominicano.com\/wp-content\/uploads\/2023\/08\/CARAVANA-4.jpg 1080w\" sizes=\"auto, (max-width: 683px) 100vw, 683px\" \/><\/figure>\n\n\n\n<p>En ese mismo tenor, Ben\u00edtez expres\u00f3 que \u201ces una verg\u00fcenza el hecho de que en pleno siglo 21, las autoridades pretendan que no pueden, siquiera, establecer los hechos y, mucho menos, llevar a los\/as homicidas a la justicia\u201d.<\/p>\n\n\n\n<p>\u00a8Obviamente, sabemos que se trata de una terrible y evidente negligencia, producto de la homofobia existente en las instituciones del Estado\u201d, continu\u00f3 Ben\u00edtez.<\/p>\n\n\n\n<p>Por igual, Leonardo S\u00e1nchez, director ejecutivo de ASA y activista LGBTIQ, extern\u00f3 que marchan, no s\u00f3lo&nbsp;&nbsp;para visibilizar la diversidad, si no tambi\u00e9n, para llamar la atenci\u00f3n de las autoridades sobre el peligro de no dar respuestas contundentes a los asesinatos y desapariciones de personas en la Comunidad.<\/p>\n\n\n\n<p>\u201cEsto, m\u00e1s que ayudar, incentiva la violencia y la proliferaci\u00f3n de grupos de ultra derecha, que terminan siendo una referencia negativa para la paz social y un dolor de cabeza para el mismo Estado\u201d, advirti\u00f3 S\u00e1nchez.<\/p>\n\n\n\n<p>Asimismo, Mirla Hern\u00e1ndez, activista LGBTIQ, denunci\u00f3 que ven con asombro c\u00f3mo ciertos grupos se atreven a asomar la cabeza y dejarse ver sin ninguna timidez.<\/p>\n\n\n\n<p>\u201cSon grupos que han estado acosando y amenazando a miembros\/as y organizaciones de la Comunidad, por el simple hecho de pensar y actuar diferente. Todo esto, ante la mirada indiferente de las autoridades encargadas de velar por la paz y la integridad, de todos\/as los dominicanos\/as\u201d, afirm\u00f3 Hern\u00e1ndez.<\/p>\n\n\n\n<p>La caravana cont\u00f3 con el apoyo de Agencia de los Estados Unidos para el Desarrollo Internacional (USAID), El Programa de las Naciones Unidas para el Desarrollo (PNUD), El Programa conjunto de la Naciones Unidas para el VIH y el SIDA (ONUSIDA), El Servicio Jud\u00edo Americano Mundial (AJWS), el Centro de Orientaci\u00f3n Integral (COIN) y su Observatorio de Derechos Humanos en grupos Vulnerabilizados (ODHGV) y de AIDS Healthcare Foundation&nbsp;(AHF) Dominicana.<\/p>\n\n\n\n<p>La caravana, que se celebra cada a\u00f1o desde el 2008, culmin\u00f3 con una fiesta en el parqueo tur\u00edstico, frente a la Terminal Don Diego, en la que se congregaron miles de personas pertenecientes al Colectivo.<\/p>\n\n\n\n<p>Tyrone Dotel<a target=\"_blank\" href=\"mailto:tyronedotel@yahoo.com\" rel=\"noreferrer noopener\">tyronedotel@yahoo.com<\/a><\/p>\n","protected":false},"excerpt":{"rendered":"<p>La Caravana recorri\u00f3 los principales barrios del Distrito Nacional, entre ellos:\u00a0Zona Colonial, Ciudad Nueva, Gazcue, San Carlos, Villa Mar\u00eda y 24 de Abril. Santo Domingo, R.D. La Red de Voluntarios&nbsp; Amigos Siempre Amigos (REVASA) y Amigos Siempre Amigos (ASA), junto con la comunidad de hombres y mujeres gays, lesbianas, bisexuales, transexuales, transg\u00e9neros, intersexuales y queers [&hellip;]<\/p>\n","protected":false},"author":28,"featured_media":461568,"comment_status":"closed","ping_status":"","sticky":true,"template":"","format":"standard","meta":{"footnotes":""},"categories":[20,25,27,32],"tags":[],"class_list":["post-461567","post","type-post","status-publish","format-standard","has-post-thumbnail","hentry","category-dominicana-hoy","category-gente","category-portada","category-turismo"],"_links":{"self":[{"href":"https:\/\/diariodominicano.com\/index.php?rest_route=\/wp\/v2\/posts\/461567","targetHints":{"allow":["GET"]}}],"collection":[{"href":"https:\/\/diariodominicano.com\/index.php?rest_route=\/wp\/v2\/posts"}],"about":[{"href":"https:\/\/diariodominicano.com\/index.php?rest_route=\/wp\/v2\/types\/post"}],"author":[{"embeddable":true,"href":"https:\/\/diariodominicano.com\/index.php?rest_route=\/wp\/v2\/users\/28"}],"replies":[{"embeddable":true,"href":"https:\/\/diariodominicano.com\/index.php?rest_route=%2Fwp%2Fv2%2Fcomments&post=461567"}],"version-history":[{"count":1,"href":"https:\/\/diariodominicano.com\/index.php?rest_route=\/wp\/v2\/posts\/461567\/revisions"}],"predecessor-version":[{"id":461572,"href":"https:\/\/diariodominicano.com\/index.php?rest_route=\/wp\/v2\/posts\/461567\/revisions\/461572"}],"wp:featuredmedia":[{"embeddable":true,"href":"https:\/\/diariodominicano.com\/index.php?rest_route=\/wp\/v2\/media\/461568"}],"wp:attachment":[{"href":"https:\/\/diariodominicano.com\/index.php?rest_route=%2Fwp%2Fv2%2Fmedia&parent=461567"}],"wp:term":[{"taxonomy":"category","embeddable":true,"href":"https:\/\/diariodominicano.com\/index.php?rest_route=%2Fwp%2Fv2%2Fcategories&post=461567"},{"taxonomy":"post_tag","embeddable":true,"href":"https:\/\/diariodominicano.com\/index.php?rest_route=%2Fwp%2Fv2%2Ftags&post=461567"}],"curies":[{"name":"wp","href":"https:\/\/api.w.org\/{rel}","templated":true}]}}