{"id":461555,"date":"2023-08-07T10:56:04","date_gmt":"2023-08-07T14:56:04","guid":{"rendered":"http:\/\/diariodominicano.com\/?p=461555"},"modified":"2023-08-07T11:03:21","modified_gmt":"2023-08-07T15:03:21","slug":"nuevos-datos-sobre-la-fundacion-de-la-ciudad-de-santo-domingo","status":"publish","type":"post","link":"https:\/\/diariodominicano.com\/?p=461555","title":{"rendered":"Nuevos datos sobre la fundaci\u00f3n de la Ciudad de Santo Domingo"},"content":{"rendered":"\n<p> Jos\u00e9 G. Guerrero S\u00e1nchez, director del Museo Nacional de Historia y Geograf\u00eda. <\/p>\n\n\n\n<p><strong>Santo Domingo, RD.-<\/strong>&nbsp;El Museo Nacional de Historia y Geograf\u00eda (MNHG) realiz\u00f3 la conferencia \u201cLa Fundaci\u00f3n de la Ciudad de Santo Domingo: 525 A\u00f1os de Historia\u201d, conocida como la \u201cpuerta de entrada al nuevo mundo o ciudad primada de Am\u00e9rica\u201d.<\/p>\n\n\n\n<figure class=\"wp-block-image size-large\"><img loading=\"lazy\" decoding=\"async\" width=\"1024\" height=\"769\" src=\"https:\/\/diariodominicano.com\/wp-content\/uploads\/2023\/08\/Eulalia-Flores-y-00-1024x769.jpg\" alt=\"\" class=\"wp-image-461564\" srcset=\"https:\/\/diariodominicano.com\/wp-content\/uploads\/2023\/08\/Eulalia-Flores-y-00-1024x769.jpg 1024w, https:\/\/diariodominicano.com\/wp-content\/uploads\/2023\/08\/Eulalia-Flores-y-00-300x225.jpg 300w, https:\/\/diariodominicano.com\/wp-content\/uploads\/2023\/08\/Eulalia-Flores-y-00-768x577.jpg 768w, https:\/\/diariodominicano.com\/wp-content\/uploads\/2023\/08\/Eulalia-Flores-y-00-1536x1154.jpg 1536w, https:\/\/diariodominicano.com\/wp-content\/uploads\/2023\/08\/Eulalia-Flores-y-00-2048x1538.jpg 2048w, https:\/\/diariodominicano.com\/wp-content\/uploads\/2023\/08\/Eulalia-Flores-y-00-816x613.jpg 816w\" sizes=\"auto, (max-width: 1024px) 100vw, 1024px\" \/><figcaption>  Eulalia Flores,\u00a0Jos\u00e9 G. Guerrero S\u00e1nchez, Rosal\u00eda Sosa y Nolberto Soto.\u00a0\u00a0 <\/figcaption><\/figure>\n\n\n\n<p>La  conferencia fue dictada por el historiador y director del Museo Nacional de Historia y Geograf\u00eda, Jos\u00e9 G. Guerrero S\u00e1nchez, en la cual destac\u00f3 que no hay un documento oficial de la fundaci\u00f3n de Santo Domingo, raz\u00f3n por la cual se dirimen varias fechas. Sobre la fundaci\u00f3n hecha por Bartolom\u00e9 Col\u00f3n en la margen oriental, se ha aceptado la tesis de Apolinar Tejera y fray Cipriano de Utrera de que fue en el a\u00f1o 1498, porque Col\u00f3n recibi\u00f3 instrucciones de los reyes para tal efecto el a\u00f1o anterior.<\/p>\n\n\n\n<p>Agreg\u00f3 que el d\u00eda y el mes tambi\u00e9n son pol\u00e9micos aunque se asociaron al patron\u00edmico de Santo Domingo de Guzm\u00e1n, 5 de agosto, algo no comprobado. Esta celebraci\u00f3n fue trasladada al 4 de agosto por la Iglesia a partir 1558 y actualmente la realiza el d\u00eda 8 de agosto, de ah\u00ed la discrepancia.<\/p>\n\n\n\n<p>Se\u00f1al\u00f3 que la villa de Santo Domingo nunca se llam\u00f3 de Guzm\u00e1n sino a partir de 1966. Ovando traslad\u00f3 la villa a la margen occidental del r\u00edo Ozama en 1502, pero no se sabe el d\u00eda y el mes. Lo hizo luego de que un hurac\u00e1n impactara las edificaciones y para poder repartir solares seg\u00fan su propio inter\u00e9s.<\/p>\n\n\n\n<p>Asimismo resalt\u00f3 que la celebraci\u00f3n de la fundaci\u00f3n de Santo Domingo debe ser hecha en Villa Duarte porque all\u00ed fue que Col\u00f3n primeramente la instal\u00f3. Al mismo tiempo llam\u00f3 la atenci\u00f3n sobre el proyecto de remodelaci\u00f3n de la ciudad capital con fondos del BID para que incluya fondos para la investigaci\u00f3n y difusi\u00f3n de la historia, la arqueolog\u00eda y la antropolog\u00eda de la ciudad, declarada patrimonio de la humanidad en 1990.<\/p>\n\n\n\n<p>A la conferencia asistieron diversas personalidades, entre las que se encontraban funcionarios del MINC, historiadores, catedr\u00e1ticos y empresarios dominicanos.<\/p>\n\n\n\n<p><strong>Sobre el conferencista<\/strong><\/p>\n\n\n\n<p>El doctor Jos\u00e9 Guillermo Guerrero&nbsp; S\u00e1nchez cuenta con una larga trayectoria como catedr\u00e1tico, comunicador e historiador. Es miembro de la Academia Dominicana de la Historia y de la Academia de las Ciencias, as\u00ed como profesor de Historia y Antropolog\u00eda en la Universidad Aut\u00f3noma de Santo Domingo (UASD), donde obtuvo la licenciatura en Historia. Posteriormente, concluy\u00f3 una Maestr\u00eda en R\u00edo de Janeiro, Brasil.<\/p>\n\n\n\n<p>Guerrero S\u00e1nchez ha impartido docencia en la Universidad Central del Este, la Universidad Federal de R\u00edo de Janeiro, el Instituto de Cultura Puertorrique\u00f1a, el Instituto Tecnol\u00f3gico de Santo Domingo (INTEC), en la Universidad Cat\u00f3lica de Santo Domingo y la Universidad Aut\u00f3noma de Santo Domingo (UASD). Igualmente, fue vicedecano de la Facultad de Filosof\u00eda de la UASD. Actualmente, funge como director del Museo Nacional de Historia y Geograf\u00eda (MNHG).<\/p>\n\n\n\n<p><strong><em>Renania Reyna<\/em><\/strong><\/p>\n\n\n\n<p><em>Coordinadora de Relaciones P\u00fablicas<\/em><\/p>\n\n\n\n<p><strong><em>Museo Nacional de Historia y Geograf\u00eda&nbsp;(MNHG)<\/em><\/strong><\/p>\n\n\n\n<p><em>Plaza de la Cultura Juan Pablo Duarte<\/em><\/p>\n","protected":false},"excerpt":{"rendered":"<p>Jos\u00e9 G. Guerrero S\u00e1nchez, director del Museo Nacional de Historia y Geograf\u00eda. Santo Domingo, RD.-&nbsp;El Museo Nacional de Historia y Geograf\u00eda (MNHG) realiz\u00f3 la conferencia \u201cLa Fundaci\u00f3n de la Ciudad de Santo Domingo: 525 A\u00f1os de Historia\u201d, conocida como la \u201cpuerta de entrada al nuevo mundo o ciudad primada de Am\u00e9rica\u201d. La conferencia fue dictada [&hellip;]<\/p>\n","protected":false},"author":28,"featured_media":461561,"comment_status":"closed","ping_status":"","sticky":true,"template":"","format":"standard","meta":{"footnotes":""},"categories":[26,27,32],"tags":[],"class_list":["post-461555","post","type-post","status-publish","format-standard","has-post-thumbnail","hentry","category-efemerides","category-portada","category-turismo"],"_links":{"self":[{"href":"https:\/\/diariodominicano.com\/index.php?rest_route=\/wp\/v2\/posts\/461555","targetHints":{"allow":["GET"]}}],"collection":[{"href":"https:\/\/diariodominicano.com\/index.php?rest_route=\/wp\/v2\/posts"}],"about":[{"href":"https:\/\/diariodominicano.com\/index.php?rest_route=\/wp\/v2\/types\/post"}],"author":[{"embeddable":true,"href":"https:\/\/diariodominicano.com\/index.php?rest_route=\/wp\/v2\/users\/28"}],"replies":[{"embeddable":true,"href":"https:\/\/diariodominicano.com\/index.php?rest_route=%2Fwp%2Fv2%2Fcomments&post=461555"}],"version-history":[{"count":6,"href":"https:\/\/diariodominicano.com\/index.php?rest_route=\/wp\/v2\/posts\/461555\/revisions"}],"predecessor-version":[{"id":461566,"href":"https:\/\/diariodominicano.com\/index.php?rest_route=\/wp\/v2\/posts\/461555\/revisions\/461566"}],"wp:featuredmedia":[{"embeddable":true,"href":"https:\/\/diariodominicano.com\/index.php?rest_route=\/wp\/v2\/media\/461561"}],"wp:attachment":[{"href":"https:\/\/diariodominicano.com\/index.php?rest_route=%2Fwp%2Fv2%2Fmedia&parent=461555"}],"wp:term":[{"taxonomy":"category","embeddable":true,"href":"https:\/\/diariodominicano.com\/index.php?rest_route=%2Fwp%2Fv2%2Fcategories&post=461555"},{"taxonomy":"post_tag","embeddable":true,"href":"https:\/\/diariodominicano.com\/index.php?rest_route=%2Fwp%2Fv2%2Ftags&post=461555"}],"curies":[{"name":"wp","href":"https:\/\/api.w.org\/{rel}","templated":true}]}}