{"id":461129,"date":"2023-08-05T23:08:25","date_gmt":"2023-08-06T03:08:25","guid":{"rendered":"http:\/\/diariodominicano.com\/?p=461129"},"modified":"2023-08-05T23:11:23","modified_gmt":"2023-08-06T03:11:23","slug":"alcalde-kelvin-cruz-anuncia-inicio-de-fiestas-patronales-de-la-vega-con-artistas-de-todos-los-generos","status":"publish","type":"post","link":"https:\/\/diariodominicano.com\/?p=461129","title":{"rendered":"Alcalde Kelvin Cruz anuncia inicio de fiestas patronales de La Vega con artistas de todos los g\u00e9neros"},"content":{"rendered":"\n<p> El  <strong>Alcalde Kelvin Cruz en el momento que hizo el anuncio. <\/strong><\/p>\n\n\n\n<p><br>La Vega, RD.- El alcalde de este municipio y presidente de la Federaci\u00f3n Dominicana de Municipios (Fedomu), Kelvin Cruz, anunci\u00f3 este s\u00e1bado la celebraci\u00f3n de las fiestas patronales de La Vega o Nuestra Se\u00f1ora de La Antigua 2023, una tradici\u00f3n popular y cultural.<\/p>\n\n\n\n<figure class=\"wp-block-image size-full\"><img loading=\"lazy\" decoding=\"async\" width=\"1024\" height=\"683\" src=\"https:\/\/diariodominicano.com\/wp-content\/uploads\/2023\/08\/IMG-20230805-WA0044.jpg\" alt=\"\" class=\"wp-image-461132\" srcset=\"https:\/\/diariodominicano.com\/wp-content\/uploads\/2023\/08\/IMG-20230805-WA0044.jpg 1024w, https:\/\/diariodominicano.com\/wp-content\/uploads\/2023\/08\/IMG-20230805-WA0044-300x200.jpg 300w, https:\/\/diariodominicano.com\/wp-content\/uploads\/2023\/08\/IMG-20230805-WA0044-768x512.jpg 768w, https:\/\/diariodominicano.com\/wp-content\/uploads\/2023\/08\/IMG-20230805-WA0044-816x544.jpg 816w\" sizes=\"auto, (max-width: 1024px) 100vw, 1024px\" \/><\/figure>\n\n\n\n<p><br>Afirm\u00f3 que la celebraci\u00f3n de estas fiestas patronales forma parte de su promesa de campa\u00f1a desde a\u00f1o 2016 consistente en \u201crescatar estas importantes tradiciones populares y culturales\u201d de La Vega. Record\u00f3 que anterior a su llegada en 2016 ese tipo de eventos estaban abandonadas.<\/p>\n\n\n\n<p><br>Igualmente, Cruz destac\u00f3 que son las \u00fanicas fiestas patronales del pa\u00eds que se dividen en ocho zonas donde se les dedica el d\u00eda completo a los habitantes aleda\u00f1os.<br>Estas fiestas patronales, como en a\u00f1os anteriores, contar\u00e1n con diversas actividades recreativas para el disfrute de las familias veganas en las ocho zonas.<\/p>\n\n\n\n<p> Adem\u00e1s, se presentar\u00e1n destacados artistas dominicanos de fama internacional.<br>Entre los artistas invitados habr\u00e1 de diferentes los g\u00e9neros musicales para complacer los gustos de todos los segmentos de la poblaci\u00f3n.<\/p>\n\n\n\n<p><br>El alcalde Cruz destac\u00f3 que, en cada zona, sus comunitarios tendr\u00e1n la celebraci\u00f3n de un d\u00eda completo de fiestas, sorpresas y otros atractivos iniciando a las siete de la ma\u00f1ana con ferias de venta de productos agropecuarios a bajos costos de parte de Inespre.<\/p>\n\n\n\n<p><br>Asimismo, los Comedores Econ\u00f3micos del Estado estar\u00e1n distribuyendo miles de raciones de alimentos cocidos a los asistentes a las fiestas patronales de su zona.<br>Las fiestas patronales contar\u00e1n con el siguiente itinerario de artistas:&nbsp;&nbsp;<br>Lunes 07: Zona 7: Mar\u00eda Auxiliadora: se presentar\u00e1 Joe Veras.<\/p>\n\n\n\n<p><br>Martes 08: Zona 1: Palmarito: estar\u00e1n Willy Willy y Bullin 47.<br>Mi\u00e9rcoles 09: Zona 5:&nbsp;Las Carmelitas: tendr\u00e1 a Jovany Polanco.<br>Jueves 10: Zona 4: Don Fausto. invitados Estefany Constanza y Rubby P\u00e9rez.&nbsp;<br>Viernes 11: Zona 2: San Antonio: disfrutar\u00e1n de Secreto.<\/p>\n\n\n\n<p><br>S\u00e1bado 12: Zona 6: Villa Rosa: contar\u00e1n con Alajaz\u00e1&nbsp;y Chimbala.<br>Domingo 13: Zona 8: Pont\u00f3n: se presentar\u00e1 El Vlachy.<\/p>\n\n\n\n<p><br>Lunes 14: Zona 3: San Miguel: disfrutar\u00e1n de Frank Reyes.&nbsp;<\/p>\n\n\n\n<p><br>Martes 15: habr\u00e1 el tradicional desfile de carrozas y Gala Festival de La Voz.<\/p>\n\n\n\n<p><br>Para esos eventos tambi\u00e9n se entregar\u00e1n premios en met\u00e1lico para los ganadores de la coronaci\u00f3n como Reinas Patronales Nuestra Se\u00f1ora de La Antigua 2023.<br>Reina: \u00a0\u00a0\u00a0\u00a0\u00a0\u00a0\u00a0\u00a0\u00a0\u00a0\u00a0\u00a0\u00a0\u00a0\u00a0\u00a0 \u00a0\u00a0\u00a0\u00a0\u00a0\u00a0\u00a0\u00a0 RD$150,000Virreina: \u00a0\u00a0\u00a0\u00a0\u00a0\u00a0\u00a0\u00a0\u00a0\u00a0\u00a0\u00a0 \u00a0\u00a0\u00a0\u00a0\u00a0\u00a0\u00a0\u00a0 RD$75,000Segunda finalista: \u00a0\u00a0\u00a0\u00a0\u00a0 RD$50,000<br>Todas las dem\u00e1s participantes que no ganen, que son 5, recibir\u00e1n RD$20,000 cada una.<br>Para el desfile de carrozas tambi\u00e9n ser\u00e1n entregados los siguientes premios:\u00a0<br>1er Lugar: \u00a0\u00a0\u00a0\u00a0\u00a0\u00a0\u00a0\u00a0\u00a0 RD$100,0002do Lugar: \u00a0\u00a0\u00a0\u00a0\u00a0\u00a0\u00a0\u00a0 RD$75,0003er Lugar: \u00a0\u00a0\u00a0\u00a0\u00a0\u00a0\u00a0\u00a0\u00a0 RD$50,000<br><strong>VIDEO\u00a0<\/strong><br><a rel=\"noreferrer noopener\" href=\"https:\/\/wetransfer.com\/downloads\/8c184f725d446635b66091519093518920230805031825\/d3fe7b28ad6036af67e08c9feab7030120230805031826\/66fb68?trk=TRN_TDL_01&amp;utm_campaign=TRN_TDL_01&amp;utm_medium=email&amp;utm_source=sendgrid\" target=\"_blank\">https:\/\/wetransfer.com\/downloads\/8c184f725d446635b66091519093518920230805031825\/d3fe7b28ad6036af67e08c9feab7030120230805031826\/66fb68?trk=TRN_TDL_01&amp;utm_campaign=TRN_TDL_01&amp;utm_medium=email&amp;utm_source=sendgrid<\/a><\/p>\n\n\n\n<p>Wilkin de la Cruz<a target=\"_blank\" href=\"mailto:wilkindelacruz01@hotmail.com\" rel=\"noreferrer noopener\">wilkindelacruz01@hotmail.com<\/a><\/p>\n\n\n\n<p><strong>Wilkin de la Cruz\/ Periodista<\/strong><\/p>\n","protected":false},"excerpt":{"rendered":"<p>El Alcalde Kelvin Cruz en el momento que hizo el anuncio. La Vega, RD.- El alcalde de este municipio y presidente de la Federaci\u00f3n Dominicana de Municipios (Fedomu), Kelvin Cruz, anunci\u00f3 este s\u00e1bado la celebraci\u00f3n de las fiestas patronales de La Vega o Nuestra Se\u00f1ora de La Antigua 2023, una tradici\u00f3n popular y cultural. Afirm\u00f3 [&hellip;]<\/p>\n","protected":false},"author":28,"featured_media":461130,"comment_status":"closed","ping_status":"","sticky":true,"template":"","format":"standard","meta":{"footnotes":""},"categories":[36,20,27,32],"tags":[],"class_list":["post-461129","post","type-post","status-publish","format-standard","has-post-thumbnail","hentry","category-hombresmujeresycosas","category-dominicana-hoy","category-portada","category-turismo"],"_links":{"self":[{"href":"https:\/\/diariodominicano.com\/index.php?rest_route=\/wp\/v2\/posts\/461129","targetHints":{"allow":["GET"]}}],"collection":[{"href":"https:\/\/diariodominicano.com\/index.php?rest_route=\/wp\/v2\/posts"}],"about":[{"href":"https:\/\/diariodominicano.com\/index.php?rest_route=\/wp\/v2\/types\/post"}],"author":[{"embeddable":true,"href":"https:\/\/diariodominicano.com\/index.php?rest_route=\/wp\/v2\/users\/28"}],"replies":[{"embeddable":true,"href":"https:\/\/diariodominicano.com\/index.php?rest_route=%2Fwp%2Fv2%2Fcomments&post=461129"}],"version-history":[{"count":3,"href":"https:\/\/diariodominicano.com\/index.php?rest_route=\/wp\/v2\/posts\/461129\/revisions"}],"predecessor-version":[{"id":461135,"href":"https:\/\/diariodominicano.com\/index.php?rest_route=\/wp\/v2\/posts\/461129\/revisions\/461135"}],"wp:featuredmedia":[{"embeddable":true,"href":"https:\/\/diariodominicano.com\/index.php?rest_route=\/wp\/v2\/media\/461130"}],"wp:attachment":[{"href":"https:\/\/diariodominicano.com\/index.php?rest_route=%2Fwp%2Fv2%2Fmedia&parent=461129"}],"wp:term":[{"taxonomy":"category","embeddable":true,"href":"https:\/\/diariodominicano.com\/index.php?rest_route=%2Fwp%2Fv2%2Fcategories&post=461129"},{"taxonomy":"post_tag","embeddable":true,"href":"https:\/\/diariodominicano.com\/index.php?rest_route=%2Fwp%2Fv2%2Ftags&post=461129"}],"curies":[{"name":"wp","href":"https:\/\/api.w.org\/{rel}","templated":true}]}}