{"id":461009,"date":"2023-08-05T09:34:17","date_gmt":"2023-08-05T13:34:17","guid":{"rendered":"http:\/\/diariodominicano.com\/?p=461009"},"modified":"2023-08-05T09:35:02","modified_gmt":"2023-08-05T13:35:02","slug":"new-york-se-viste-de-gala-con-el-dia-del-periodista","status":"publish","type":"post","link":"https:\/\/diariodominicano.com\/?p=461009","title":{"rendered":"New York se viste de gala con\u00a0El D\u00eda\u00a0del Periodista"},"content":{"rendered":"\n<p><strong>Por Araceli Aguilar Salgado<\/strong><\/p>\n\n\n\n<p><em><strong>\u00ab<\/strong><\/em><strong><em>Uno de los derechos fundamentales de los&nbsp; ciudadanos es poder estar bien informados, la informaci\u00f3n es poder misma que tiene que ser&nbsp; calidad, vera, \u00e9tica misma que s\u00f3lo posible en entornos seguros en los que se pueda ejercer la libertad de expresi\u00f3n, la libertad de informaci\u00f3n, el derecho a saber y conocer.\u00bb<\/em><\/strong>&nbsp; &nbsp; &nbsp; &nbsp; &nbsp; &nbsp; &nbsp; &nbsp; &nbsp; &nbsp; &nbsp; &nbsp;&nbsp; &nbsp; &nbsp; &nbsp; &nbsp; &nbsp; &nbsp; &nbsp; &nbsp; &nbsp; &nbsp;&nbsp;<\/p>\n\n\n\n<figure class=\"wp-block-image size-large\"><img loading=\"lazy\" decoding=\"async\" width=\"741\" height=\"1024\" src=\"https:\/\/diariodominicano.com\/wp-content\/uploads\/2023\/08\/unnamed-2-741x1024.jpg\" alt=\"\" class=\"wp-image-461011\" srcset=\"https:\/\/diariodominicano.com\/wp-content\/uploads\/2023\/08\/unnamed-2-741x1024.jpg 741w, https:\/\/diariodominicano.com\/wp-content\/uploads\/2023\/08\/unnamed-2-217x300.jpg 217w, https:\/\/diariodominicano.com\/wp-content\/uploads\/2023\/08\/unnamed-2-768x1061.jpg 768w, https:\/\/diariodominicano.com\/wp-content\/uploads\/2023\/08\/unnamed-2-1112x1536.jpg 1112w, https:\/\/diariodominicano.com\/wp-content\/uploads\/2023\/08\/unnamed-2-816x1127.jpg 816w, https:\/\/diariodominicano.com\/wp-content\/uploads\/2023\/08\/unnamed-2.jpg 1158w\" sizes=\"auto, (max-width: 741px) 100vw, 741px\" \/><\/figure>\n\n\n\n<p>Por primera vez en la historia, en la Ciudad de Nueva York&nbsp; se realizar\u00e1 la celebraci\u00f3n del D\u00eda del Periodista y los Medios de Comunicaci\u00f3n Hispanos, el 16 de agosto del 2023, una gran celebraci\u00f3n nacional con un momento hist\u00f3rico para enaltecer la libertad de expresi\u00f3n y la labor que hacen todos los profesionales que trabajan en el ramo del periodismo y los&nbsp;medios de comunicaci\u00f3n para concientizar la importancia de dicha profesi\u00f3n, ya que los medios de comunicaci\u00f3n son los que llevan los acontecimientos importantes al alcance de todos.<\/p>\n\n\n\n<p>Con gran ceremonia de reconocimiento, magno evento de diversas actividades con un gran programa acad\u00e9mico y cultural que organiza el Congreso Hispanoamericano de Prensa, adjunto a organizaciones afines, mismos que invita a todos los periodistas, comunicadores, editores de medios, blogueros, fot\u00f3grafos, camar\u00f3grafos, comisionados, amigos, l\u00edderes y autoridades hispanas en Nueva York y de toda Am\u00e9rica a formar parte de esta hist\u00f3rica celebraci\u00f3n en la cual estaremos celebrando en grande por primera vez en la ciudad de los rascacielos, el D\u00eda del Periodista y los Medios de Comunicaci\u00f3n Hispanos en Nueva York, el d\u00eda 16 de agosto del 2023, en Monroe College.&nbsp;Monroe College, 2507 Jerome Avenue, Bronx NY 10468 de 5:00 a 8:00 PM.<\/p>\n\n\n\n<figure class=\"wp-block-image size-full\"><img loading=\"lazy\" decoding=\"async\" width=\"1024\" height=\"768\" src=\"https:\/\/diariodominicano.com\/wp-content\/uploads\/2023\/08\/perio.webp\" alt=\"\" class=\"wp-image-461013\" srcset=\"https:\/\/diariodominicano.com\/wp-content\/uploads\/2023\/08\/perio.webp 1024w, https:\/\/diariodominicano.com\/wp-content\/uploads\/2023\/08\/perio-300x225.webp 300w, https:\/\/diariodominicano.com\/wp-content\/uploads\/2023\/08\/perio-768x576.webp 768w, https:\/\/diariodominicano.com\/wp-content\/uploads\/2023\/08\/perio-816x612.webp 816w\" sizes=\"auto, (max-width: 1024px) 100vw, 1024px\" \/><\/figure>\n\n\n\n<p>Estaremos festejando la propuesta iniciativa de ley que present\u00f3 el asamble\u00edsta estatal, George \u00c1lvarez, resoluci\u00f3n ante la ante la legislatura del Estado de Nueva York, reconociendo el 16 de agosto como el D\u00eda del Periodista y los Medios de Comunicaci\u00f3n Hispanos en Nueva York, esta inquietud ten\u00eda a\u00f1os que el Congreso Hispanoamericano de Prensa se la hab\u00eda solicitados a otros incumbentes de la legislatura estatal.<\/p>\n\n\n\n<p>Todos est\u00e1&nbsp;n invitados y estamos en espera de su confirmaci\u00f3n al tel\u00e9fono 646-533-3736 \/ 509-609-6121 o al correo electr\u00f3nico:&nbsp;<a href=\"mailto:congresodeprensa.usa@gmail.com\" target=\"_blank\" rel=\"noreferrer noopener\">congresodeprensa.usa@gmail.com<\/a>,&nbsp;<a href=\"mailto:congresodeprensa10@gmail.com\" target=\"_blank\" rel=\"noreferrer noopener\">congresodeprensa10@gmail.com<\/a>,&nbsp;&nbsp;<a href=\"http:\/\/www.congresodeprensa.org\/?fbclid=IwAR2qIjQ1m3mijL9wa7I4EKsfbIXXFPth4DUo3CWS8MxhvW8sFoRVgSmrbvA\" target=\"_blank\" rel=\"noreferrer noopener\">www.congresodeprensa.org<\/a>.<\/p>\n\n\n\n<p>En donde con mucho gusto le atenderemos, estamos para servirle en este gran evento de gran talla Internacional \u201cEl D\u00eda&nbsp;del Periodista&nbsp;y los Medios de Comunicaci\u00f3n Hispanos en Nueva York\u201d a realizarse el&nbsp;d\u00eda 16 de agosto del 2023, en Monroe College,&nbsp;Monroe College, 2507 Jerome Avenue, Bronx NY 10468 de 5:00 a 8:00 PM.<\/p>\n\n\n\n<p>\u201c<strong><em>Todo individuo tiene derecho a la libertad de opini\u00f3n y de expresi\u00f3n; este derecho incluye el de no ser molestado a causa de sus opiniones, el de investigar y recibir informaciones y opiniones, y el de difundirlas, sin limitaci\u00f3n de fronteras, por cualquier medio de expresi\u00f3n.\u201d<\/em><\/strong><\/p>\n\n\n\n<p><strong>Araceli Aguilar Salgado Periodista, Abogada, Ingeniera, Escritora, Analista y comentarista mexicana, del Estado de Guerrero\u00a0E-mail\u00a0<a rel=\"noreferrer noopener\" href=\"mailto:periodistaaaguilar@gmail.com\" target=\"_blank\">periodistaaaguilar@gmail.com<\/a><\/strong><\/p>\n\n\n\n<p>Libre Press<a target=\"_blank\" href=\"mailto:libropress@gmail.com\" rel=\"noreferrer noopener\">libropress@gmail.com<\/a><\/p>\n","protected":false},"excerpt":{"rendered":"<p>Por Araceli Aguilar Salgado \u00abUno de los derechos fundamentales de los&nbsp; ciudadanos es poder estar bien informados, la informaci\u00f3n es poder misma que tiene que ser&nbsp; calidad, vera, \u00e9tica misma que s\u00f3lo posible en entornos seguros en los que se pueda ejercer la libertad de expresi\u00f3n, la libertad de informaci\u00f3n, el derecho a saber y [&hellip;]<\/p>\n","protected":false},"author":28,"featured_media":461010,"comment_status":"closed","ping_status":"","sticky":false,"template":"","format":"standard","meta":{"footnotes":""},"categories":[23,19,32],"tags":[],"class_list":["post-461009","post","type-post","status-publish","format-standard","has-post-thumbnail","hentry","category-internacional","category-mi-voz","category-turismo"],"_links":{"self":[{"href":"https:\/\/diariodominicano.com\/index.php?rest_route=\/wp\/v2\/posts\/461009","targetHints":{"allow":["GET"]}}],"collection":[{"href":"https:\/\/diariodominicano.com\/index.php?rest_route=\/wp\/v2\/posts"}],"about":[{"href":"https:\/\/diariodominicano.com\/index.php?rest_route=\/wp\/v2\/types\/post"}],"author":[{"embeddable":true,"href":"https:\/\/diariodominicano.com\/index.php?rest_route=\/wp\/v2\/users\/28"}],"replies":[{"embeddable":true,"href":"https:\/\/diariodominicano.com\/index.php?rest_route=%2Fwp%2Fv2%2Fcomments&post=461009"}],"version-history":[{"count":3,"href":"https:\/\/diariodominicano.com\/index.php?rest_route=\/wp\/v2\/posts\/461009\/revisions"}],"predecessor-version":[{"id":461016,"href":"https:\/\/diariodominicano.com\/index.php?rest_route=\/wp\/v2\/posts\/461009\/revisions\/461016"}],"wp:featuredmedia":[{"embeddable":true,"href":"https:\/\/diariodominicano.com\/index.php?rest_route=\/wp\/v2\/media\/461010"}],"wp:attachment":[{"href":"https:\/\/diariodominicano.com\/index.php?rest_route=%2Fwp%2Fv2%2Fmedia&parent=461009"}],"wp:term":[{"taxonomy":"category","embeddable":true,"href":"https:\/\/diariodominicano.com\/index.php?rest_route=%2Fwp%2Fv2%2Fcategories&post=461009"},{"taxonomy":"post_tag","embeddable":true,"href":"https:\/\/diariodominicano.com\/index.php?rest_route=%2Fwp%2Fv2%2Ftags&post=461009"}],"curies":[{"name":"wp","href":"https:\/\/api.w.org\/{rel}","templated":true}]}}