{"id":460827,"date":"2023-08-04T18:30:34","date_gmt":"2023-08-04T22:30:34","guid":{"rendered":"http:\/\/diariodominicano.com\/?p=460827"},"modified":"2023-08-04T18:32:22","modified_gmt":"2023-08-04T22:32:22","slug":"el-ministerio-publico-destaca-fortaleza-de-expediente-y-cientos-de-pruebas-aportadas-contra-imputados-de-la-operacion-gavilan","status":"publish","type":"post","link":"https:\/\/diariodominicano.com\/?p=460827","title":{"rendered":"El Ministerio P\u00fablico destaca fortaleza de expediente y cientos de pruebas aportadas contra imputados de la Operaci\u00f3n Gavil\u00e1n"},"content":{"rendered":"\n<p><em><u>El \u00f3rgano persecutor solicit\u00f3 prisi\u00f3n preventiva para todos los implicados y que se declare el proceso de tramitaci\u00f3n compleja<\/u><\/em><\/p>\n\n\n\n<p>SANTO DOMINGO, Rep\u00fablica Dominicana.-El fiscal Andr\u00e9s Mena, de la Direcci\u00f3n General de Persecuci\u00f3n del Ministerio P\u00fablico, destac\u00f3 este viernes la fortaleza del expediente y de cientos de pruebas que ha aportado el Ministerio P\u00fablico en el proceso que se le sigue a los imputados de la Operaci\u00f3n Gavil\u00e1n.<\/p>\n\n\n\n<p>Resalt\u00f3 que la medida de coerci\u00f3n presentada contra los imputados de eliminar antecedentes penales de procesados a cambio de sobornos, consta de unas 339 p\u00e1ginas, robustecidas con cientos de elementos de pruebas, al tiempo de indicar que el Ministerio P\u00fablico est\u00e1 pidiendo la complejidad en la medida de coerci\u00f3n y la imposici\u00f3n de la prisi\u00f3n preventiva para todos los imputados.<\/p>\n\n\n\n<p>El representante del Ministerio P\u00fablico habl\u00f3 del proceso luego de que la&nbsp;&nbsp;Oficina Judicial de Servicios de Atenci\u00f3n Permanente del Distrito Nacional, a petici\u00f3n de las defensas de los imputados, aplazara para el pr\u00f3ximo lunes 7 de agosto, a las 9:00 de la ma\u00f1ana, el conocimiento de la medida de coerci\u00f3n solicitada por el Ministerio P\u00fablico.<\/p>\n\n\n\n<p>\u201cPara garantizar ese derecho de defensa, concedido entonces, el aplazamiento para el lunes 7, a las nueve de la ma\u00f1ana, para continuar el conocimiento de esta medida\u201d, agreg\u00f3.<\/p>\n\n\n\n<p>&nbsp;\u201cEn el d\u00eda de hoy el Ministerio P\u00fablico vino preparado y listo para conocer de la audiencia de medida de coerci\u00f3n a los imputados en la Operaci\u00f3n Gavil\u00e1n; sin embargo, los abogados han pedido un aplazamiento para conocer el expediente, ya que reconocen que se trata de un expediente voluminoso y que consta de muchas pruebas, las cuales el Ministerio P\u00fablico ha recolectado de manera l\u00edcita\u201d, dijo a periodistas que lo abordaron cuando sal\u00eda del tribunal junto a la fiscal Sourelly J\u00e1quez.<\/p>\n\n\n\n<p>El juez Rigoberto Sena, quien conocer\u00eda el expediente en el que el Ministerio P\u00fablico imputa a&nbsp;&nbsp;fiscales, empleados administrativos y polic\u00edas que operaron una estructura nacional que durante a\u00f1os estuvo dedicada a eliminar, a cambio de sobornos, antecedentes penales de procesados por diversos delitos, acogi\u00f3 el pedimento de la barra de la defensa, a fin de que los abogados conozcan el expediente.<\/p>\n\n\n\n<p>Con la Operaci\u00f3n Gavil\u00e1n, el Ministerio P\u00fablico tiene bajo investigaci\u00f3n al menos a siete fiscales contra los que proceder\u00e1 a solicitar ante las jurisdicciones correspondientes la designaci\u00f3n de un juez especial, en cumplimiento del procedimiento particular establecido en el marco jur\u00eddico para la persecuci\u00f3n penal contra servidores del sistema de justicia.<\/p>\n\n\n\n<p>Al mismo tiempo, puso en marcha el debido proceso disciplinario a cargo de la Inspector\u00eda General del Ministerio P\u00fablico.<\/p>\n\n\n\n<p><strong>Direcci\u00f3n General de Comunicaci\u00f3n, Prensa, y RRPP<\/strong><\/p>\n\n\n\n<p>Ministerio P\u00fablico.&nbsp;R.D.<\/p>\n\n\n\n<p>Viernes, 4 de agosto de 2023.<\/p>\n","protected":false},"excerpt":{"rendered":"<p>El \u00f3rgano persecutor solicit\u00f3 prisi\u00f3n preventiva para todos los implicados y que se declare el proceso de tramitaci\u00f3n compleja SANTO DOMINGO, Rep\u00fablica Dominicana.-El fiscal Andr\u00e9s Mena, de la Direcci\u00f3n General de Persecuci\u00f3n del Ministerio P\u00fablico, destac\u00f3 este viernes la fortaleza del expediente y de cientos de pruebas que ha aportado el Ministerio P\u00fablico en el [&hellip;]<\/p>\n","protected":false},"author":28,"featured_media":460828,"comment_status":"closed","ping_status":"","sticky":true,"template":"","format":"standard","meta":{"footnotes":""},"categories":[24,29,27],"tags":[],"class_list":["post-460827","post","type-post","status-publish","format-standard","has-post-thumbnail","hentry","category-justicia-y-derecho","category-policiasucesos","category-portada"],"_links":{"self":[{"href":"https:\/\/diariodominicano.com\/index.php?rest_route=\/wp\/v2\/posts\/460827","targetHints":{"allow":["GET"]}}],"collection":[{"href":"https:\/\/diariodominicano.com\/index.php?rest_route=\/wp\/v2\/posts"}],"about":[{"href":"https:\/\/diariodominicano.com\/index.php?rest_route=\/wp\/v2\/types\/post"}],"author":[{"embeddable":true,"href":"https:\/\/diariodominicano.com\/index.php?rest_route=\/wp\/v2\/users\/28"}],"replies":[{"embeddable":true,"href":"https:\/\/diariodominicano.com\/index.php?rest_route=%2Fwp%2Fv2%2Fcomments&post=460827"}],"version-history":[{"count":1,"href":"https:\/\/diariodominicano.com\/index.php?rest_route=\/wp\/v2\/posts\/460827\/revisions"}],"predecessor-version":[{"id":460829,"href":"https:\/\/diariodominicano.com\/index.php?rest_route=\/wp\/v2\/posts\/460827\/revisions\/460829"}],"wp:featuredmedia":[{"embeddable":true,"href":"https:\/\/diariodominicano.com\/index.php?rest_route=\/wp\/v2\/media\/460828"}],"wp:attachment":[{"href":"https:\/\/diariodominicano.com\/index.php?rest_route=%2Fwp%2Fv2%2Fmedia&parent=460827"}],"wp:term":[{"taxonomy":"category","embeddable":true,"href":"https:\/\/diariodominicano.com\/index.php?rest_route=%2Fwp%2Fv2%2Fcategories&post=460827"},{"taxonomy":"post_tag","embeddable":true,"href":"https:\/\/diariodominicano.com\/index.php?rest_route=%2Fwp%2Fv2%2Ftags&post=460827"}],"curies":[{"name":"wp","href":"https:\/\/api.w.org\/{rel}","templated":true}]}}