{"id":460756,"date":"2023-08-04T10:24:18","date_gmt":"2023-08-04T14:24:18","guid":{"rendered":"http:\/\/diariodominicano.com\/?p=460756"},"modified":"2023-08-04T10:34:42","modified_gmt":"2023-08-04T14:34:42","slug":"bodega-catena-zapata-es-el-vinedo-numero-1-del-mundo-de-acuerdo-a-worlds-best-vineyards-2023","status":"publish","type":"post","link":"https:\/\/diariodominicano.com\/?p=460756","title":{"rendered":"Bodega Catena Zapata es el vi\u00f1edo n\u00famero 1 del mundo de acuerdo a World&#8217;s Best Vineyards 2023"},"content":{"rendered":"\n<p>Dra. Laura Catena, cuarta generaci\u00f3n de viticultores y directora ejecutiva de Catena Zapata.<\/p>\n\n\n\n<figure class=\"wp-block-image size-large\"><img loading=\"lazy\" decoding=\"async\" width=\"1024\" height=\"579\" src=\"https:\/\/diariodominicano.com\/wp-content\/uploads\/2023\/08\/Foto-2-Catena-Zapata-una-obra-de-arte-inspirada-en-los-Mayas-1024x579.jpg\" alt=\"\" class=\"wp-image-460757\" srcset=\"https:\/\/diariodominicano.com\/wp-content\/uploads\/2023\/08\/Foto-2-Catena-Zapata-una-obra-de-arte-inspirada-en-los-Mayas-1024x579.jpg 1024w, https:\/\/diariodominicano.com\/wp-content\/uploads\/2023\/08\/Foto-2-Catena-Zapata-una-obra-de-arte-inspirada-en-los-Mayas-300x170.jpg 300w, https:\/\/diariodominicano.com\/wp-content\/uploads\/2023\/08\/Foto-2-Catena-Zapata-una-obra-de-arte-inspirada-en-los-Mayas-768x434.jpg 768w, https:\/\/diariodominicano.com\/wp-content\/uploads\/2023\/08\/Foto-2-Catena-Zapata-una-obra-de-arte-inspirada-en-los-Mayas-1536x869.jpg 1536w, https:\/\/diariodominicano.com\/wp-content\/uploads\/2023\/08\/Foto-2-Catena-Zapata-una-obra-de-arte-inspirada-en-los-Mayas-816x461.jpg 816w, https:\/\/diariodominicano.com\/wp-content\/uploads\/2023\/08\/Foto-2-Catena-Zapata-una-obra-de-arte-inspirada-en-los-Mayas.jpg 2000w\" sizes=\"auto, (max-width: 1024px) 100vw, 1024px\" \/><figcaption>Catena Zapata, una obra de arte inspirada en los Mayas<\/figcaption><\/figure>\n\n\n\n<p><strong>Distribuido en Rep\u00fablica Dominicana por la Empresa \u00c1lvarez &amp; S\u00e1nchez<\/strong><\/p>\n\n\n\n<p><strong> Rafael Reyes Bison\u00f3<\/strong><\/p>\n\n\n\n<p>Espa\u00f1a, viernes 4 agosto del 2023. La Bodega y vi\u00f1edo&nbsp;Catena Zapata se&nbsp;le ha otorgado el premio al vi\u00f1edo n\u00famero 1 del mundo de acuerdo a World&#8217;s Best Vineyards 2023; La misma es distribuida en Rep\u00fablica Dominicana por&nbsp;la Empresa \u00c1lvarez &amp; S\u00e1nchez.<\/p>\n\n\n\n<figure class=\"wp-block-image size-large\"><img loading=\"lazy\" decoding=\"async\" width=\"819\" height=\"1024\" src=\"https:\/\/diariodominicano.com\/wp-content\/uploads\/2023\/08\/Foto-3-Dra.-Laura-Catena-cuarta-generacion-de-viticultores-y-directora-ejecutiva-de-Catena-Zapata-mostrando-con-alegria-su-galardon-819x1024.jpg\" alt=\"\" class=\"wp-image-460759\" srcset=\"https:\/\/diariodominicano.com\/wp-content\/uploads\/2023\/08\/Foto-3-Dra.-Laura-Catena-cuarta-generacion-de-viticultores-y-directora-ejecutiva-de-Catena-Zapata-mostrando-con-alegria-su-galardon-819x1024.jpg 819w, https:\/\/diariodominicano.com\/wp-content\/uploads\/2023\/08\/Foto-3-Dra.-Laura-Catena-cuarta-generacion-de-viticultores-y-directora-ejecutiva-de-Catena-Zapata-mostrando-con-alegria-su-galardon-240x300.jpg 240w, https:\/\/diariodominicano.com\/wp-content\/uploads\/2023\/08\/Foto-3-Dra.-Laura-Catena-cuarta-generacion-de-viticultores-y-directora-ejecutiva-de-Catena-Zapata-mostrando-con-alegria-su-galardon-768x960.jpg 768w, https:\/\/diariodominicano.com\/wp-content\/uploads\/2023\/08\/Foto-3-Dra.-Laura-Catena-cuarta-generacion-de-viticultores-y-directora-ejecutiva-de-Catena-Zapata-mostrando-con-alegria-su-galardon-1229x1536.jpg 1229w, https:\/\/diariodominicano.com\/wp-content\/uploads\/2023\/08\/Foto-3-Dra.-Laura-Catena-cuarta-generacion-de-viticultores-y-directora-ejecutiva-de-Catena-Zapata-mostrando-con-alegria-su-galardon-816x1020.jpg 816w, https:\/\/diariodominicano.com\/wp-content\/uploads\/2023\/08\/Foto-3-Dra.-Laura-Catena-cuarta-generacion-de-viticultores-y-directora-ejecutiva-de-Catena-Zapata-mostrando-con-alegria-su-galardon.jpg 1600w\" sizes=\"auto, (max-width: 819px) 100vw, 819px\" \/><figcaption>Dra. Laura Catena, cuarta generaci\u00f3n de viticultores y directora ejecutiva de Catena Zapata, mostrando conalegr\u00eda su galard\u00f3n<\/figcaption><\/figure>\n\n\n\n<p>La ceremonia de entrega de premios para m\u00e1s de 125 l\u00edderes del mundo del vino tuvo lugar en La Rioja, Espa\u00f1a, distinguiendo a los vi\u00f1edos m\u00e1s finos y diversos a visitar a nivel mundial.<\/p>\n\n\n\n<p>Fue fundada en 1902, es la bodega familiar m\u00e1s antigua de Argentina, conocida por su rol pionero en el renacimiento de la variedad Malbec. La familia Catena tiene m\u00e1s vinos de 100-puntos que cualquier otra bodega de Sudam\u00e9rica, y su Vi\u00f1edo Adrianna, a 1,500 metros de altura es reconocido como el \u201cGrand Cru de Sudam\u00e9rica\u201d.<\/p>\n\n\n\n<p>La Dra. Laura Catena, cuarta generaci\u00f3n de viticultores y directora ejecutiva de Catena Zapata, recibi\u00f3 la distinci\u00f3n durante el evento. Tim Atkin MW, anfitri\u00f3n de la ceremonia, coment\u00f3:&nbsp;<em>\u201cBodega Catena Zapata es una fuerza que ha marcado el camino de la vitivinicultura argentina. Una bodega que ha ejercido un rol esencial en el resurgimiento del Malbec, empujando los vi\u00f1edos de Mendoza hacia nuevas alturas al pie de los Andes y estudiando en profundidad los diversos terroirs del pa\u00eds. La familia incluso fund\u00f3 el Catena Institute of Wine para examinar cient\u00edficamente cada parcela de los suelos, con sus rocas y microorganismos y sus efectos sobre la vid\u201d.<\/em><\/p>\n\n\n\n<figure class=\"wp-block-table\"><table><tbody><tr><td>Laura aceptando el premio de Catena Zapata como la Bodega N\u00b01 de World\u2019s Best Vineyard: \u201cAl elevar la calidad del vino argentino, creo que puedo ayudar a cientos de millones de personas en mi regi\u00f3n\u201d&nbsp;&nbsp;<\/td><\/tr><\/tbody><\/table><\/figure>\n\n\n\n<figure class=\"wp-block-table\"><table><tbody><tr><td><\/td><\/tr><tr><td>&nbsp;Emocionada ante la distinci\u00f3n, la&nbsp;Dra. Laura Catena&nbsp;expres\u00f3:&nbsp;<em>\u201cMe he quedado sin palabras. Qu\u00e9 honor tan inmenso y reconocimiento para la visi\u00f3n que tuvo mi padre, hace 30 a\u00f1os, de elaborar vinos argentinos que pudieran competir con los mejores del mundo. Un reconocimiento para nuestra familia y para todo el equipo que trabaja con tanta dedicaci\u00f3n en Catena \u2013 los del pasado, los del presente y los del futuro. Es tan lindo ver tantas bodegas argentinas en el Top 50. \u201cFelicitaciones a todos los ganadores\u201d<\/em>&nbsp;<br><br>La estructura de premios es similar a la forma en que se seleccionan los 50 mejores restaurantes del mundo. Una academia de votaci\u00f3n global incluye presidentes de 22 regiones geogr\u00e1ficas; cada uno de ellos recluta un panel de unos 36 expertos an\u00f3nimos en vinos y viajes. Los m\u00e1s de 500 jueces nominan hasta siete vi\u00f1edos de destino que han visitado personalmente en los \u00faltimos dos a\u00f1os. <br><br>Los votos se cuentan y organizan, el vi\u00f1edo con m\u00e1s votos se convierte en el n\u00famero 1.&nbsp;Fotograf\u00edas:&nbsp;Foto 1 Dra. Laura Catena, cuarta generaci\u00f3n de viticultores y directora ejecutiva de Catena Zapata&nbsp;Foto 2 Catena Zapata, una obra de arte inspirada en los Mayas&nbsp;Foto 3 Dra. Laura Catena, cuarta generaci\u00f3n de viticultores y directora ejecutiva de Catena Zapata, mostrando conalegr\u00eda su galard\u00f3n&nbsp;Foto 4&nbsp;Fotograf\u00eda&nbsp;grupal participantes en el&nbsp;&nbsp;World&#8217;s Best Vineyards&nbsp;&nbsp;2023&nbsp;Foto 5 Listado de los 50 ganadores&nbsp;&nbsp;en el World&#8217;s Best Vineyards \u2013 Square 2023<br><br> <strong> Rafael Reyes Bison\u00f3.&nbsp;&nbsp;E-mail:&nbsp;<\/strong><a rel=\"noreferrer noopener\" href=\"mailto:rafaelreyesbisono@hotmail.com\" target=\"_blank\">rafaelreyesbisono@hotmail.com<\/a> <\/td><\/tr><\/tbody><\/table><\/figure>\n","protected":false},"excerpt":{"rendered":"<p>Dra. Laura Catena, cuarta generaci\u00f3n de viticultores y directora ejecutiva de Catena Zapata. Distribuido en Rep\u00fablica Dominicana por la Empresa \u00c1lvarez &amp; S\u00e1nchez Rafael Reyes Bison\u00f3 Espa\u00f1a, viernes 4 agosto del 2023. La Bodega y vi\u00f1edo&nbsp;Catena Zapata se&nbsp;le ha otorgado el premio al vi\u00f1edo n\u00famero 1 del mundo de acuerdo a World&#8217;s Best Vineyards 2023; [&hellip;]<\/p>\n","protected":false},"author":28,"featured_media":460764,"comment_status":"closed","ping_status":"","sticky":true,"template":"","format":"standard","meta":{"footnotes":""},"categories":[36,18,25,27,32],"tags":[],"class_list":["post-460756","post","type-post","status-publish","format-standard","has-post-thumbnail","hentry","category-hombresmujeresycosas","category-economia","category-gente","category-portada","category-turismo"],"_links":{"self":[{"href":"https:\/\/diariodominicano.com\/index.php?rest_route=\/wp\/v2\/posts\/460756","targetHints":{"allow":["GET"]}}],"collection":[{"href":"https:\/\/diariodominicano.com\/index.php?rest_route=\/wp\/v2\/posts"}],"about":[{"href":"https:\/\/diariodominicano.com\/index.php?rest_route=\/wp\/v2\/types\/post"}],"author":[{"embeddable":true,"href":"https:\/\/diariodominicano.com\/index.php?rest_route=\/wp\/v2\/users\/28"}],"replies":[{"embeddable":true,"href":"https:\/\/diariodominicano.com\/index.php?rest_route=%2Fwp%2Fv2%2Fcomments&post=460756"}],"version-history":[{"count":6,"href":"https:\/\/diariodominicano.com\/index.php?rest_route=\/wp\/v2\/posts\/460756\/revisions"}],"predecessor-version":[{"id":460766,"href":"https:\/\/diariodominicano.com\/index.php?rest_route=\/wp\/v2\/posts\/460756\/revisions\/460766"}],"wp:featuredmedia":[{"embeddable":true,"href":"https:\/\/diariodominicano.com\/index.php?rest_route=\/wp\/v2\/media\/460764"}],"wp:attachment":[{"href":"https:\/\/diariodominicano.com\/index.php?rest_route=%2Fwp%2Fv2%2Fmedia&parent=460756"}],"wp:term":[{"taxonomy":"category","embeddable":true,"href":"https:\/\/diariodominicano.com\/index.php?rest_route=%2Fwp%2Fv2%2Fcategories&post=460756"},{"taxonomy":"post_tag","embeddable":true,"href":"https:\/\/diariodominicano.com\/index.php?rest_route=%2Fwp%2Fv2%2Ftags&post=460756"}],"curies":[{"name":"wp","href":"https:\/\/api.w.org\/{rel}","templated":true}]}}