{"id":460661,"date":"2023-08-04T00:14:46","date_gmt":"2023-08-04T04:14:46","guid":{"rendered":"http:\/\/diariodominicano.com\/?p=460661"},"modified":"2023-08-04T00:14:46","modified_gmt":"2023-08-04T04:14:46","slug":"precinto-34-oficiales-electos-y-la-comunidad-se-reunen-en-el-alto-manhattan","status":"publish","type":"post","link":"https:\/\/diariodominicano.com\/?p=460661","title":{"rendered":"Precinto 34, oficiales electos y la comunidad se re\u00fanen en el Alto Manhattan"},"content":{"rendered":"\n<p><strong>Video:&nbsp;<\/strong><a href=\"https:\/\/www.youtube.com\/watch?v=GYXoPDkjEok\" rel=\"noreferrer noopener\" target=\"_blank\">https:\/\/www.youtube.com\/watch?v=GYXoPDkjEok<\/a><\/p>\n\n\n\n<p><strong>Por Ram\u00f3n Mercedes<\/strong><\/p>\n\n\n\n<p><strong>NUEVA YORK.-<\/strong>&nbsp;Residentes en los sectores de Washington Heights e Inwood, en el Alto Manhattan, sostuvieron un encuentro este martes con la polic\u00eda del precinto 34 y oficiales electos del \u00e1rea, &nbsp;quienes expresaron orientaci\u00f3n sobre seguridad, el crimen, robos y asaltos, entre otros actos delictivos, a cientos de habitantes de diferentes etnias.<\/p>\n\n\n\n<p>Al mismo, efectuado en el parque p\u00fablico ubicado en Broadway con Dyckman, asistieron unas 300, entre adultos, j\u00f3venes y ni\u00f1os que disfrutaron de variadas comidas, bebidas gaseosas, m\u00fasica y se rifaron m\u00faltiples art\u00edculos.<\/p>\n\n\n\n<p>El evento se inici\u00f3 a las 4:00 la tarde hasta las 7:00 de la noche, y estuvo presidido por el Comisionado de Transporte (DOT), Ydanis Rodr\u00edguez, el asamble\u00edsta Manny de los Santos (D-72), la concejal Carmen de la Rosa (D-10), y el inspector policial del cuartel 34, Aneudis Castillo.&nbsp;Todos dominicanos.<\/p>\n\n\n\n<p>Por su parte, el comisionado Rodr\u00edguez sostuvo: \u201cPara nosotros lo m\u00e1s importante es que hay un equipo de polic\u00edas muy importante como garant\u00eda en esta comunidad, y el alcalde Eric Adams, puede estar seguro que tiene oficiales que saben construir relaci\u00f3n entre la uniformada y la comunidad\u201d.<\/p>\n\n\n\n<p>\u201cPero tambi\u00e9n la comunidad ha aprendido a valorizar la polic\u00eda. Hoy vemos que hombres, mujeres y ni\u00f1os en esta comunidad saben que la presencia de la polic\u00eda en la calle es garant\u00eda para que ellos est\u00e9n seguros\u201d.<\/p>\n\n\n\n<p>\u201cLos oficiales tambi\u00e9n saben que la comunidad lo desea y apoya. Este vecindario bajo este liderazgo policial, con el apoyo del alcalde Adams, convirti\u00e9ndose en el segundo lugar que ha mejorado m\u00e1s la seguridad en NYC por esta gran relaci\u00f3n\u201d.<\/p>\n\n\n\n<p>El comandante del precinto 34, Aneudis Castillo, expres\u00f3 \u201ces importante para celebrar la uni\u00f3n entre la comunidad y la polic\u00eda, una oportunidad para reafirmar el compromiso que hemos hecho para mantener la seguridad p\u00fablica en esta comunidad, y para seguir luchando contra la violencia y el crimen\u201d.<\/p>\n\n\n\n<p>Exhort\u00f3 a los residentes que, si notan algo, sospechan de alg\u00fan crimen, asalto o robo, que no vacilen en llamar al 911 para la uniformada prestarle en minutos la protecci\u00f3n necesaria y combatir el crimen.<\/p>\n\n\n\n<p>El asamble\u00edsta De los Santos indic\u00f3: \u201ctodos los a\u00f1os celebramos el d\u00eda nacional en contra del crimen, junto al departamento de polic\u00eda, el congresista Adriano Espaillat, dem\u00e1s oficiales electos, y l\u00edderes comunitarios. Entendemos la gran importancia de trabajar mano a mano con la uniformada\u201d, expres\u00f3.<\/p>\n\n\n\n<p>Mientras, De la Rosa expres\u00f3: \u201cestamos celebrando con nuestros colaboradores, el departamento de la polic\u00eda, con toda una comunidad para que est\u00e9 seguridad, limpia y saludable, y hoy celebramos en unidad el progreso de nuestra comunidad\u201d.<\/p>\n\n\n\n<p>\u201cEsta celebraci\u00f3n es una campa\u00f1a anual que promueve alianzas entre la polic\u00eda y la comunidad para ayudar a que nuestros vecindarios sean m\u00e1s seguros y cuenten con m\u00e1s lugares para vivir\u201d.&nbsp;En NYC se efectu\u00f3 en los 77 precintos existentes.<\/p>\n","protected":false},"excerpt":{"rendered":"<p>Video:&nbsp;https:\/\/www.youtube.com\/watch?v=GYXoPDkjEok Por Ram\u00f3n Mercedes NUEVA YORK.-&nbsp;Residentes en los sectores de Washington Heights e Inwood, en el Alto Manhattan, sostuvieron un encuentro este martes con la polic\u00eda del precinto 34 y oficiales electos del \u00e1rea, &nbsp;quienes expresaron orientaci\u00f3n sobre seguridad, el crimen, robos y asaltos, entre otros actos delictivos, a cientos de habitantes de diferentes etnias. [&hellip;]<\/p>\n","protected":false},"author":28,"featured_media":460662,"comment_status":"closed","ping_status":"","sticky":true,"template":"","format":"standard","meta":{"footnotes":""},"categories":[29,27],"tags":[],"class_list":["post-460661","post","type-post","status-publish","format-standard","has-post-thumbnail","hentry","category-policiasucesos","category-portada"],"_links":{"self":[{"href":"https:\/\/diariodominicano.com\/index.php?rest_route=\/wp\/v2\/posts\/460661","targetHints":{"allow":["GET"]}}],"collection":[{"href":"https:\/\/diariodominicano.com\/index.php?rest_route=\/wp\/v2\/posts"}],"about":[{"href":"https:\/\/diariodominicano.com\/index.php?rest_route=\/wp\/v2\/types\/post"}],"author":[{"embeddable":true,"href":"https:\/\/diariodominicano.com\/index.php?rest_route=\/wp\/v2\/users\/28"}],"replies":[{"embeddable":true,"href":"https:\/\/diariodominicano.com\/index.php?rest_route=%2Fwp%2Fv2%2Fcomments&post=460661"}],"version-history":[{"count":1,"href":"https:\/\/diariodominicano.com\/index.php?rest_route=\/wp\/v2\/posts\/460661\/revisions"}],"predecessor-version":[{"id":460663,"href":"https:\/\/diariodominicano.com\/index.php?rest_route=\/wp\/v2\/posts\/460661\/revisions\/460663"}],"wp:featuredmedia":[{"embeddable":true,"href":"https:\/\/diariodominicano.com\/index.php?rest_route=\/wp\/v2\/media\/460662"}],"wp:attachment":[{"href":"https:\/\/diariodominicano.com\/index.php?rest_route=%2Fwp%2Fv2%2Fmedia&parent=460661"}],"wp:term":[{"taxonomy":"category","embeddable":true,"href":"https:\/\/diariodominicano.com\/index.php?rest_route=%2Fwp%2Fv2%2Fcategories&post=460661"},{"taxonomy":"post_tag","embeddable":true,"href":"https:\/\/diariodominicano.com\/index.php?rest_route=%2Fwp%2Fv2%2Ftags&post=460661"}],"curies":[{"name":"wp","href":"https:\/\/api.w.org\/{rel}","templated":true}]}}