{"id":460606,"date":"2023-08-03T20:04:47","date_gmt":"2023-08-04T00:04:47","guid":{"rendered":"http:\/\/diariodominicano.com\/?p=460606"},"modified":"2023-08-05T11:45:57","modified_gmt":"2023-08-05T15:45:57","slug":"ministro-de-interior-y-policia-asegura-seran-cancelados-agentes-resulten-responsables-en-operacion-gavilan","status":"publish","type":"post","link":"https:\/\/diariodominicano.com\/?p=460606","title":{"rendered":"Ministro de Interior y Polic\u00eda asegura \u00a0ser\u00e1n cancelados \u00a0agentes \u00a0resulten responsables en operaci\u00f3n Gavil\u00e1n"},"content":{"rendered":"\n<p><strong>V\u00e1squez Mart\u00ednez proclam\u00f3 que con el cuerpo de orden trabajan por la seguridad de Rep\u00fablica Dominicana.<\/strong><\/p>\n\n\n\n<p><br>El ministro de Interior y Polic\u00eda, Jes\u00fas V\u00e1squez Mart\u00ednez, asegur\u00f3 que ser\u00e1n cancelados los agentes que resulten culpables en la operaci\u00f3n Gavil\u00e1n que ejecuta la Procuradur\u00eda General de la Rep\u00fablica contra una supuesta red imputada de eliminar expedientes a delincuentes.<\/p>\n\n\n\n<p><br>Garantiz\u00f3 que el Consejo Superior Policial, lo mismo que en otros casos, separar\u00e1 de las filas a los miembros que de acuerdo con las investigaciones hayan incurrido en actos indecorosos.<\/p>\n\n\n\n<p><br>V\u00e1squez Mart\u00ednez respondi\u00f3 a preguntas de periodistas, luego de asistir al acto de rendici\u00f3n de cuentas del presidente del Senado, Eduardo Estrella, donde tambi\u00e9n asegur\u00f3 que la reforma policial avanza en favor de la seguridad ciudadana.<\/p>\n\n\n\n<figure class=\"wp-block-image size-large\"><img loading=\"lazy\" decoding=\"async\" width=\"1024\" height=\"655\" src=\"https:\/\/diariodominicano.com\/wp-content\/uploads\/2023\/08\/MIP-declaraciones-visita-senado-Agosto-2023-1-1-1024x655.jpeg\" alt=\"\" class=\"wp-image-460611\" srcset=\"https:\/\/diariodominicano.com\/wp-content\/uploads\/2023\/08\/MIP-declaraciones-visita-senado-Agosto-2023-1-1-1024x655.jpeg 1024w, https:\/\/diariodominicano.com\/wp-content\/uploads\/2023\/08\/MIP-declaraciones-visita-senado-Agosto-2023-1-1-300x192.jpeg 300w, https:\/\/diariodominicano.com\/wp-content\/uploads\/2023\/08\/MIP-declaraciones-visita-senado-Agosto-2023-1-1-768x492.jpeg 768w, https:\/\/diariodominicano.com\/wp-content\/uploads\/2023\/08\/MIP-declaraciones-visita-senado-Agosto-2023-1-1-1536x983.jpeg 1536w, https:\/\/diariodominicano.com\/wp-content\/uploads\/2023\/08\/MIP-declaraciones-visita-senado-Agosto-2023-1-1-816x522.jpeg 816w, https:\/\/diariodominicano.com\/wp-content\/uploads\/2023\/08\/MIP-declaraciones-visita-senado-Agosto-2023-1-1.jpeg 1600w\" sizes=\"auto, (max-width: 1024px) 100vw, 1024px\" \/><figcaption>El ministro de Interior y Polic\u00eda  responde preguntas de periodistas.<\/figcaption><\/figure>\n\n\n\n<p><br>Afirm\u00f3 que  el Ministerio de Interior y Polic\u00eda y la Polic\u00eda Nacional, trabajan de forma permanente en todo el pa\u00eds, con el objetivo de contrarrestar la delincuencia y actos violentos <\/p>\n\n\n\n<figure class=\"wp-block-embed is-type-video is-provider-youtube wp-block-embed-youtube wp-embed-aspect-16-9 wp-has-aspect-ratio\"><div class=\"wp-block-embed__wrapper\">\n<iframe loading=\"lazy\" title=\"Ministro de Interior y Polic\u00eda &quot;Ser\u00e1n cancelados agentes resulten responsables en operaci\u00f3n Gavil\u00e1n&quot;\" width=\"616\" height=\"347\" src=\"https:\/\/www.youtube.com\/embed\/4X29dAzMEMs?feature=oembed\" frameborder=\"0\" allow=\"accelerometer; autoplay; clipboard-write; encrypted-media; gyroscope; picture-in-picture; web-share\" referrerpolicy=\"strict-origin-when-cross-origin\" allowfullscreen><\/iframe>\n<\/div><\/figure>\n\n\n\n<p>Prensa Interior<a rel=\"noreferrer noopener\" target=\"_blank\" href=\"mailto:prensainterior@mip.gob.do\">prensainterior@mip.gob.do<\/a><\/p>\n\n\n\n<p><strong>Direcci\u00f3n de Comunicaciones&nbsp;<\/strong><\/p>\n","protected":false},"excerpt":{"rendered":"<p>V\u00e1squez Mart\u00ednez proclam\u00f3 que con el cuerpo de orden trabajan por la seguridad de Rep\u00fablica Dominicana. El ministro de Interior y Polic\u00eda, Jes\u00fas V\u00e1squez Mart\u00ednez, asegur\u00f3 que ser\u00e1n cancelados los agentes que resulten culpables en la operaci\u00f3n Gavil\u00e1n que ejecuta la Procuradur\u00eda General de la Rep\u00fablica contra una supuesta red imputada de eliminar expedientes a [&hellip;]<\/p>\n","protected":false},"author":28,"featured_media":460609,"comment_status":"closed","ping_status":"","sticky":true,"template":"","format":"standard","meta":{"footnotes":""},"categories":[29,27],"tags":[],"class_list":["post-460606","post","type-post","status-publish","format-standard","has-post-thumbnail","hentry","category-policiasucesos","category-portada"],"_links":{"self":[{"href":"https:\/\/diariodominicano.com\/index.php?rest_route=\/wp\/v2\/posts\/460606","targetHints":{"allow":["GET"]}}],"collection":[{"href":"https:\/\/diariodominicano.com\/index.php?rest_route=\/wp\/v2\/posts"}],"about":[{"href":"https:\/\/diariodominicano.com\/index.php?rest_route=\/wp\/v2\/types\/post"}],"author":[{"embeddable":true,"href":"https:\/\/diariodominicano.com\/index.php?rest_route=\/wp\/v2\/users\/28"}],"replies":[{"embeddable":true,"href":"https:\/\/diariodominicano.com\/index.php?rest_route=%2Fwp%2Fv2%2Fcomments&post=460606"}],"version-history":[{"count":5,"href":"https:\/\/diariodominicano.com\/index.php?rest_route=\/wp\/v2\/posts\/460606\/revisions"}],"predecessor-version":[{"id":461019,"href":"https:\/\/diariodominicano.com\/index.php?rest_route=\/wp\/v2\/posts\/460606\/revisions\/461019"}],"wp:featuredmedia":[{"embeddable":true,"href":"https:\/\/diariodominicano.com\/index.php?rest_route=\/wp\/v2\/media\/460609"}],"wp:attachment":[{"href":"https:\/\/diariodominicano.com\/index.php?rest_route=%2Fwp%2Fv2%2Fmedia&parent=460606"}],"wp:term":[{"taxonomy":"category","embeddable":true,"href":"https:\/\/diariodominicano.com\/index.php?rest_route=%2Fwp%2Fv2%2Fcategories&post=460606"},{"taxonomy":"post_tag","embeddable":true,"href":"https:\/\/diariodominicano.com\/index.php?rest_route=%2Fwp%2Fv2%2Ftags&post=460606"}],"curies":[{"name":"wp","href":"https:\/\/api.w.org\/{rel}","templated":true}]}}