{"id":460527,"date":"2023-08-03T16:33:49","date_gmt":"2023-08-03T20:33:49","guid":{"rendered":"http:\/\/diariodominicano.com\/?p=460527"},"modified":"2023-08-03T17:27:39","modified_gmt":"2023-08-03T21:27:39","slug":"pn-apresa-dos-hombres-en-santiago-por-posesion-de-armas-ilegales","status":"publish","type":"post","link":"https:\/\/diariodominicano.com\/?p=460527","title":{"rendered":"PN apresa dos hombres en Santiago por posesi\u00f3n de armas ilegales"},"content":{"rendered":"\n<p><strong>Les ocupan dos pistolas<\/strong>.<\/p>\n\n\n\n<p><\/p>\n\n\n\n<p><strong>Santiago de los Caballeros, RD, 3 de Agosto 2023.-<\/strong>&nbsp;Dos hombres fueron apresados por agentes de la Polic\u00eda Preventiva, ocup\u00e1ndoles igual n\u00famero de armas de fuego, portada sin ning\u00fan tipo de documentaci\u00f3n legal, mediante labores de operatividad en ciudad Santiago.<\/p>\n\n\n\n<p>Uno de los apresados es  Aneudis Nicol\u00e1s V\u00e9lez Arias, de 26 a\u00f1os de edad, detenido mientras se encontraba en el sector Los Jardines a bordo de su veh\u00edculo, quien al ser requisado, se le ocup\u00f3 la pistola marca Bersa, calibre 9, serie 755282, con un cargador y dos c\u00e1psulas.<\/p>\n\n\n\n<p>Tambi\u00e9n fue arrestado&nbsp; en la terminal del Aeropuerto Internacional Cibao, Pablo Paulino Ulloa Brito, de 47 a\u00f1os, quien al ser registrado, le fue ocupada la pistola marca Bersa, calibre 9, serie 661296, con un cargador y 12 municiones.<\/p>\n\n\n\n<p>Los detenidos y las armas de fuego ocupadas se encuentran bajo el control del Ministerio P\u00fablico para los fines legales correspondientes.<\/p>\n\n\n\n<p>policia nacional<a target=\"_blank\" href=\"mailto:npolicia14@gmail.com\" rel=\"noreferrer noopener\">npolicia14@gmail.com<\/a><\/p>\n\n\n\n<p><strong>OFICINA DE INFORMACI\u00d3N Y COMUNICACIONES ESTRAT\u00c9GICAS DE LA POLIC\u00cdA NACIONAL DIRECCI\u00d3N REGIONAL CIBAO CENTRAL<\/strong><strong>.<\/strong><\/p>\n","protected":false},"excerpt":{"rendered":"<p>Les ocupan dos pistolas. Santiago de los Caballeros, RD, 3 de Agosto 2023.-&nbsp;Dos hombres fueron apresados por agentes de la Polic\u00eda Preventiva, ocup\u00e1ndoles igual n\u00famero de armas de fuego, portada sin ning\u00fan tipo de documentaci\u00f3n legal, mediante labores de operatividad en ciudad Santiago. Uno de los apresados es Aneudis Nicol\u00e1s V\u00e9lez Arias, de 26 a\u00f1os [&hellip;]<\/p>\n","protected":false},"author":28,"featured_media":460533,"comment_status":"closed","ping_status":"","sticky":true,"template":"","format":"standard","meta":{"footnotes":""},"categories":[24,29,27],"tags":[],"class_list":["post-460527","post","type-post","status-publish","format-standard","has-post-thumbnail","hentry","category-justicia-y-derecho","category-policiasucesos","category-portada"],"_links":{"self":[{"href":"https:\/\/diariodominicano.com\/index.php?rest_route=\/wp\/v2\/posts\/460527","targetHints":{"allow":["GET"]}}],"collection":[{"href":"https:\/\/diariodominicano.com\/index.php?rest_route=\/wp\/v2\/posts"}],"about":[{"href":"https:\/\/diariodominicano.com\/index.php?rest_route=\/wp\/v2\/types\/post"}],"author":[{"embeddable":true,"href":"https:\/\/diariodominicano.com\/index.php?rest_route=\/wp\/v2\/users\/28"}],"replies":[{"embeddable":true,"href":"https:\/\/diariodominicano.com\/index.php?rest_route=%2Fwp%2Fv2%2Fcomments&post=460527"}],"version-history":[{"count":7,"href":"https:\/\/diariodominicano.com\/index.php?rest_route=\/wp\/v2\/posts\/460527\/revisions"}],"predecessor-version":[{"id":460566,"href":"https:\/\/diariodominicano.com\/index.php?rest_route=\/wp\/v2\/posts\/460527\/revisions\/460566"}],"wp:featuredmedia":[{"embeddable":true,"href":"https:\/\/diariodominicano.com\/index.php?rest_route=\/wp\/v2\/media\/460533"}],"wp:attachment":[{"href":"https:\/\/diariodominicano.com\/index.php?rest_route=%2Fwp%2Fv2%2Fmedia&parent=460527"}],"wp:term":[{"taxonomy":"category","embeddable":true,"href":"https:\/\/diariodominicano.com\/index.php?rest_route=%2Fwp%2Fv2%2Fcategories&post=460527"},{"taxonomy":"post_tag","embeddable":true,"href":"https:\/\/diariodominicano.com\/index.php?rest_route=%2Fwp%2Fv2%2Ftags&post=460527"}],"curies":[{"name":"wp","href":"https:\/\/api.w.org\/{rel}","templated":true}]}}