{"id":46048,"date":"2019-02-03T21:28:17","date_gmt":"2019-02-03T21:28:17","guid":{"rendered":"http:\/\/diariodominicano.ddns.net\/?p=46048"},"modified":"2019-02-03T21:28:17","modified_gmt":"2019-02-03T21:28:17","slug":"metas-exigidas-por-el-2019-a-ti-y-a-las-familias-dominicanas","status":"publish","type":"post","link":"https:\/\/diariodominicano.com\/?p=46048","title":{"rendered":"&#13;Metas exigidas por el 2019  a t\u00ed y a las familias dominicanas"},"content":{"rendered":"<p><body><\/p>\n<p><strong>Por: Dr. Ys\u00f3crates Andr\u00e9s Pe\u00f1a Reyes<\/strong><\/p>\n<\/p>\n<\/p>\n<p>En sus lineamientos estrat\u00e9gicos para el a\u00f1o 2019 en torno al correcto encauzamiento del desarrollo de nuestra naci\u00f3n, el Consejo  Regional de Desarrollo, Inc. (CRD) enmarca como tarea prioritaria, que quienes conformamos la sociedad dominicana, redefinamos en su mayor plenitud, nuestros roles y responsabilidades sociales en nuestras familias y en las dem\u00e1s instituciones que ellas inciden, para hacer de \u00e9stas columnas que impulsen con eficiencia los cambios que urgimos de cara al presente y el futuro.<\/p>\n<p>Metas que visualiza su concretizaci\u00f3n, tomando como punto primordial, asumir en un alto grado y valor, la obligaci\u00f3n de comprender que constituye un  principio capital, que los valores se viven en casa  y que se transmiten a los dem\u00e1s como una forma natural de vida, es decir, dando ejemplo, siendo primordial,  la acci\u00f3n de los padres, a fin de que los ni\u00f1os y los j\u00f3venes, reciban verdaderas lecciones de c\u00f3mo practicarlos, en su mayor dimensi\u00f3n y expresi\u00f3n. <\/p>\n<p>A lo que agrega como complemento vital, que si cierto es que corresponde a los padres la responsabilidad de formar y educar a los hijos, estos \u00faltimos no quedan exentos, de los roles que deben asumir en pro de una sociedad mejor, sobretodo, por depender sus \u00e9xitos, de valores que se aprenden en casa y se perfeccionan a lo largo de la vida, seg\u00fan la experiencia y la intenci\u00f3n personal de cada ciudadana o ciudadano.<\/p>\n<\/p>\n<p><strong>Lineamientos que traza el CRD:<\/strong><\/p>\n<\/p>\n<p>Para el \u00e9xito del cometido propuesto, como parte de los lineamientos a seguir, el CRD estima indispensable aumentar los niveles educativos y concientizaci\u00f3n en nuestros hogares, para entender a  profundidad, que el valor de las familias se reconoce y asimila, cuando cada uno de sus miembros asume con responsabilidad y conciencia, el papel que les ha tocado desempe\u00f1ar dentro de ellas, procurando no s\u00f3lo el bienestar propio, sino tambi\u00e9n del conglomerado social del que se forma parte.<\/p>\n<p>Criterio que importantiza, al verlo como palanca de la erradicaci\u00f3n en los n\u00facleos familiares de las grav\u00edsimas repercusiones que ha engendrado la pr\u00e1ctica enfermiza del ego\u00edsmo y los sectarismos, as\u00ed como tambi\u00e9n, para hacer posible a trav\u00e9s de la pr\u00e1ctica de la vocaci\u00f3n de bien y amor por el pr\u00f3jimo, cultivar y propulsar los cambios que estamos obligados a motorizar e implementar.<\/p>\n<p>Contempla pues, que las familias deben soportarse en la insustituible presencia f\u00edsica, mental y espiritual de las personas en el hogar, con plena disponibilidad al di\u00e1logo y a la convivencia, teniendo por enlace un esfuerzo consolidado destinado a solidez  de  los valores en la persona misma, para que por su  intermediaci\u00f3n se  transfieran y ense\u00f1en  a las  presentes y futuras generaciones.<\/p>\n<p>Cometidos estos por su relevancia, para el Consejo Regional de Desarrollo, Inc. (CRD) convocan a los dominicanos y dominicanas, darle en el transcurso del presente a\u00f1o, un id\u00f3neo orden y prioridad a sus obligaciones sociales,  reforzando  las tareas y responsabilidades que deben asumir en la vigilancia y control de  las familias, del Estado y las diversas instituciones, a fin de procurarle a nuestra naci\u00f3n, un mejor trayecto tras de una sociedad sustentada en valores y en la paz sustentable.<\/p>\n<p><strong>El autor es:<\/strong><\/p>\n<\/p>\n<p>Dr. Ys\u00f3crates Andr\u00e9s Pe\u00f1a Reyes, Director General del Consejo Regional de Desarrollo (CRD), Abogado y Polit\u00f3logo.- Tel.809-244-5496.- Correo: crdnordeste@yahoo.es.  San Francisco de Macor\u00eds. RD.<\/p>\n<\/p>\n<\/p>\n<\/p>\n<h6> 2019-02-03 21:28:17 <\/h6>\n<p><!--\n<link rel=\"stylesheet\" href=\"css\/bootstrap.min.css\">\n\n\n<ul class=\"pagination\">\n\t    \n\t\n\n<li >\n\t<a href='?page_no=869'>Previous<\/a>\n\t<\/li>\n\n\n       \n    \n\n<li><a href='?page_no=1'>1<\/a><\/li>\n\n\n\n<li><a href='?page_no=2'>2<\/a><\/li>\n\n\n\n<li><a>...<\/a><\/li>\n\n\n\n<li><a href='?page_no=868'>868<\/a><\/li>\n\n\n\n<li><a href='?page_no=869'>869<\/a><\/li>\n\n\n\n<li class='active'><a>870<\/a><\/li>\n\n\n\n<li><a href='?page_no=871'>871<\/a><\/li>\n\n\n\n<li><a href='?page_no=872'>872<\/a><\/li>\n\n\n\n<li><a>...<\/a><\/li>\n\n\n\n<li><a href='?page_no=13611'>13611<\/a><\/li>\n\n\n\n<li><a href='?page_no=13612'>13612<\/a><\/li>\n\n    \n\t\n\n<li >\n\t<a href='?page_no=871'>Next<\/a>\n\t<\/li>\n\n\n    \n\n<li><a href='?page_no=13612'>Last &rsaquo;&rsaquo;<\/a><\/li>\n\n<\/ul>\n\n\n--><br \/>\n<\/body><\/p>\n","protected":false},"excerpt":{"rendered":"<p>Por: Dr. Ys\u00f3crates Andr\u00e9s Pe\u00f1a Reyes En sus lineamientos estrat\u00e9gicos para el a\u00f1o 2019 en torno al correcto encauzamiento del desarrollo de nuestra naci\u00f3n, el Consejo Regional de Desarrollo, Inc. (CRD) enmarca como tarea prioritaria, que quienes conformamos la sociedad dominicana, redefinamos en su mayor plenitud, nuestros roles y responsabilidades sociales en nuestras familias y [&hellip;]<\/p>\n","protected":false},"author":3,"featured_media":0,"comment_status":"open","ping_status":"open","sticky":false,"template":"","format":"standard","meta":{"footnotes":""},"categories":[16],"tags":[],"class_list":["post-46048","post","type-post","status-publish","format-standard","hentry","category-opiniones"],"_links":{"self":[{"href":"https:\/\/diariodominicano.com\/index.php?rest_route=\/wp\/v2\/posts\/46048","targetHints":{"allow":["GET"]}}],"collection":[{"href":"https:\/\/diariodominicano.com\/index.php?rest_route=\/wp\/v2\/posts"}],"about":[{"href":"https:\/\/diariodominicano.com\/index.php?rest_route=\/wp\/v2\/types\/post"}],"author":[{"embeddable":true,"href":"https:\/\/diariodominicano.com\/index.php?rest_route=\/wp\/v2\/users\/3"}],"replies":[{"embeddable":true,"href":"https:\/\/diariodominicano.com\/index.php?rest_route=%2Fwp%2Fv2%2Fcomments&post=46048"}],"version-history":[{"count":0,"href":"https:\/\/diariodominicano.com\/index.php?rest_route=\/wp\/v2\/posts\/46048\/revisions"}],"wp:attachment":[{"href":"https:\/\/diariodominicano.com\/index.php?rest_route=%2Fwp%2Fv2%2Fmedia&parent=46048"}],"wp:term":[{"taxonomy":"category","embeddable":true,"href":"https:\/\/diariodominicano.com\/index.php?rest_route=%2Fwp%2Fv2%2Fcategories&post=46048"},{"taxonomy":"post_tag","embeddable":true,"href":"https:\/\/diariodominicano.com\/index.php?rest_route=%2Fwp%2Fv2%2Ftags&post=46048"}],"curies":[{"name":"wp","href":"https:\/\/api.w.org\/{rel}","templated":true}]}}