{"id":460397,"date":"2023-08-03T00:48:26","date_gmt":"2023-08-03T04:48:26","guid":{"rendered":"http:\/\/diariodominicano.com\/?p=460397"},"modified":"2023-08-03T00:48:26","modified_gmt":"2023-08-03T04:48:26","slug":"taxista-mata-a-su-hijo-policia-en-el-bronx-y-luego-se-suicida-presuntamente-ambos-eran-dominicanos","status":"publish","type":"post","link":"https:\/\/diariodominicano.com\/?p=460397","title":{"rendered":"Taxista mata a su hijo polic\u00eda en El Bronx y luego se suicida; presuntamente ambos eran dominicanos"},"content":{"rendered":"\n<p><strong>Por Ram\u00f3n Mercedes<\/strong><\/p>\n\n\n\n<p><strong>NUEVA YORK.-<\/strong>&nbsp;Un oficial de la polic\u00eda de esta ciudad fue asesinado de un disparo en la cabeza por su padre, un ex taxista que luego se suicid\u00f3 de un balazo la tarde de este mi\u00e9rcoles en el apartamento que compart\u00edan en la zona de Soundview en El Bronx.<\/p>\n\n\n\n<p>Presuntamente ambos son dominicanos.&nbsp;El agente Alexis Mart\u00ednez, de 26 a\u00f1os, se desempe\u00f1aba como detective del departamento de narc\u00f3ticos en El Bronx, se encontraba durmiendo alrededor de la una de la tarde cuando su padre, a\u00fan no identificado, le dispar\u00f3 y luego se fue a su habitaci\u00f3n y se hizo un disparo a la cabeza, inform\u00f3 la Polic\u00eda.<\/p>\n\n\n\n<p>Los oficiales acudieron al edificio 1306 en la avenida Fteley en el vecindario de Soundview alrededor de las 12:30 del mediod\u00eda donde encontraron a los dos hombres con heridas en la cabeza. Ambos fueron declarados muertos en la escena.<\/p>\n\n\n\n<p>El incidente est\u00e1 siendo investigado como un posible homicidio-suicidio, seg\u00fan fuentes policiales. El arma encontrada en la escena pertenec\u00eda al agente, un veterano con 5 a\u00f1os en la fuerza del orden.<\/p>\n\n\n\n<p>Mart\u00ednez estudi\u00f3 en John Jay College, donde se especializ\u00f3 en justicia penal.<\/p>\n\n\n\n<p>Este d\u00eda se encontraba fuera de servicio y se supon\u00eda que en horas de la tarde participar\u00eda en un partido de b\u00e9isbol con el equipo de la Polic\u00eda del que era parte; pero al no aparecer, sus compa\u00f1eros acudieron a su vivienda, encontr\u00e1ndose con la escena.<\/p>\n\n\n\n<p>Un arma y varios casquillos de bala fueron recuperados en el lugar, dijo la uniformada.<\/p>\n","protected":false},"excerpt":{"rendered":"<p>Por Ram\u00f3n Mercedes NUEVA YORK.-&nbsp;Un oficial de la polic\u00eda de esta ciudad fue asesinado de un disparo en la cabeza por su padre, un ex taxista que luego se suicid\u00f3 de un balazo la tarde de este mi\u00e9rcoles en el apartamento que compart\u00edan en la zona de Soundview en El Bronx. Presuntamente ambos son dominicanos.&nbsp;El [&hellip;]<\/p>\n","protected":false},"author":28,"featured_media":460398,"comment_status":"closed","ping_status":"","sticky":true,"template":"","format":"standard","meta":{"footnotes":""},"categories":[29,27],"tags":[],"class_list":["post-460397","post","type-post","status-publish","format-standard","has-post-thumbnail","hentry","category-policiasucesos","category-portada"],"_links":{"self":[{"href":"https:\/\/diariodominicano.com\/index.php?rest_route=\/wp\/v2\/posts\/460397","targetHints":{"allow":["GET"]}}],"collection":[{"href":"https:\/\/diariodominicano.com\/index.php?rest_route=\/wp\/v2\/posts"}],"about":[{"href":"https:\/\/diariodominicano.com\/index.php?rest_route=\/wp\/v2\/types\/post"}],"author":[{"embeddable":true,"href":"https:\/\/diariodominicano.com\/index.php?rest_route=\/wp\/v2\/users\/28"}],"replies":[{"embeddable":true,"href":"https:\/\/diariodominicano.com\/index.php?rest_route=%2Fwp%2Fv2%2Fcomments&post=460397"}],"version-history":[{"count":1,"href":"https:\/\/diariodominicano.com\/index.php?rest_route=\/wp\/v2\/posts\/460397\/revisions"}],"predecessor-version":[{"id":460399,"href":"https:\/\/diariodominicano.com\/index.php?rest_route=\/wp\/v2\/posts\/460397\/revisions\/460399"}],"wp:featuredmedia":[{"embeddable":true,"href":"https:\/\/diariodominicano.com\/index.php?rest_route=\/wp\/v2\/media\/460398"}],"wp:attachment":[{"href":"https:\/\/diariodominicano.com\/index.php?rest_route=%2Fwp%2Fv2%2Fmedia&parent=460397"}],"wp:term":[{"taxonomy":"category","embeddable":true,"href":"https:\/\/diariodominicano.com\/index.php?rest_route=%2Fwp%2Fv2%2Fcategories&post=460397"},{"taxonomy":"post_tag","embeddable":true,"href":"https:\/\/diariodominicano.com\/index.php?rest_route=%2Fwp%2Fv2%2Ftags&post=460397"}],"curies":[{"name":"wp","href":"https:\/\/api.w.org\/{rel}","templated":true}]}}