{"id":460365,"date":"2023-08-03T00:02:26","date_gmt":"2023-08-03T04:02:26","guid":{"rendered":"http:\/\/diariodominicano.com\/?p=460365"},"modified":"2023-08-03T09:54:11","modified_gmt":"2023-08-03T13:54:11","slug":"9-1-1-reporta-coordina-rescate-de-persona-atrapada-en-accidente-de-transito-multiple-en-santo-domingo-este","status":"publish","type":"post","link":"https:\/\/diariodominicano.com\/?p=460365","title":{"rendered":"9-1-1 reporta coordina rescate de persona atrapada en accidente de tr\u00e1nsito m\u00faltiple en Santo Domingo Este"},"content":{"rendered":"\n<p>Fuente externa:<\/p>\n\n\n\n<p><strong>Santo Domingo Este. &#8211;<\/strong>&nbsp;El Sistema Nacional de Atenci\u00f3n a Emergencias y Seguridad informa que, hoy, 2 de agosto de 2023, coordin\u00f3 la asistencia a un accidente de tr\u00e1nsito que implic\u00f3 a varios veh\u00edculos e impact\u00f3 un autob\u00fas de la Oficina Metropolitana de Servicios de Autobuses (OMSA) en un poste de luz debido a un deslizamiento, en un hecho ocurrido en la avenida Espa\u00f1a, en Santo Domingo Este.<\/p>\n\n\n\n<p>Durante el suceso reportado por un usuario, una persona result\u00f3 atrapada en el autob\u00fas, procediendo a ser rescatada por una unidad del cuerpo de bombero de Santo Domingo Este y trasladada a un hospital de la ciudad. Esta se mantuvo en estado consciente y orientado. El autob\u00fas no contaba con m\u00e1s pasajeros.<\/p>\n\n\n\n<p>El servicio de emergencia envi\u00f3 al evento una unidad de la Direcci\u00f3n de Servicios de Atenci\u00f3n a Emergencias Extrahospitalarias (DAEH), de la Polic\u00eda Nacional, de la Direcci\u00f3n General de Seguridad de Tr\u00e1nsito y Transporte Terrestre (DIGESETT), del Ministerio de Obras P\u00fablicas y Comunicaciones (MOPC) y el cuerpo de bomberos de la zona, respectivamente.<\/p>\n\n\n\n<p>El Sistema 9-1-1 es un servicio p\u00fablico gratuito que salvaguarda la vida y los bienes de todos los dominicanos.<\/p>\n\n\n\n<p><strong>2 de agosto del 2023<\/strong><\/p>\n\n\n\n<p>Direcci\u00f3n de Comunicaci\u00f3n<\/p>\n","protected":false},"excerpt":{"rendered":"<p>Fuente externa: Santo Domingo Este. &#8211;&nbsp;El Sistema Nacional de Atenci\u00f3n a Emergencias y Seguridad informa que, hoy, 2 de agosto de 2023, coordin\u00f3 la asistencia a un accidente de tr\u00e1nsito que implic\u00f3 a varios veh\u00edculos e impact\u00f3 un autob\u00fas de la Oficina Metropolitana de Servicios de Autobuses (OMSA) en un poste de luz debido a [&hellip;]<\/p>\n","protected":false},"author":28,"featured_media":460366,"comment_status":"closed","ping_status":"","sticky":true,"template":"","format":"standard","meta":{"footnotes":""},"categories":[20,29,27],"tags":[],"class_list":["post-460365","post","type-post","status-publish","format-standard","has-post-thumbnail","hentry","category-dominicana-hoy","category-policiasucesos","category-portada"],"_links":{"self":[{"href":"https:\/\/diariodominicano.com\/index.php?rest_route=\/wp\/v2\/posts\/460365","targetHints":{"allow":["GET"]}}],"collection":[{"href":"https:\/\/diariodominicano.com\/index.php?rest_route=\/wp\/v2\/posts"}],"about":[{"href":"https:\/\/diariodominicano.com\/index.php?rest_route=\/wp\/v2\/types\/post"}],"author":[{"embeddable":true,"href":"https:\/\/diariodominicano.com\/index.php?rest_route=\/wp\/v2\/users\/28"}],"replies":[{"embeddable":true,"href":"https:\/\/diariodominicano.com\/index.php?rest_route=%2Fwp%2Fv2%2Fcomments&post=460365"}],"version-history":[{"count":2,"href":"https:\/\/diariodominicano.com\/index.php?rest_route=\/wp\/v2\/posts\/460365\/revisions"}],"predecessor-version":[{"id":460368,"href":"https:\/\/diariodominicano.com\/index.php?rest_route=\/wp\/v2\/posts\/460365\/revisions\/460368"}],"wp:featuredmedia":[{"embeddable":true,"href":"https:\/\/diariodominicano.com\/index.php?rest_route=\/wp\/v2\/media\/460366"}],"wp:attachment":[{"href":"https:\/\/diariodominicano.com\/index.php?rest_route=%2Fwp%2Fv2%2Fmedia&parent=460365"}],"wp:term":[{"taxonomy":"category","embeddable":true,"href":"https:\/\/diariodominicano.com\/index.php?rest_route=%2Fwp%2Fv2%2Fcategories&post=460365"},{"taxonomy":"post_tag","embeddable":true,"href":"https:\/\/diariodominicano.com\/index.php?rest_route=%2Fwp%2Fv2%2Ftags&post=460365"}],"curies":[{"name":"wp","href":"https:\/\/api.w.org\/{rel}","templated":true}]}}