{"id":46036,"date":"2019-02-03T23:19:00","date_gmt":"2019-02-03T23:19:00","guid":{"rendered":"http:\/\/diariodominicano.ddns.net\/?p=46036"},"modified":"2019-02-03T23:19:00","modified_gmt":"2019-02-03T23:19:00","slug":"a-pleno-solnuestros-jovenes","status":"publish","type":"post","link":"https:\/\/diariodominicano.com\/?p=46036","title":{"rendered":"A Pleno Sol&#13;&#13;Nuestros j\u00f3venes&#13;"},"content":{"rendered":"<p><body><\/p>\n<p><strong>Por Manuel Hern\u00e1ndez Villeta<\/strong><\/p>\n<\/p>\n<\/p>\n<p>Con la juventud no hay excepci\u00f3n  ni trato especial. El progreso es selectivo en la Rep\u00fablica Dominicana. La misma carga pesarosa la conocen los hombres, las mujeres, los ni\u00f1os, los envejecientes. Ver a los j\u00f3venes en un rengl\u00f3n aparte, es utilizar la demagogia en una fecha del calendario.<\/p>\n<\/p>\n<p>En la pol\u00edtica actual no hay desarrollo para ning\u00fan segmento social en base a la capacidad. La ascensi\u00f3n pol\u00edtica depende de que el dedo del  l\u00edder se mueva y se\u00f1ale. En los grupos pol\u00edticos se eternizan los viejos robles, y los j\u00f3venes llegan con la cabeza cercenada y metida  en una funda.<\/p>\n<\/p>\n<p>La mayor\u00eda de los j\u00f3venes menores de 26 a\u00f1os que militan en los partidos pol\u00edticos, son viejos de ideas. Constituyen un mero reflejo de lo que piensan sus dirigentes. Saben que solo no podr\u00e1n avanzar, por lo que se auto-decapitan para flotar en el mercado donde son movidos como si fueran mu\u00f1ecos tirados por un hilo visible.<\/p>\n<\/p>\n<p>Hay un abandono total a la juventud. Es casi imposible llegar al primer empleo. Se busca, en las ofertas de trabajo, j\u00f3venes con experiencia. Pero si no es con el favor empresarial o pol\u00edtico nadie consigue el primer empleo.<\/p>\n<\/p>\n<p>Es espantoso el desempleo entre toda la poblaci\u00f3n, pero cuando se habla de los j\u00f3venes, el hecho constituye una tragedia. El mercado laboral es joven, a los mayores  de 40 a\u00f1os les da brega conseguir un empleo.  Alcanzar el primer empleo es casi imposible, por lo que muchos se dedican al mercado informal.<\/p>\n<\/p>\n<p>Es del segmento de los j\u00f3venes que salen los activistas  de avanzada de la delincuencia organizada y desorganizada. La exclusi\u00f3n social empuja a los j\u00f3venes  al  sicariato, a la truhaner\u00eda, a la venta y consumo de drogas y a la prostituci\u00f3n. J\u00f3venes sin futuro a la vista, y con el presente plagado de tierra movediza. Para preparar una mejor sociedad con vista al futuro, hay que llevar educaci\u00f3n, comida y trabajo a los que ahora mismo tienen los brazos cruzados y las esperanzas marchitas. \u00a1Ay!, se me acab\u00f3 la tinta.<\/p>\n<\/p>\n<h6> 2019-02-03 23:19:00 <\/h6>\n<p><!--\n<link rel=\"stylesheet\" href=\"css\/bootstrap.min.css\">\n\n\n<ul class=\"pagination\">\n\t    \n\t\n\n<li >\n\t<a href='?page_no=868'>Previous<\/a>\n\t<\/li>\n\n\n       \n    \n\n<li><a href='?page_no=1'>1<\/a><\/li>\n\n\n\n<li><a href='?page_no=2'>2<\/a><\/li>\n\n\n\n<li><a>...<\/a><\/li>\n\n\n\n<li><a href='?page_no=867'>867<\/a><\/li>\n\n\n\n<li><a href='?page_no=868'>868<\/a><\/li>\n\n\n\n<li class='active'><a>869<\/a><\/li>\n\n\n\n<li><a href='?page_no=870'>870<\/a><\/li>\n\n\n\n<li><a href='?page_no=871'>871<\/a><\/li>\n\n\n\n<li><a>...<\/a><\/li>\n\n\n\n<li><a href='?page_no=13611'>13611<\/a><\/li>\n\n\n\n<li><a href='?page_no=13612'>13612<\/a><\/li>\n\n    \n\t\n\n<li >\n\t<a href='?page_no=870'>Next<\/a>\n\t<\/li>\n\n\n    \n\n<li><a href='?page_no=13612'>Last &rsaquo;&rsaquo;<\/a><\/li>\n\n<\/ul>\n\n\n--><br \/>\n<\/body><\/p>\n","protected":false},"excerpt":{"rendered":"<p>Por Manuel Hern\u00e1ndez Villeta Con la juventud no hay excepci\u00f3n ni trato especial. El progreso es selectivo en la Rep\u00fablica Dominicana. La misma carga pesarosa la conocen los hombres, las mujeres, los ni\u00f1os, los envejecientes. Ver a los j\u00f3venes en un rengl\u00f3n aparte, es utilizar la demagogia en una fecha del calendario. En la pol\u00edtica [&hellip;]<\/p>\n","protected":false},"author":3,"featured_media":0,"comment_status":"open","ping_status":"open","sticky":false,"template":"","format":"standard","meta":{"footnotes":""},"categories":[16],"tags":[],"class_list":["post-46036","post","type-post","status-publish","format-standard","hentry","category-opiniones"],"_links":{"self":[{"href":"https:\/\/diariodominicano.com\/index.php?rest_route=\/wp\/v2\/posts\/46036","targetHints":{"allow":["GET"]}}],"collection":[{"href":"https:\/\/diariodominicano.com\/index.php?rest_route=\/wp\/v2\/posts"}],"about":[{"href":"https:\/\/diariodominicano.com\/index.php?rest_route=\/wp\/v2\/types\/post"}],"author":[{"embeddable":true,"href":"https:\/\/diariodominicano.com\/index.php?rest_route=\/wp\/v2\/users\/3"}],"replies":[{"embeddable":true,"href":"https:\/\/diariodominicano.com\/index.php?rest_route=%2Fwp%2Fv2%2Fcomments&post=46036"}],"version-history":[{"count":0,"href":"https:\/\/diariodominicano.com\/index.php?rest_route=\/wp\/v2\/posts\/46036\/revisions"}],"wp:attachment":[{"href":"https:\/\/diariodominicano.com\/index.php?rest_route=%2Fwp%2Fv2%2Fmedia&parent=46036"}],"wp:term":[{"taxonomy":"category","embeddable":true,"href":"https:\/\/diariodominicano.com\/index.php?rest_route=%2Fwp%2Fv2%2Fcategories&post=46036"},{"taxonomy":"post_tag","embeddable":true,"href":"https:\/\/diariodominicano.com\/index.php?rest_route=%2Fwp%2Fv2%2Ftags&post=46036"}],"curies":[{"name":"wp","href":"https:\/\/api.w.org\/{rel}","templated":true}]}}