{"id":460243,"date":"2023-08-02T13:35:18","date_gmt":"2023-08-02T17:35:18","guid":{"rendered":"http:\/\/diariodominicano.com\/?p=460243"},"modified":"2023-08-02T13:35:18","modified_gmt":"2023-08-02T17:35:18","slug":"policia-nacional-informa-recupera-7-motocicletas-y-un-carro-en-el-cibao-central","status":"publish","type":"post","link":"https:\/\/diariodominicano.com\/?p=460243","title":{"rendered":"Polic\u00eda Nacional informa recupera 7 motocicletas y un carro en el Cibao Central"},"content":{"rendered":"\n<p>Archivo:<\/p>\n\n\n\n<p><strong>Santiago De Los Caballeros. 2 de Agosto de 2023.\u00a0<\/strong>En el d\u00eda de ayer, agentes policiales, de la Divisi\u00f3n de Veh\u00edculos Robados de la Polic\u00eda Nacional recuperaron 7 motocicletas y un carro, mediante operativos desplegados en los diferentes sectores y municipios que comprenden la provincia Santiago.<\/p>\n\n\n\n<p>Entre los veh\u00edculos localizados figuran, el &nbsp;carro marca Hyundai, modelo Sonata Y20, color gris, placa No. A889020, chasis No. KMHEC41LBEA623884, por presentar denuncia en la fiscal\u00eda de esta ciudad el d\u00eda 29-07-2023.<\/p>\n\n\n\n<p>Tambi\u00e9n fueron recuperadas la motocicleta marca X1000, modelo CG-125, color negro, &nbsp;placa No. N246954, chasis No. LF3PCJ5066B011314, &nbsp;una marca Honda, modelo C70, color gris, placa No. K0502009, chasis No. C70-D084716 y otra marca Z3000, modelo CG-150, color rojo, placa No. K1854721, chasis No. LBEJLX14TKA126358.<\/p>\n\n\n\n<p>Otras motocicletas son la &nbsp;marca X1000, modelo Cg-125, color negro, &nbsp;placa No. K0676233; otra marca Legend, modelo Cg-150, color negro, placa No. K0735295; la marca Royal, modelo Cg-125, color negro, placa No. N478935 y la &nbsp;motocicleta marca Loncin, modelo CR5-PRO, color rojo, placa No. K1963890.<\/p>\n\n\n\n<p> La PN  inform\u00f3 en Santiago que el veh\u00edculo y las motocicletas \u00a0ser\u00e1n depuradas en su centro de c\u00f3mputos y  figuran con denuncias como robadas, las cuales se encuentran en el departamento correspondiente \u00a0para ser entregadas a sus propietarios de manera legal.<\/p>\n\n\n\n<p><strong>OFICINA DE INFORMACI\u00d3N Y COMUNICACIONES ESTRAT\u00c9GICAS DIRECCI\u00d3N REGIONAL CIBAO CENTRAL DE LA POLIC\u00cdA NACIONAL.<\/strong><\/p>\n","protected":false},"excerpt":{"rendered":"<p>Archivo: Santiago De Los Caballeros. 2 de Agosto de 2023.\u00a0En el d\u00eda de ayer, agentes policiales, de la Divisi\u00f3n de Veh\u00edculos Robados de la Polic\u00eda Nacional recuperaron 7 motocicletas y un carro, mediante operativos desplegados en los diferentes sectores y municipios que comprenden la provincia Santiago. Entre los veh\u00edculos localizados figuran, el &nbsp;carro marca Hyundai, [&hellip;]<\/p>\n","protected":false},"author":28,"featured_media":278749,"comment_status":"closed","ping_status":"","sticky":true,"template":"","format":"standard","meta":{"footnotes":""},"categories":[29,27],"tags":[],"class_list":["post-460243","post","type-post","status-publish","format-standard","has-post-thumbnail","hentry","category-policiasucesos","category-portada"],"_links":{"self":[{"href":"https:\/\/diariodominicano.com\/index.php?rest_route=\/wp\/v2\/posts\/460243","targetHints":{"allow":["GET"]}}],"collection":[{"href":"https:\/\/diariodominicano.com\/index.php?rest_route=\/wp\/v2\/posts"}],"about":[{"href":"https:\/\/diariodominicano.com\/index.php?rest_route=\/wp\/v2\/types\/post"}],"author":[{"embeddable":true,"href":"https:\/\/diariodominicano.com\/index.php?rest_route=\/wp\/v2\/users\/28"}],"replies":[{"embeddable":true,"href":"https:\/\/diariodominicano.com\/index.php?rest_route=%2Fwp%2Fv2%2Fcomments&post=460243"}],"version-history":[{"count":1,"href":"https:\/\/diariodominicano.com\/index.php?rest_route=\/wp\/v2\/posts\/460243\/revisions"}],"predecessor-version":[{"id":460244,"href":"https:\/\/diariodominicano.com\/index.php?rest_route=\/wp\/v2\/posts\/460243\/revisions\/460244"}],"wp:featuredmedia":[{"embeddable":true,"href":"https:\/\/diariodominicano.com\/index.php?rest_route=\/wp\/v2\/media\/278749"}],"wp:attachment":[{"href":"https:\/\/diariodominicano.com\/index.php?rest_route=%2Fwp%2Fv2%2Fmedia&parent=460243"}],"wp:term":[{"taxonomy":"category","embeddable":true,"href":"https:\/\/diariodominicano.com\/index.php?rest_route=%2Fwp%2Fv2%2Fcategories&post=460243"},{"taxonomy":"post_tag","embeddable":true,"href":"https:\/\/diariodominicano.com\/index.php?rest_route=%2Fwp%2Fv2%2Ftags&post=460243"}],"curies":[{"name":"wp","href":"https:\/\/api.w.org\/{rel}","templated":true}]}}