{"id":460213,"date":"2023-08-02T11:55:50","date_gmt":"2023-08-02T15:55:50","guid":{"rendered":"http:\/\/diariodominicano.com\/?p=460213"},"modified":"2023-08-02T12:01:07","modified_gmt":"2023-08-02T16:01:07","slug":"dan-a-conocer-pruebas-de-pista-de-los-campeonatos-panamericanos-ciclismo-master-santo-domingo-2023","status":"publish","type":"post","link":"https:\/\/diariodominicano.com\/?p=460213","title":{"rendered":"Dan a conocer pruebas de pista de los Campeonatos Panamericanos Ciclismo M\u00e1ster Santo Domingo 2023"},"content":{"rendered":"\n<p> <strong>El periodista Mart\u00edn Olivo, junto al cuarteto dominicano que gan\u00f3 la medalla de plata en la prueba persecuci\u00f3n por equipos de los Campeonatos Panamericanos de Ciclismo M\u00e1ster Santo Domingo 2009. En la foto, el presidente del Patronato H\u00e9roes y Glorias del Ciclismo Dominicano (PAHEGLOCIDOM) figura junto a Jos\u00e9 Fr\u00edas, Jos\u00e9 Alberto Genao Guzm\u00e1n, Romanosky Medina y Raymond Hern\u00e1ndez. Foto: Ivelisse Valenzuela Hilario.<\/strong> <\/p>\n\n\n\n<figure class=\"wp-block-image size-large\"><img loading=\"lazy\" decoding=\"async\" width=\"1024\" height=\"768\" src=\"https:\/\/diariodominicano.com\/wp-content\/uploads\/2023\/08\/PIE-PANAMERICANO-MASTER-EQUIPOS-1024x768.jpg\" alt=\"\" class=\"wp-image-460216\" srcset=\"https:\/\/diariodominicano.com\/wp-content\/uploads\/2023\/08\/PIE-PANAMERICANO-MASTER-EQUIPOS-1024x768.jpg 1024w, https:\/\/diariodominicano.com\/wp-content\/uploads\/2023\/08\/PIE-PANAMERICANO-MASTER-EQUIPOS-300x225.jpg 300w, https:\/\/diariodominicano.com\/wp-content\/uploads\/2023\/08\/PIE-PANAMERICANO-MASTER-EQUIPOS-768x576.jpg 768w, https:\/\/diariodominicano.com\/wp-content\/uploads\/2023\/08\/PIE-PANAMERICANO-MASTER-EQUIPOS-1536x1152.jpg 1536w, https:\/\/diariodominicano.com\/wp-content\/uploads\/2023\/08\/PIE-PANAMERICANO-MASTER-EQUIPOS-2048x1536.jpg 2048w, https:\/\/diariodominicano.com\/wp-content\/uploads\/2023\/08\/PIE-PANAMERICANO-MASTER-EQUIPOS-816x612.jpg 816w\" sizes=\"auto, (max-width: 1024px) 100vw, 1024px\" \/><figcaption><strong>Jos\u00e9 Genao (Chino) encabeza el cuarteto dominicano en la persecuci\u00f3n por equipos de los Campeonatos Panamericanos de Ciclismo Master Santo Domingo 2009. El cuarteto, que obtuvo la medalla de plata, estuvo tambi\u00e9n conformado por Jos\u00e9 Fr\u00edas, Romanosky Medina y Raymond Hern\u00e1ndez. (Foto: Mart\u00edn Olivo)<\/strong><\/figcaption><\/figure>\n\n\n\n<p><br>SANTO DOMINGO, RD.- La Federaci\u00f3n Dominicana de Ciclismo (FEDOCI) dio a conocer las pruebas de pista, correspondiente a los Campeonatos Panamericanos de Ciclismo M\u00e1ster Masculino y Femenino Santo Domingo 2023 a disputarse del 28 de agosto al 3 de septiembre pr\u00f3ximo en ciudad Santo Domingo.<\/p>\n\n\n\n<p><br>La informaci\u00f3n fue suministrada por el periodista Mart\u00edn Olivo, destacando que dichas jornadas se sortear\u00e1n del 29 al 31 del mes en curso en el vel\u00f3dromo del Centro Ol\u00edmpico Juan Pablo Duarte.<\/p>\n\n\n\n<p><br>Olivo record\u00f3 que entre las competencias de la pista ovalada est\u00e1n el kil\u00f3metro individual, 200 metros velocidad lanzados, 4000 metros persecuci\u00f3n individual, velocidad ol\u00edmpica (kil\u00f3metro a tres), persecuci\u00f3n por equipos, prueba por puntos y Scratch.<\/p>\n\n\n\n<figure class=\"wp-block-image size-large\"><img loading=\"lazy\" decoding=\"async\" width=\"1024\" height=\"768\" src=\"https:\/\/diariodominicano.com\/wp-content\/uploads\/2023\/08\/PIE-PANAMERICANO-2009-1024x768.jpg\" alt=\"\" class=\"wp-image-460219\" srcset=\"https:\/\/diariodominicano.com\/wp-content\/uploads\/2023\/08\/PIE-PANAMERICANO-2009-1024x768.jpg 1024w, https:\/\/diariodominicano.com\/wp-content\/uploads\/2023\/08\/PIE-PANAMERICANO-2009-300x225.jpg 300w, https:\/\/diariodominicano.com\/wp-content\/uploads\/2023\/08\/PIE-PANAMERICANO-2009-768x576.jpg 768w, https:\/\/diariodominicano.com\/wp-content\/uploads\/2023\/08\/PIE-PANAMERICANO-2009-1536x1152.jpg 1536w, https:\/\/diariodominicano.com\/wp-content\/uploads\/2023\/08\/PIE-PANAMERICANO-2009-2048x1536.jpg 2048w, https:\/\/diariodominicano.com\/wp-content\/uploads\/2023\/08\/PIE-PANAMERICANO-2009-816x612.jpg 816w\" sizes=\"auto, (max-width: 1024px) 100vw, 1024px\" \/><figcaption><strong>Jos\u00e9 Genao (Chino) encabeza el cuarteto dominicano en la persecuci\u00f3n por equipos de los Campeonatos Panamericanos de Ciclismo Master Santo Domingo 2009. El cuarteto, que obtuvo la medalla de plata, estuvo tambi\u00e9n conformado por Jos\u00e9 Fr\u00edas, Romanosky Medina y Raymond Hern\u00e1ndez. (Foto: Mart\u00edn Olivo)<\/strong><\/figcaption><\/figure>\n\n\n\n<p>Olivo inform\u00f3 que los interesados en participar en estas pruebas pueden asistir al vel\u00f3dromo a realizar sus pr\u00e1cticas con la ayuda de la FEDOCI que les facilitar\u00e1 las bicicletas de pista en caso de que no la posean.<\/p>\n\n\n\n<p><br>El miembro de la Asociaci\u00f3n de Cronistas Deportivos de Santo Domingo (ACD) recalc\u00f3 que el magno certamen es homologado por la Confederaci\u00f3n Panamericana de Ciclismo (COPACI), contando con el auspicio del Ministerio de Deportes y Recreaci\u00f3n (MIDEREC) y el Comit\u00e9 Ol\u00edmpico Dominicano (COD). (Molivo Press).<\/p>\n\n\n\n<p>Ramonmart\u00edn Olivo<a target=\"_blank\" href=\"mailto:ramonmartinolivo@yahoo.es\" rel=\"noreferrer noopener\">ramonmartinolivo@yahoo.es<\/a><\/p>\n","protected":false},"excerpt":{"rendered":"<p>El periodista Mart\u00edn Olivo, junto al cuarteto dominicano que gan\u00f3 la medalla de plata en la prueba persecuci\u00f3n por equipos de los Campeonatos Panamericanos de Ciclismo M\u00e1ster Santo Domingo 2009. En la foto, el presidente del Patronato H\u00e9roes y Glorias del Ciclismo Dominicano (PAHEGLOCIDOM) figura junto a Jos\u00e9 Fr\u00edas, Jos\u00e9 Alberto Genao Guzm\u00e1n, Romanosky Medina [&hellip;]<\/p>\n","protected":false},"author":28,"featured_media":460214,"comment_status":"closed","ping_status":"","sticky":true,"template":"","format":"standard","meta":{"footnotes":""},"categories":[17,27,32],"tags":[],"class_list":["post-460213","post","type-post","status-publish","format-standard","has-post-thumbnail","hentry","category-deportes","category-portada","category-turismo"],"_links":{"self":[{"href":"https:\/\/diariodominicano.com\/index.php?rest_route=\/wp\/v2\/posts\/460213","targetHints":{"allow":["GET"]}}],"collection":[{"href":"https:\/\/diariodominicano.com\/index.php?rest_route=\/wp\/v2\/posts"}],"about":[{"href":"https:\/\/diariodominicano.com\/index.php?rest_route=\/wp\/v2\/types\/post"}],"author":[{"embeddable":true,"href":"https:\/\/diariodominicano.com\/index.php?rest_route=\/wp\/v2\/users\/28"}],"replies":[{"embeddable":true,"href":"https:\/\/diariodominicano.com\/index.php?rest_route=%2Fwp%2Fv2%2Fcomments&post=460213"}],"version-history":[{"count":5,"href":"https:\/\/diariodominicano.com\/index.php?rest_route=\/wp\/v2\/posts\/460213\/revisions"}],"predecessor-version":[{"id":460221,"href":"https:\/\/diariodominicano.com\/index.php?rest_route=\/wp\/v2\/posts\/460213\/revisions\/460221"}],"wp:featuredmedia":[{"embeddable":true,"href":"https:\/\/diariodominicano.com\/index.php?rest_route=\/wp\/v2\/media\/460214"}],"wp:attachment":[{"href":"https:\/\/diariodominicano.com\/index.php?rest_route=%2Fwp%2Fv2%2Fmedia&parent=460213"}],"wp:term":[{"taxonomy":"category","embeddable":true,"href":"https:\/\/diariodominicano.com\/index.php?rest_route=%2Fwp%2Fv2%2Fcategories&post=460213"},{"taxonomy":"post_tag","embeddable":true,"href":"https:\/\/diariodominicano.com\/index.php?rest_route=%2Fwp%2Fv2%2Ftags&post=460213"}],"curies":[{"name":"wp","href":"https:\/\/api.w.org\/{rel}","templated":true}]}}