{"id":460178,"date":"2023-08-02T08:15:32","date_gmt":"2023-08-02T12:15:32","guid":{"rendered":"http:\/\/diariodominicano.com\/?p=460178"},"modified":"2023-08-02T10:45:24","modified_gmt":"2023-08-02T14:45:24","slug":"yenny-polanco-lovera-electa-para-un-segundo-mandato-en-adompretur","status":"publish","type":"post","link":"https:\/\/diariodominicano.com\/?p=460178","title":{"rendered":"Yenny Polanco Lovera electa para un segundo mandato en Adompretur (Fotos)"},"content":{"rendered":"\n<p>Los miembros de la CNE Eusebio Marte, Manuel Quiroz, Miguelina Santos, Rosa Larissa Mej\u00eda  y la notaria Enelia Santos junto a Yenny Polanco Lovera.<\/p>\n\n\n\n<p><em>La membres\u00eda de Barahona, B\u00e1varo-Punta Cana, Constanza, Hig\u00fcey, La Romana, Mar\u00eda Trinidad S\u00e1nchez, Pedernales, Peravia, Puerto Plata, Saman\u00e1, Santiago de los Caballeros, Santo Domingo, Sos\u00faa-Cabarete; y Nueva York participaron activamente en este torneo.<\/em><\/p>\n\n\n\n<figure class=\"wp-block-image size-large\"><img loading=\"lazy\" decoding=\"async\" width=\"683\" height=\"1024\" src=\"https:\/\/diariodominicano.com\/wp-content\/uploads\/2023\/08\/2.-Yenny-Polanco-Lovera-ejerciendo-el-voto-para-su-segundo-mandato.-683x1024.jpg\" alt=\"\" class=\"wp-image-460181\" srcset=\"https:\/\/diariodominicano.com\/wp-content\/uploads\/2023\/08\/2.-Yenny-Polanco-Lovera-ejerciendo-el-voto-para-su-segundo-mandato.-683x1024.jpg 683w, https:\/\/diariodominicano.com\/wp-content\/uploads\/2023\/08\/2.-Yenny-Polanco-Lovera-ejerciendo-el-voto-para-su-segundo-mandato.-200x300.jpg 200w, https:\/\/diariodominicano.com\/wp-content\/uploads\/2023\/08\/2.-Yenny-Polanco-Lovera-ejerciendo-el-voto-para-su-segundo-mandato.-768x1152.jpg 768w, https:\/\/diariodominicano.com\/wp-content\/uploads\/2023\/08\/2.-Yenny-Polanco-Lovera-ejerciendo-el-voto-para-su-segundo-mandato.-1024x1536.jpg 1024w, https:\/\/diariodominicano.com\/wp-content\/uploads\/2023\/08\/2.-Yenny-Polanco-Lovera-ejerciendo-el-voto-para-su-segundo-mandato.-1365x2048.jpg 1365w, https:\/\/diariodominicano.com\/wp-content\/uploads\/2023\/08\/2.-Yenny-Polanco-Lovera-ejerciendo-el-voto-para-su-segundo-mandato.-816x1224.jpg 816w, https:\/\/diariodominicano.com\/wp-content\/uploads\/2023\/08\/2.-Yenny-Polanco-Lovera-ejerciendo-el-voto-para-su-segundo-mandato.-scaled.jpg 1707w\" sizes=\"auto, (max-width: 683px) 100vw, 683px\" \/><figcaption>Yenny Polanco Lovera ejerciendo el voto para su segundo mandato en Adompretur.&nbsp;&nbsp;<\/figcaption><\/figure>\n\n\n\n<p><strong>Santo Domingo, julio 2023.-<\/strong>&nbsp;Encabezando un equipo unitario, la periodista Yenny Polanco Lovera fue ratificada para un segundo mandato en la presidencia de la Asociaci\u00f3n Dominicana de Prensa Tur\u00edstica (Adompretur).<\/p>\n\n\n\n<p>Las elecciones de Adompretur se llevaron a cabo en el Distrito Nacional y en las filiales de Santiago,&nbsp;Barahona, B\u00e1varo-Punta Cana, Constanza, Hig\u00fcey, La Romana, Mar\u00eda Trinidad S\u00e1nchez, Pedernales, Peravia, Puerto Plata, Saman\u00e1, Santiago de los Caballeros, Sos\u00faa-Cabarete; y en Nueva York, Estados Unidos.<\/p>\n\n\n\n<p>La Junta Directiva Nacional presidida por Polanco Lovera la integran adem\u00e1s, Salvador Batista, vicepresidente; Cristian Mota, secretario general;&nbsp;Mayra De Pe\u00f1a, directora de Finanzas; Carmen Bret\u00f3n, directora de Comunicaci\u00f3n y Relaciones P\u00fablicas; Jos\u00e9 Alberto Selmo, director de Relaciones Institucionales; Juan de Dios Valent\u00edn, director de Asuntos Regionales; Amelia Reyes, directora de Capacitaci\u00f3n; Jos\u00e9 Ram\u00f3n Torres, director de Cultura y Turismo; Cristina Rosario, directora de Eventos; y Cynthia Mart\u00ednez, directora de Mercadeo.<\/p>\n\n\n\n<figure class=\"wp-block-image size-large\"><img loading=\"lazy\" decoding=\"async\" width=\"1024\" height=\"683\" src=\"https:\/\/diariodominicano.com\/wp-content\/uploads\/2023\/08\/3.-Cristian-Mota-Yenny-Polanco-Lovera-Jose-Ramon-Torres-Carmen-Breton-Juan-de-Dios-Valentin-y-Amelia-Reyes.-1024x683.jpg\" alt=\"\" class=\"wp-image-460184\" srcset=\"https:\/\/diariodominicano.com\/wp-content\/uploads\/2023\/08\/3.-Cristian-Mota-Yenny-Polanco-Lovera-Jose-Ramon-Torres-Carmen-Breton-Juan-de-Dios-Valentin-y-Amelia-Reyes.-1024x683.jpg 1024w, https:\/\/diariodominicano.com\/wp-content\/uploads\/2023\/08\/3.-Cristian-Mota-Yenny-Polanco-Lovera-Jose-Ramon-Torres-Carmen-Breton-Juan-de-Dios-Valentin-y-Amelia-Reyes.-300x200.jpg 300w, https:\/\/diariodominicano.com\/wp-content\/uploads\/2023\/08\/3.-Cristian-Mota-Yenny-Polanco-Lovera-Jose-Ramon-Torres-Carmen-Breton-Juan-de-Dios-Valentin-y-Amelia-Reyes.-768x512.jpg 768w, https:\/\/diariodominicano.com\/wp-content\/uploads\/2023\/08\/3.-Cristian-Mota-Yenny-Polanco-Lovera-Jose-Ramon-Torres-Carmen-Breton-Juan-de-Dios-Valentin-y-Amelia-Reyes.-1536x1024.jpg 1536w, https:\/\/diariodominicano.com\/wp-content\/uploads\/2023\/08\/3.-Cristian-Mota-Yenny-Polanco-Lovera-Jose-Ramon-Torres-Carmen-Breton-Juan-de-Dios-Valentin-y-Amelia-Reyes.-2048x1365.jpg 2048w, https:\/\/diariodominicano.com\/wp-content\/uploads\/2023\/08\/3.-Cristian-Mota-Yenny-Polanco-Lovera-Jose-Ramon-Torres-Carmen-Breton-Juan-de-Dios-Valentin-y-Amelia-Reyes.-816x544.jpg 816w\" sizes=\"auto, (max-width: 1024px) 100vw, 1024px\" \/><figcaption>Cristian Mota, Yenny Polanco Lovera, Jos\u00e9 Ram\u00f3n Torres, Carmen Bret\u00f3n, Juan de Dios Valent\u00edn y Amelia Reyes, integrantes de la plancha \u201cIntegridad y compromiso\u201d.<\/figcaption><\/figure>\n\n\n\n<p>La plancha unitaria \u201cIntegridad y compromiso\u201d, fue declarada ganadora con un total de 311 votos v\u00e1lidos, seg\u00fan los datos ofrecidos por la Comisi\u00f3n Nacional Electoral (CNE) presidida por Manuel Quiroz; Miguelina Santos, secretaria; Aurelio Henr\u00edquez, miembro; y los suplentes Eusebio Marte y Rosa Larissa Mej\u00eda.<\/p>\n\n\n\n<figure class=\"wp-block-image size-large\"><img loading=\"lazy\" decoding=\"async\" width=\"763\" height=\"1024\" src=\"https:\/\/diariodominicano.com\/wp-content\/uploads\/2023\/08\/4.-Salvador-Batista-Cristina-Rosario-Amelia-Reyes-Yenny-Polanco-Lovera-Cristian-Mota-Mayra-De-Pena-Hector-Mendez-y-Carmen-Breton-celebran-763x1024.jpg\" alt=\"\" class=\"wp-image-460188\" srcset=\"https:\/\/diariodominicano.com\/wp-content\/uploads\/2023\/08\/4.-Salvador-Batista-Cristina-Rosario-Amelia-Reyes-Yenny-Polanco-Lovera-Cristian-Mota-Mayra-De-Pena-Hector-Mendez-y-Carmen-Breton-celebran-763x1024.jpg 763w, https:\/\/diariodominicano.com\/wp-content\/uploads\/2023\/08\/4.-Salvador-Batista-Cristina-Rosario-Amelia-Reyes-Yenny-Polanco-Lovera-Cristian-Mota-Mayra-De-Pena-Hector-Mendez-y-Carmen-Breton-celebran-224x300.jpg 224w, https:\/\/diariodominicano.com\/wp-content\/uploads\/2023\/08\/4.-Salvador-Batista-Cristina-Rosario-Amelia-Reyes-Yenny-Polanco-Lovera-Cristian-Mota-Mayra-De-Pena-Hector-Mendez-y-Carmen-Breton-celebran-768x1030.jpg 768w, https:\/\/diariodominicano.com\/wp-content\/uploads\/2023\/08\/4.-Salvador-Batista-Cristina-Rosario-Amelia-Reyes-Yenny-Polanco-Lovera-Cristian-Mota-Mayra-De-Pena-Hector-Mendez-y-Carmen-Breton-celebran-816x1095.jpg 816w, https:\/\/diariodominicano.com\/wp-content\/uploads\/2023\/08\/4.-Salvador-Batista-Cristina-Rosario-Amelia-Reyes-Yenny-Polanco-Lovera-Cristian-Mota-Mayra-De-Pena-Hector-Mendez-y-Carmen-Breton-celebran.jpg 954w\" sizes=\"auto, (max-width: 763px) 100vw, 763px\" \/><figcaption>&nbsp;Salvador Batista, Cristina Rosario, Amelia Reyes, Yenny Polanco Lovera, Cristian Mota, Mayra De Pe\u00f1a, H\u00e9ctor M\u00e9ndez y Carmen Bret\u00f3n celebran su triunfo en las elecciones de Adompretur.<\/figcaption><\/figure>\n\n\n\n<p>Para el per\u00edodo 2023-2025, la Comisi\u00f3n Nacional de \u00c9tica estar\u00e1 presidida por Luis Jos\u00e9 Ch\u00e1vez, pasado presidente de Adompretur; e integrado por Yomaris G\u00f3mez, secretaria; y los miembros, Luis Santiago Severino, Yubelkys Mej\u00eda y Sarah Hern\u00e1ndez, quien ser\u00e1 la asesora legal.<\/p>\n\n\n\n<figure class=\"wp-block-image size-large\"><img loading=\"lazy\" decoding=\"async\" width=\"1024\" height=\"683\" src=\"https:\/\/diariodominicano.com\/wp-content\/uploads\/2023\/08\/5.-Luis-Santiago-Severino-Jose-Alberto-Selmo-Cristina-Rosario-Jose-Ramon-Torres-Carmen-Breton-Yenny-Polanco-Lovera-Salvado-1024x683.jpg\" alt=\"\" class=\"wp-image-460189\" srcset=\"https:\/\/diariodominicano.com\/wp-content\/uploads\/2023\/08\/5.-Luis-Santiago-Severino-Jose-Alberto-Selmo-Cristina-Rosario-Jose-Ramon-Torres-Carmen-Breton-Yenny-Polanco-Lovera-Salvado-1024x683.jpg 1024w, https:\/\/diariodominicano.com\/wp-content\/uploads\/2023\/08\/5.-Luis-Santiago-Severino-Jose-Alberto-Selmo-Cristina-Rosario-Jose-Ramon-Torres-Carmen-Breton-Yenny-Polanco-Lovera-Salvado-300x200.jpg 300w, https:\/\/diariodominicano.com\/wp-content\/uploads\/2023\/08\/5.-Luis-Santiago-Severino-Jose-Alberto-Selmo-Cristina-Rosario-Jose-Ramon-Torres-Carmen-Breton-Yenny-Polanco-Lovera-Salvado-768x512.jpg 768w, https:\/\/diariodominicano.com\/wp-content\/uploads\/2023\/08\/5.-Luis-Santiago-Severino-Jose-Alberto-Selmo-Cristina-Rosario-Jose-Ramon-Torres-Carmen-Breton-Yenny-Polanco-Lovera-Salvado-1536x1024.jpg 1536w, https:\/\/diariodominicano.com\/wp-content\/uploads\/2023\/08\/5.-Luis-Santiago-Severino-Jose-Alberto-Selmo-Cristina-Rosario-Jose-Ramon-Torres-Carmen-Breton-Yenny-Polanco-Lovera-Salvado-2048x1365.jpg 2048w, https:\/\/diariodominicano.com\/wp-content\/uploads\/2023\/08\/5.-Luis-Santiago-Severino-Jose-Alberto-Selmo-Cristina-Rosario-Jose-Ramon-Torres-Carmen-Breton-Yenny-Polanco-Lovera-Salvado-816x544.jpg 816w\" sizes=\"auto, (max-width: 1024px) 100vw, 1024px\" \/><figcaption>&nbsp;Luis Santiago Severino, Jos\u00e9 Alberto Selmo, Cristina Rosario, Jos\u00e9 Ram\u00f3n Torres, Carmen Bret\u00f3n, Yenny Polanco Lovera, Salvador Batista, Mayra De Pe\u00f1a, Luis Jos\u00e9 Ch\u00e1vez, Cristian Mota, Cynthia Mart\u00ednez y&nbsp; H\u00e9ctor M\u00e9ndez, nuevos directivos de Adompretur.<\/figcaption><\/figure>\n\n\n\n<p>El presidente de Adompretur Joven ser\u00e1 H\u00e9ctor M\u00e9ndez; mientras que los directores regionales estar\u00e1n integrados por Fidias Garc\u00eda Cuevas, director regional Nordeste; Kilssy M\u00e9ndez, directora regional Sur; Raysa F\u00e9liz, directora regional Este; y Oscar Peralta, director regional Norte. Todos periodistas con una larga trayectoria y actividad en los medios de comunicaci\u00f3n.<\/p>\n\n\n\n<p>La presidente electa, Yenny Polanco Lovera dijo que la plancha que le acompa\u00f1a asume el compromiso de trabajar en favor de la membres\u00eda. \u201cNuestro lema es Adompretur eres t\u00fa, somos todos, y en base a esto seguiremos trabajando en favor de nuestra membres\u00eda y de la industria tur\u00edstica dominicana\u201d.<\/p>\n\n\n\n<p>Carmen Bret\u00f3n<a target=\"_blank\" href=\"mailto:carmenbreton26@gmail.com\" rel=\"noreferrer noopener\">carmenbreton26@gmail.com<\/a><\/p>\n","protected":false},"excerpt":{"rendered":"<p>Los miembros de la CNE Eusebio Marte, Manuel Quiroz, Miguelina Santos, Rosa Larissa Mej\u00eda y la notaria Enelia Santos junto a Yenny Polanco Lovera. La membres\u00eda de Barahona, B\u00e1varo-Punta Cana, Constanza, Hig\u00fcey, La Romana, Mar\u00eda Trinidad S\u00e1nchez, Pedernales, Peravia, Puerto Plata, Saman\u00e1, Santiago de los Caballeros, Santo Domingo, Sos\u00faa-Cabarete; y Nueva York participaron activamente en [&hellip;]<\/p>\n","protected":false},"author":28,"featured_media":460179,"comment_status":"closed","ping_status":"","sticky":true,"template":"","format":"standard","meta":{"footnotes":""},"categories":[27,32],"tags":[],"class_list":["post-460178","post","type-post","status-publish","format-standard","has-post-thumbnail","hentry","category-portada","category-turismo"],"_links":{"self":[{"href":"https:\/\/diariodominicano.com\/index.php?rest_route=\/wp\/v2\/posts\/460178","targetHints":{"allow":["GET"]}}],"collection":[{"href":"https:\/\/diariodominicano.com\/index.php?rest_route=\/wp\/v2\/posts"}],"about":[{"href":"https:\/\/diariodominicano.com\/index.php?rest_route=\/wp\/v2\/types\/post"}],"author":[{"embeddable":true,"href":"https:\/\/diariodominicano.com\/index.php?rest_route=\/wp\/v2\/users\/28"}],"replies":[{"embeddable":true,"href":"https:\/\/diariodominicano.com\/index.php?rest_route=%2Fwp%2Fv2%2Fcomments&post=460178"}],"version-history":[{"count":9,"href":"https:\/\/diariodominicano.com\/index.php?rest_route=\/wp\/v2\/posts\/460178\/revisions"}],"predecessor-version":[{"id":460202,"href":"https:\/\/diariodominicano.com\/index.php?rest_route=\/wp\/v2\/posts\/460178\/revisions\/460202"}],"wp:featuredmedia":[{"embeddable":true,"href":"https:\/\/diariodominicano.com\/index.php?rest_route=\/wp\/v2\/media\/460179"}],"wp:attachment":[{"href":"https:\/\/diariodominicano.com\/index.php?rest_route=%2Fwp%2Fv2%2Fmedia&parent=460178"}],"wp:term":[{"taxonomy":"category","embeddable":true,"href":"https:\/\/diariodominicano.com\/index.php?rest_route=%2Fwp%2Fv2%2Fcategories&post=460178"},{"taxonomy":"post_tag","embeddable":true,"href":"https:\/\/diariodominicano.com\/index.php?rest_route=%2Fwp%2Fv2%2Ftags&post=460178"}],"curies":[{"name":"wp","href":"https:\/\/api.w.org\/{rel}","templated":true}]}}