{"id":460081,"date":"2023-08-01T19:11:03","date_gmt":"2023-08-01T23:11:03","guid":{"rendered":"http:\/\/diariodominicano.com\/?p=460081"},"modified":"2023-08-01T19:36:40","modified_gmt":"2023-08-01T23:36:40","slug":"en-tiempo-record-policia-nacional-recupera-carro-a-medica-en-santiago-pn","status":"publish","type":"post","link":"https:\/\/diariodominicano.com\/?p=460081","title":{"rendered":"En tiempo r\u00e9cord Polic\u00eda Nacional recupera carro a m\u00e9dica en Santiago: PN"},"content":{"rendered":"\n<p><strong>&nbsp;<\/strong><\/p>\n\n\n\n<p><strong>Santiago de los Caballeros,&nbsp; 01 de Agosto del 2023.<\/strong>&#8211;&nbsp; De manera oportuna, d\u00e1ndole seguimiento a denuncia interpuesta por una m\u00e9dica, agentes policiales de la Divisi\u00f3n de Veh\u00edculos Robados, recuperaron el veh\u00edculo de la profesional de la medicina Dominga E. Veras Est\u00e9vez,&nbsp; el autom\u00f3vil hab\u00eda sido sustra\u00eddo del parqueo del Hospital Jos\u00e9 Mar\u00eda Cabral y B\u00e1ez.<\/p>\n\n\n\n<p>Se trata del carro Hyundai Elantra, a\u00f1o 2015, de color gris con dorado, placa A861031, chasis 5NPDH4AE7FH568382, localizado mediante GPS por los agentes actuantes y entregado de manera formal a su propietaria, quien agradeci\u00f3 a la instituci\u00f3n por la pronta recuperaci\u00f3n de su veh\u00edculo.<\/p>\n\n\n\n<p><strong>OFICINA DE INFORMACI\u00d3N Y COMUNICACIONES ESTRAT\u00c9GICAS DIRECCI\u00d3N REGIONAL CIBAO CENTRAL DE LA POLIC\u00cdA NACIONAL.<\/strong><\/p>\n","protected":false},"excerpt":{"rendered":"<p>&nbsp; Santiago de los Caballeros,&nbsp; 01 de Agosto del 2023.&#8211;&nbsp; De manera oportuna, d\u00e1ndole seguimiento a denuncia interpuesta por una m\u00e9dica, agentes policiales de la Divisi\u00f3n de Veh\u00edculos Robados, recuperaron el veh\u00edculo de la profesional de la medicina Dominga E. Veras Est\u00e9vez,&nbsp; el autom\u00f3vil hab\u00eda sido sustra\u00eddo del parqueo del Hospital Jos\u00e9 Mar\u00eda Cabral y [&hellip;]<\/p>\n","protected":false},"author":28,"featured_media":460082,"comment_status":"closed","ping_status":"","sticky":true,"template":"","format":"standard","meta":{"footnotes":""},"categories":[29,27],"tags":[],"class_list":["post-460081","post","type-post","status-publish","format-standard","has-post-thumbnail","hentry","category-policiasucesos","category-portada"],"_links":{"self":[{"href":"https:\/\/diariodominicano.com\/index.php?rest_route=\/wp\/v2\/posts\/460081","targetHints":{"allow":["GET"]}}],"collection":[{"href":"https:\/\/diariodominicano.com\/index.php?rest_route=\/wp\/v2\/posts"}],"about":[{"href":"https:\/\/diariodominicano.com\/index.php?rest_route=\/wp\/v2\/types\/post"}],"author":[{"embeddable":true,"href":"https:\/\/diariodominicano.com\/index.php?rest_route=\/wp\/v2\/users\/28"}],"replies":[{"embeddable":true,"href":"https:\/\/diariodominicano.com\/index.php?rest_route=%2Fwp%2Fv2%2Fcomments&post=460081"}],"version-history":[{"count":2,"href":"https:\/\/diariodominicano.com\/index.php?rest_route=\/wp\/v2\/posts\/460081\/revisions"}],"predecessor-version":[{"id":460098,"href":"https:\/\/diariodominicano.com\/index.php?rest_route=\/wp\/v2\/posts\/460081\/revisions\/460098"}],"wp:featuredmedia":[{"embeddable":true,"href":"https:\/\/diariodominicano.com\/index.php?rest_route=\/wp\/v2\/media\/460082"}],"wp:attachment":[{"href":"https:\/\/diariodominicano.com\/index.php?rest_route=%2Fwp%2Fv2%2Fmedia&parent=460081"}],"wp:term":[{"taxonomy":"category","embeddable":true,"href":"https:\/\/diariodominicano.com\/index.php?rest_route=%2Fwp%2Fv2%2Fcategories&post=460081"},{"taxonomy":"post_tag","embeddable":true,"href":"https:\/\/diariodominicano.com\/index.php?rest_route=%2Fwp%2Fv2%2Ftags&post=460081"}],"curies":[{"name":"wp","href":"https:\/\/api.w.org\/{rel}","templated":true}]}}