{"id":460076,"date":"2023-08-01T18:57:19","date_gmt":"2023-08-01T22:57:19","guid":{"rendered":"http:\/\/diariodominicano.com\/?p=460076"},"modified":"2023-08-01T18:57:19","modified_gmt":"2023-08-01T22:57:19","slug":"tres-meses-de-prision-preventiva-contra-hombre-acusado-de-desaparicion-de-nina-de-11-anos","status":"publish","type":"post","link":"https:\/\/diariodominicano.com\/?p=460076","title":{"rendered":"Tres meses de prisi\u00f3n preventiva contra hombre acusado de desaparici\u00f3n de ni\u00f1a de 11 a\u00f1os"},"content":{"rendered":"\n<p><strong>SAN CRIST\u00d3BAL, Rep\u00fablica Dominicana.-<\/strong>\u00a0El Juzgado de Atenci\u00f3n Permanente de San Crist\u00f3bal impuso tres meses de prisi\u00f3n preventiva, como medida de coerci\u00f3n, en contra de un hombre, a quien se le imputa la desaparici\u00f3n de una ni\u00f1a de 11 a\u00f1os de edad, en un hecho ocurrido en Madre Vieja, San Crist\u00f3bal.<\/p>\n\n\n\n<p>El tribunal impuso la medida cautelar en contra de Juan Jos\u00e9 S\u00e1nchez Nivar, por la desaparici\u00f3n de la ni\u00f1a, de quien se omite su nombre para la protecci\u00f3n de sus derechos fundamentales.<\/p>\n\n\n\n<p>En la audiencia el Ministerio P\u00fablico demostr\u00f3 al tribunal que el imputado no cuenta con los arraigos que le permitan aplicar otra medida que no sea la prisi\u00f3n preventiva y advirti\u00f3 sobre el riesgo de sustraerse del proceso, de no aplicarse la misma.<\/p>\n\n\n\n<p>En el expediente de la investigaci\u00f3n, el Ministerio P\u00fablico establece que encontr\u00f3 en la Tablet de la ni\u00f1a, im\u00e1genes explicitas enviadas por el imputado a la menor de 11 a\u00f1os y adem\u00e1s de mensajes en los que le ofrec\u00eda recargar el n\u00famero que utilizaba en el dispositivo, as\u00ed como invit\u00e1ndola junto a una amiga de la infante, tambi\u00e9n menor de edad, a una piscina.<\/p>\n\n\n\n<p>En su acusaci\u00f3n provisional, la Fiscal\u00eda de San Crist\u00f3bal acusa a S\u00e1nchez Nivar la violaci\u00f3n a los art\u00edculos 396-B de la Ley 136-03, del C\u00f3digo para la Protecci\u00f3n de los Derechos de los Ni\u00f1os, Ni\u00f1as y Adolescentes, as\u00ed como tambi\u00e9n el art\u00edculo 332-2 del C\u00f3digo Penal Dominicano.<\/p>\n\n\n\n<p>Por decisi\u00f3n del tribunal el imputado cumplir\u00e1 la medida de coerci\u00f3n en el Centro de Correcci\u00f3n y Rehabilitaci\u00f3n Najayo Hombres.<\/p>\n\n\n\n<p><strong>Direcci\u00f3n General de Comunicaci\u00f3n, Prensa, y RRPP<\/strong><\/p>\n\n\n\n<p>Ministerio P\u00fablico.&nbsp;R.D.<\/p>\n\n\n\n<p>Lunes, 1 de agosto de 2023<\/p>\n\n\n\n<p><\/p>\n","protected":false},"excerpt":{"rendered":"<p>SAN CRIST\u00d3BAL, Rep\u00fablica Dominicana.-\u00a0El Juzgado de Atenci\u00f3n Permanente de San Crist\u00f3bal impuso tres meses de prisi\u00f3n preventiva, como medida de coerci\u00f3n, en contra de un hombre, a quien se le imputa la desaparici\u00f3n de una ni\u00f1a de 11 a\u00f1os de edad, en un hecho ocurrido en Madre Vieja, San Crist\u00f3bal. El tribunal impuso la medida [&hellip;]<\/p>\n","protected":false},"author":28,"featured_media":329468,"comment_status":"closed","ping_status":"","sticky":true,"template":"","format":"standard","meta":{"footnotes":""},"categories":[24,29,27],"tags":[],"class_list":["post-460076","post","type-post","status-publish","format-standard","has-post-thumbnail","hentry","category-justicia-y-derecho","category-policiasucesos","category-portada"],"_links":{"self":[{"href":"https:\/\/diariodominicano.com\/index.php?rest_route=\/wp\/v2\/posts\/460076","targetHints":{"allow":["GET"]}}],"collection":[{"href":"https:\/\/diariodominicano.com\/index.php?rest_route=\/wp\/v2\/posts"}],"about":[{"href":"https:\/\/diariodominicano.com\/index.php?rest_route=\/wp\/v2\/types\/post"}],"author":[{"embeddable":true,"href":"https:\/\/diariodominicano.com\/index.php?rest_route=\/wp\/v2\/users\/28"}],"replies":[{"embeddable":true,"href":"https:\/\/diariodominicano.com\/index.php?rest_route=%2Fwp%2Fv2%2Fcomments&post=460076"}],"version-history":[{"count":1,"href":"https:\/\/diariodominicano.com\/index.php?rest_route=\/wp\/v2\/posts\/460076\/revisions"}],"predecessor-version":[{"id":460077,"href":"https:\/\/diariodominicano.com\/index.php?rest_route=\/wp\/v2\/posts\/460076\/revisions\/460077"}],"wp:featuredmedia":[{"embeddable":true,"href":"https:\/\/diariodominicano.com\/index.php?rest_route=\/wp\/v2\/media\/329468"}],"wp:attachment":[{"href":"https:\/\/diariodominicano.com\/index.php?rest_route=%2Fwp%2Fv2%2Fmedia&parent=460076"}],"wp:term":[{"taxonomy":"category","embeddable":true,"href":"https:\/\/diariodominicano.com\/index.php?rest_route=%2Fwp%2Fv2%2Fcategories&post=460076"},{"taxonomy":"post_tag","embeddable":true,"href":"https:\/\/diariodominicano.com\/index.php?rest_route=%2Fwp%2Fv2%2Ftags&post=460076"}],"curies":[{"name":"wp","href":"https:\/\/api.w.org\/{rel}","templated":true}]}}