{"id":460074,"date":"2023-08-01T18:51:37","date_gmt":"2023-08-01T22:51:37","guid":{"rendered":"http:\/\/diariodominicano.com\/?p=460074"},"modified":"2023-08-01T18:58:50","modified_gmt":"2023-08-01T22:58:50","slug":"el-pleno-de-la-segunda-sala-penal-del-distrito-nacional-fija-para-el-21-de-septiembre-la-lectura-de-fallo-en-apelacion-contra-exfuncionarios-condenados-por-desfalco-al-semma","status":"publish","type":"post","link":"https:\/\/diariodominicano.com\/?p=460074","title":{"rendered":"El pleno de la Segunda Sala Penal del Distrito Nacional fija para el 21 de septiembre la lectura de fallo en apelaci\u00f3n contra exfuncionarios condenados por desfalco al SEMMA"},"content":{"rendered":"\n<p><strong>SANTO DOMINGO (Rep\u00fablica Dominicana).-<\/strong>&nbsp;El pleno de la Segunda Sala Penal del Distrito Nacional fij\u00f3 para el jueves 21 de septiembre, a las 11:00 de la ma\u00f1ana, la lectura del fallo del recurso de apelaci\u00f3n a la sentencia que conden\u00f3 a tres exfuncionarios del Seguro M\u00e9dico para Maestros (SEMMA), que fueron acusados de incurrir en prevaricaci\u00f3n y desfalco al Estado dominicano por m\u00e1s de RD$500 millones.<\/p>\n\n\n\n<p>Durante la audiencia de este martes, el Ministerio P\u00fablico solicit\u00f3 al pleno, encabezado por la magistrada Rosalba Garib y compuesto por los jueces Te\u00f3filo And\u00fajar y Delio Germ\u00e1n, rechazar en todas sus partes el recurso de apelaci\u00f3n interpuesto, Marcelino Rijo Guzm\u00e1n, Eddy Leonardo Terrero Ferm\u00edn y B\u00e9lgica Olga D\u00edaz Moreno.<\/p>\n\n\n\n<p>\u201cEsta sentencia es la segunda que emite un tribunal competente, y esto se debe a que las pruebas contra los condenados son irrefutables\u201d, indic\u00f3 el Ministerio P\u00fablico en sus argumentos ante el tribunal.<\/p>\n\n\n\n<p>Los fiscales adscritos a la Procuradur\u00eda Especializada de Persecuci\u00f3n a la Corrupci\u00f3n Administrativa (Pepca),&nbsp; se\u00f1alaron que la sentencia emitida por el Primer Tribunal Colegiado del Distrito Nacional est\u00e1 amparada y sustentadas en las pruebas que confirman la violaci\u00f3n a varios art\u00edculos del C\u00f3digo Penal Dominicano, la Constituci\u00f3n de la Rep\u00fablica, precedidas de la violaci\u00f3n a la Ley No. 340-06 sobre Compras y Contrataciones de Bienes y Servicios, modificada por la Ley No. 449-06, la Ley Org\u00e1nica de Educaci\u00f3n No. 66-97, los Decretos Nos. 490-07, 2745, 543-86 y 639-03 y la Convenci\u00f3n Interamericana contra la Corrupci\u00f3n y la Convenci\u00f3n de las Naciones Unidas contra la Corrupci\u00f3n.<\/p>\n\n\n\n<p>Los recurrentes han solicitado al tribunal que sea anulada la sentencia del emitida por el Primer Tribunal Colegiado en septiembre del a\u00f1o 2019, misma que tambi\u00e9n contempla la degradaci\u00f3n c\u00edvica, en cuanto a no ostentar cargos y empleos p\u00fablicos por el mismo per\u00edodo de la pena impuesta, as\u00ed como al pago cada uno de una multa ascendente a la suma de RD$500 mil y que de igual modo, orden\u00f3 que Rijo Guzm\u00e1n y Moreno paguen las costas penales del proceso.<\/p>\n\n\n\n<p>El dispositivo de la sentencia establece adem\u00e1s que deber\u00e1n restablecer a la ARS SEMMA, en el caso Marcelino Rijo Guzm\u00e1n m\u00e1s de un mill\u00f3n de pesos, Eddy Leonardo Terrero Ferm\u00edn tambi\u00e9n deber\u00e1n pagar de forma solidaria m\u00e1s de 64 millones de pesos y D\u00edaz Montero m\u00e1s de un mill\u00f3n y medio de pesos.<\/p>\n\n\n\n<p>En el aspecto civil, el tribunal conden\u00f3 a los tres imputados al pago de RD$5 millones cada uno a favor del SEMMA como justa y adecuada indemnizaci\u00f3n por los da\u00f1os que le causaron.<\/p>\n\n\n\n<p>&nbsp; .<\/p>\n\n\n\n<p><strong>Direcci\u00f3n General de Comunicaci\u00f3n, Prensa, y RRPP<\/strong><\/p>\n\n\n\n<p>Ministerio P\u00fablico.&nbsp;R.D.<\/p>\n\n\n\n<p>Lunes, 1 de agosto de 2023<\/p>\n\n\n\n<p><\/p>\n","protected":false},"excerpt":{"rendered":"<p>SANTO DOMINGO (Rep\u00fablica Dominicana).-&nbsp;El pleno de la Segunda Sala Penal del Distrito Nacional fij\u00f3 para el jueves 21 de septiembre, a las 11:00 de la ma\u00f1ana, la lectura del fallo del recurso de apelaci\u00f3n a la sentencia que conden\u00f3 a tres exfuncionarios del Seguro M\u00e9dico para Maestros (SEMMA), que fueron acusados de incurrir en prevaricaci\u00f3n [&hellip;]<\/p>\n","protected":false},"author":28,"featured_media":283908,"comment_status":"closed","ping_status":"","sticky":true,"template":"","format":"standard","meta":{"footnotes":""},"categories":[24,29,27],"tags":[],"class_list":["post-460074","post","type-post","status-publish","format-standard","has-post-thumbnail","hentry","category-justicia-y-derecho","category-policiasucesos","category-portada"],"_links":{"self":[{"href":"https:\/\/diariodominicano.com\/index.php?rest_route=\/wp\/v2\/posts\/460074","targetHints":{"allow":["GET"]}}],"collection":[{"href":"https:\/\/diariodominicano.com\/index.php?rest_route=\/wp\/v2\/posts"}],"about":[{"href":"https:\/\/diariodominicano.com\/index.php?rest_route=\/wp\/v2\/types\/post"}],"author":[{"embeddable":true,"href":"https:\/\/diariodominicano.com\/index.php?rest_route=\/wp\/v2\/users\/28"}],"replies":[{"embeddable":true,"href":"https:\/\/diariodominicano.com\/index.php?rest_route=%2Fwp%2Fv2%2Fcomments&post=460074"}],"version-history":[{"count":1,"href":"https:\/\/diariodominicano.com\/index.php?rest_route=\/wp\/v2\/posts\/460074\/revisions"}],"predecessor-version":[{"id":460075,"href":"https:\/\/diariodominicano.com\/index.php?rest_route=\/wp\/v2\/posts\/460074\/revisions\/460075"}],"wp:featuredmedia":[{"embeddable":true,"href":"https:\/\/diariodominicano.com\/index.php?rest_route=\/wp\/v2\/media\/283908"}],"wp:attachment":[{"href":"https:\/\/diariodominicano.com\/index.php?rest_route=%2Fwp%2Fv2%2Fmedia&parent=460074"}],"wp:term":[{"taxonomy":"category","embeddable":true,"href":"https:\/\/diariodominicano.com\/index.php?rest_route=%2Fwp%2Fv2%2Fcategories&post=460074"},{"taxonomy":"post_tag","embeddable":true,"href":"https:\/\/diariodominicano.com\/index.php?rest_route=%2Fwp%2Fv2%2Ftags&post=460074"}],"curies":[{"name":"wp","href":"https:\/\/api.w.org\/{rel}","templated":true}]}}