{"id":460056,"date":"2023-08-01T18:31:07","date_gmt":"2023-08-01T22:31:07","guid":{"rendered":"http:\/\/diariodominicano.com\/?p=460056"},"modified":"2023-08-01T18:31:07","modified_gmt":"2023-08-01T22:31:07","slug":"condenan-a-5-anos-de-prision-a-un-hombre-que-abuso-sexualmente-de-una-menor-de-edad-en-monte-plata","status":"publish","type":"post","link":"https:\/\/diariodominicano.com\/?p=460056","title":{"rendered":"Condenan a 5 a\u00f1os de prisi\u00f3n a un hombre que abus\u00f3 sexualmente de una menor de edad en Monte Plata"},"content":{"rendered":"\n<p>MONTE PLATA, Rep\u00fablica Dominicana.-El Ministerio P\u00fablico obtuvo una sentencia condenatoria de cinco a\u00f1os de prisi\u00f3n en contra de un hombre que fue hallado culpable de abusar sexualmente de una menor de edad, en un hecho ocurrido en el municipio Sabana Grande de Boya, en el a\u00f1o 2021.\u00a0<\/p>\n\n\n\n<p>El Tribunal Colegiado Monte Plata, luego de acoger las conclusiones del Ministerio P\u00fablico, conden\u00f3 al acusado Junior S\u00e1nchez, identificado tambi\u00e9n como Jhunior Romili Luna S\u00e1nchez, tras declararlo culpable de cometer el abuso sexual contra la ni\u00f1a, de 11 a\u00f1os de edad, de quien se omite su nombre por razones legales.&nbsp;<\/p>\n\n\n\n<p>El \u00f3rgano acusador estableci\u00f3 en el proceso que en fecha 5 de octubre de 2021, a las 6:00 de la tarde, el hoy condenado llev\u00f3 bajo enga\u00f1o a la ni\u00f1a a una escuela abandonada de dicho municipio, donde cometi\u00f3 el abuso sexual. S\u00e1nchez le prometi\u00f3 a la menor de edad que no le pasar\u00eda nada, sin embargo, al llegar al lugar, sostuvo relaciones sexuales con ella. El caso fue denunciado por familiares de la menor de edad ante la Unidad de Atenci\u00f3n Integral a la Violencia de G\u00e9nero, Intrafamiliar y Delitos Sexuales de esta provincia, estableci\u00e9ndose posteriormente la vinculaci\u00f3n de acusado con el hecho delictivo.<\/p>\n\n\n\n<p>La acusaci\u00f3n presentada por la fiscal de este distrito judicial Zaida Rogelia V\u00e1squez Sandoval fue acogida por el tribunal, integrado por los jueces Hilda Nieves S\u00e1nchez Luna (presidenta), Isa\u00edas Ronaldo Mart\u00ednez P\u00e9rez, primer sustituto, y Johanna Giselle Reyes Moquete, miembro, quienes dictaron la sentencia condenatoria luego de que lo declararan culpable de violar las disposiciones contenidas en el art\u00edculo 396, letra C, del C\u00f3digo para la Protecci\u00f3n y los Derechos Fundamentales de los Ni\u00f1os, Ni\u00f1as y Adolescentes (Ley 136-03), que sanciona el abuso sexual contra los menores de edad.&nbsp;<\/p>\n\n\n\n<p>El tribunal orden\u00f3 el cumplimiento de la sentencia en el Centro de Correcci\u00f3n y Rehabilitaci\u00f3n (CCR) de Monte Plata.&nbsp;&nbsp;&nbsp;<\/p>\n\n\n\n<p><strong>Direcci\u00f3n General de Comunicaci\u00f3n, Prensa, y RRPP<\/strong><strong><\/strong><\/p>\n\n\n\n<p>Ministerio P\u00fablico.&nbsp;R.D.<\/p>\n\n\n\n<p>Martes, 1 de agosto de 2023.<\/p>\n","protected":false},"excerpt":{"rendered":"<p>MONTE PLATA, Rep\u00fablica Dominicana.-El Ministerio P\u00fablico obtuvo una sentencia condenatoria de cinco a\u00f1os de prisi\u00f3n en contra de un hombre que fue hallado culpable de abusar sexualmente de una menor de edad, en un hecho ocurrido en el municipio Sabana Grande de Boya, en el a\u00f1o 2021.\u00a0 El Tribunal Colegiado Monte Plata, luego de acoger [&hellip;]<\/p>\n","protected":false},"author":28,"featured_media":367901,"comment_status":"closed","ping_status":"","sticky":true,"template":"","format":"standard","meta":{"footnotes":""},"categories":[24,29,27],"tags":[],"class_list":["post-460056","post","type-post","status-publish","format-standard","has-post-thumbnail","hentry","category-justicia-y-derecho","category-policiasucesos","category-portada"],"_links":{"self":[{"href":"https:\/\/diariodominicano.com\/index.php?rest_route=\/wp\/v2\/posts\/460056","targetHints":{"allow":["GET"]}}],"collection":[{"href":"https:\/\/diariodominicano.com\/index.php?rest_route=\/wp\/v2\/posts"}],"about":[{"href":"https:\/\/diariodominicano.com\/index.php?rest_route=\/wp\/v2\/types\/post"}],"author":[{"embeddable":true,"href":"https:\/\/diariodominicano.com\/index.php?rest_route=\/wp\/v2\/users\/28"}],"replies":[{"embeddable":true,"href":"https:\/\/diariodominicano.com\/index.php?rest_route=%2Fwp%2Fv2%2Fcomments&post=460056"}],"version-history":[{"count":1,"href":"https:\/\/diariodominicano.com\/index.php?rest_route=\/wp\/v2\/posts\/460056\/revisions"}],"predecessor-version":[{"id":460057,"href":"https:\/\/diariodominicano.com\/index.php?rest_route=\/wp\/v2\/posts\/460056\/revisions\/460057"}],"wp:featuredmedia":[{"embeddable":true,"href":"https:\/\/diariodominicano.com\/index.php?rest_route=\/wp\/v2\/media\/367901"}],"wp:attachment":[{"href":"https:\/\/diariodominicano.com\/index.php?rest_route=%2Fwp%2Fv2%2Fmedia&parent=460056"}],"wp:term":[{"taxonomy":"category","embeddable":true,"href":"https:\/\/diariodominicano.com\/index.php?rest_route=%2Fwp%2Fv2%2Fcategories&post=460056"},{"taxonomy":"post_tag","embeddable":true,"href":"https:\/\/diariodominicano.com\/index.php?rest_route=%2Fwp%2Fv2%2Ftags&post=460056"}],"curies":[{"name":"wp","href":"https:\/\/api.w.org\/{rel}","templated":true}]}}