{"id":460002,"date":"2023-08-01T14:56:34","date_gmt":"2023-08-01T18:56:34","guid":{"rendered":"http:\/\/diariodominicano.com\/?p=460002"},"modified":"2023-08-01T14:56:34","modified_gmt":"2023-08-01T18:56:34","slug":"capturados-dos-hombres-despues-de-sustraer-mas-de-70-mil-pesos-en-un-colmado-en-juncalito","status":"publish","type":"post","link":"https:\/\/diariodominicano.com\/?p=460002","title":{"rendered":"Capturados dos hombres despu\u00e9s de sustraer m\u00e1s de 70 mil pesos en un colmado en Juncalito"},"content":{"rendered":"\n<p>diariodominicano.com<\/p>\n\n\n\n<p><strong>Recuperan dinero sustra\u00eddo y les ocupan arma de fuego ilegal.-<\/strong><\/p>\n\n\n\n<p><strong>Santiago,  R. D., 1 de Agosto del 2023<\/strong>.- Capturados dos hombres por agentes policiales adscritos al destacamento de la Otra Banda, despu\u00e9s de haber asaltado a punta de pistola un establecimiento comercial, ubicado en el distrito municipal Juncalito, sustrayendo m\u00e1s de 70 mil pesos en efectivo y d\u00f3lares, siendo posteriormente recuperados por los agentes actuantes y ocupando un revolver ilegal.<\/p>\n\n\n\n<p>Se trata de los nombrados Rendy de la Cruz Rodr\u00edguez y Yeraldo Fr\u00edas M\u00e9ndez, de 23 y 25 a\u00f1os respectivamente, residentes en el municipio Sabana Iglesia.<\/p>\n\n\n\n<p>Los desprevenidos fueron apresados momentos en que se desplazaban por la calle principal&nbsp; de&nbsp; la localidad&nbsp; El Caimito, J\u00e1nico, a bordo de una motocicleta Loncin, de color negro, quienes al ser requisados al primero se le ocup\u00f3 un rev\u00f3lver Smith Wesson,&nbsp; calibre 38, serie No. S963312, con dos c\u00e1psulas.<\/p>\n\n\n\n<p>Adem\u00e1s&nbsp; le fue ocupada una funda conteniendo la suma de $77,360.00 pesos en efectivo, seis d\u00f3lares y dos celulares.<\/p>\n\n\n\n<p>Los detenidos se encuentran&nbsp; bajo custodia policial, los mismos en las pr\u00f3ximas horas ser\u00e1n enviados al Ministerio P\u00fablico para los fines legales correspondientes.<\/p>\n\n\n\n<p>Fuente:  <strong>OFICINA DE INFORMACI\u00d3N Y COMUNICACIONES ESTRAT\u00c9GICAS DIRECCI\u00d3N REGIONAL CIBAO CENTRAL DE LA POLIC\u00cdA NACIONAL<\/strong><\/p>\n\n\n\n<p><\/p>\n","protected":false},"excerpt":{"rendered":"<p>diariodominicano.com Recuperan dinero sustra\u00eddo y les ocupan arma de fuego ilegal.- Santiago, R. D., 1 de Agosto del 2023.- Capturados dos hombres por agentes policiales adscritos al destacamento de la Otra Banda, despu\u00e9s de haber asaltado a punta de pistola un establecimiento comercial, ubicado en el distrito municipal Juncalito, sustrayendo m\u00e1s de 70 mil pesos [&hellip;]<\/p>\n","protected":false},"author":5,"featured_media":460006,"comment_status":"closed","ping_status":"","sticky":true,"template":"","format":"standard","meta":{"footnotes":""},"categories":[29,27],"tags":[],"class_list":["post-460002","post","type-post","status-publish","format-standard","has-post-thumbnail","hentry","category-policiasucesos","category-portada"],"_links":{"self":[{"href":"https:\/\/diariodominicano.com\/index.php?rest_route=\/wp\/v2\/posts\/460002","targetHints":{"allow":["GET"]}}],"collection":[{"href":"https:\/\/diariodominicano.com\/index.php?rest_route=\/wp\/v2\/posts"}],"about":[{"href":"https:\/\/diariodominicano.com\/index.php?rest_route=\/wp\/v2\/types\/post"}],"author":[{"embeddable":true,"href":"https:\/\/diariodominicano.com\/index.php?rest_route=\/wp\/v2\/users\/5"}],"replies":[{"embeddable":true,"href":"https:\/\/diariodominicano.com\/index.php?rest_route=%2Fwp%2Fv2%2Fcomments&post=460002"}],"version-history":[{"count":1,"href":"https:\/\/diariodominicano.com\/index.php?rest_route=\/wp\/v2\/posts\/460002\/revisions"}],"predecessor-version":[{"id":460007,"href":"https:\/\/diariodominicano.com\/index.php?rest_route=\/wp\/v2\/posts\/460002\/revisions\/460007"}],"wp:featuredmedia":[{"embeddable":true,"href":"https:\/\/diariodominicano.com\/index.php?rest_route=\/wp\/v2\/media\/460006"}],"wp:attachment":[{"href":"https:\/\/diariodominicano.com\/index.php?rest_route=%2Fwp%2Fv2%2Fmedia&parent=460002"}],"wp:term":[{"taxonomy":"category","embeddable":true,"href":"https:\/\/diariodominicano.com\/index.php?rest_route=%2Fwp%2Fv2%2Fcategories&post=460002"},{"taxonomy":"post_tag","embeddable":true,"href":"https:\/\/diariodominicano.com\/index.php?rest_route=%2Fwp%2Fv2%2Ftags&post=460002"}],"curies":[{"name":"wp","href":"https:\/\/api.w.org\/{rel}","templated":true}]}}