{"id":45992,"date":"2019-02-05T21:14:13","date_gmt":"2019-02-05T21:14:13","guid":{"rendered":"http:\/\/diariodominicano.ddns.net\/?p=45992"},"modified":"2019-02-05T21:14:13","modified_gmt":"2019-02-05T21:14:13","slug":"que-quedo-despues-de-no-quedar-nada","status":"publish","type":"post","link":"https:\/\/diariodominicano.com\/?p=45992","title":{"rendered":"\u00bfQu\u00e9 qued\u00f3 despu\u00e9s de no quedar nada?"},"content":{"rendered":"<p><body><\/p>\n<p><strong>Leonardo Boff<\/strong><\/p>\n<\/p>\n<p>En Brasil muchos vivimos una situaci\u00f3n de luto. Se impone el luto cuando sufrimos p\u00e9rdidas: muchos muertos y cientos de desaparecidos por la rotura de la presa de la Vale que destruy\u00f3 criminalmente la ciudad de Brumadinho. La p\u00e9rdida de la persona amada, del empleo que protege la familia, la emigraci\u00f3n forzada a causa de amenazas de muerte. El luto es mayor cuando alcanza bienes fundamentales de un pa\u00eds: retroceso de la democracia, p\u00e9rdida de los derechos laborales garantizados hace muchos a\u00f1os, disminuci\u00f3n de las pensiones de los ancianos, recortes de las pol\u00edticas p\u00fablicas para pobres y miserables, privatizaci\u00f3n de los commons, bienes fundamentales para la soberan\u00eda del pa\u00eds&#8230; Pero el gran luto es tener que aceptar a un presidente que ha reforzado la cultura del odio, que desconoce las cuestiones nacionales, que nos ha avergonzado en Davos, donde los due\u00f1os del dinero del mundo se re\u00fanen para garantizar sus intereses. Su discurso, que podr\u00eda haber sido de 45 minutos, dur\u00f3 escasos seis, pues eso era todo lo poco que ten\u00eda que decir. Cancel\u00f3 las entrevistas para ocultar su ignorancia y las acusaciones graves que pesan sobre un miembro de su familia.<\/p>\n<\/p>\n<\/p>\n<p>Es un gran desaf\u00edo para todos elaborar las p\u00e9rdidas y alimentar la resiliencia, que significa saber revertir esta coyuntura adversa y aprender las lecciones que brotan de esta situaci\u00f3n de luto.<\/p>\n<\/p>\n<\/p>\n<p>Son varios los pasos a dar en este camino.<\/p>\n<\/p>\n<\/p>\n<p>El primer paso es la indignaci\u00f3n, que se expresa mediante la sorpresa: es criminal la ruptura de la presa de la Vale. \u00bfMerec\u00eda el pa\u00eds tal gobierno? Descubrimos que la vida comporta tragedias que hacen sufrir especialmente a los pobres. Y no raramente nos culpamos por no haber tenido cuidado y haberlas percibido antes.<\/p>\n<\/p>\n<\/p>\n<p>El segundo paso es el rechazo sufrido: \u00bfc\u00f3mo fue posible llegar a este punto con la Vale, elegiendo a un presidente con muy pocas luces y con algunas caracter\u00edsticas propias del fascismo? \u00bfD\u00f3nde nos equivocamos? Inicialmente tendemos a rechazar el hecho. Pero \u00e9l est\u00e1 ah\u00ed, grosero y tosco.<\/p>\n<\/p>\n<\/p>\n<p>El tercer paso es la depresi\u00f3n psicol\u00f3gica asociada a la recesi\u00f3n econ\u00f3mica. Hemos llegado al fondo del pozo. La econom\u00eda es para el mercado que se beneficia de la crisis mientras lanza a millones de personas a la pobreza. Estamos pose\u00eddos por un vac\u00edo existencial y el desinter\u00e9s por las cosas de la vida. \u00bfQui\u00e9n consolar\u00e1 a los familiares de las v\u00edctimas de Brumadinho? \u00bfQui\u00e9n les reforzar\u00e1 la esperanza de que las promesas de reconstrucci\u00f3n van a ser cumplidas?<\/p>\n<\/p>\n<\/p>\n<p>El cuarto paso es el autofortalecimiento. Hacemos una especie de negociaci\u00f3n con la frustraci\u00f3n y la depresi\u00f3n. Estas cosas siniestras pertenecen a la vida, con sus contradicciones. No nos podemos hundir, ni perder nuestros proyectos y sue\u00f1os. Necesitamos volver a levantar las casas de Brumadinho. Vale, empresa privada que piensa m\u00e1s en sus ganancias que en las personas, tiene que sacar duras lecciones para evitar nuevos cr\u00edmenes ambientales. El luto debe generar presiones por parte del pueblo y nuevas iniciativas. Podemos salir m\u00e1s fuertes de este luto.<\/p>\n<\/p>\n<\/p>\n<p>El quinto paso es la aceptaci\u00f3n dolorosa del hecho ineludible. El luto debe pasar de delante de los ojos a detr\u00e1s de la cabeza, a pesar de las im\u00e1genes imborrables del crimen. Nadie sale del luto como entr\u00f3. Madura a duras penas y experimenta que, en el caso del nuevo gobierno brasile\u00f1o de derechas, no toda la p\u00e9rdida es total: trae siempre una ganancia social y pol\u00edtica.<\/p>\n<\/p>\n<\/p>\n<p>Todo luto requiere una traves\u00eda paciente. Parece que nuestras estrellas guiadoras se han apagado, pero el cielo contin\u00faa iluminando nuestras noches oscuras. Las nubes pueden tapar al Cristo Redentor del Corcovado, pero \u00e9l sigue all\u00ed. Incluso sin verlo, creemos en su presencia. Bolsonaro tambi\u00e9n pasar\u00e1. Cristo, no. Enjugar\u00e1 las l\u00e1grimas de los familiares que sufren.<\/p>\n<\/p>\n<\/p>\n<p>Con respecto a nuestra situaci\u00f3n pol\u00edtica, hay que reconocer que nuestro \u00e1rbol fue mutilado: cortaron la copa, arrancaron las hojas, destruyeron las flores y los frutos, abatieron su tronco y arrancaron las ra\u00edces. \u00bfQu\u00e9 qued\u00f3 despu\u00e9s de no quedar nada? Qued\u00f3 lo esencial que el luto inducido no puede destruir: qued\u00f3 la semilla. En ella est\u00e1n en potencia las ra\u00edces, el tronco, las hojas, las flores, los frutos y la copa frondosa.<\/p>\n<\/p>\n<\/p>\n<p>Todo puede volver a comenzar. Recomenzaremos, m\u00e1s seguros por m\u00e1s experimentados, m\u00e1s experimentados por m\u00e1s sufridos, m\u00e1s sufridos por m\u00e1s dispuestos para un nuevo sue\u00f1o. El luto pasar\u00e1. Ser\u00e1 tiempo de rehacer un Brasil m\u00e1s cordial, solidario, justo y hospitalario.<\/p>\n<\/p>\n<\/p>\n<p>2019-02-02<\/p>\n<\/p>\n<\/p>\n<p>P\u00e1gina de Boff en Koinon\u00eda<\/p>\n<\/p>\n<p><strong>P\u00e1gina de Leonardo Boff<\/strong><\/p>\n<\/p>\n<\/p>\n<p>https:\/\/www.alainet.org\/es\/articulo\/197928<\/p>\n<p>Facebook7 Twitter Pinterest LinkedIn WhatsApp Compartir<\/p>\n<p>Del mismo autor<\/p>\n<p>No Brasil abriram-se janelas do inferno    05\/02\/2019<\/p>\n<p>\u00bfQu\u00e9 qued\u00f3 despu\u00e9s de no quedar nada?    04\/02\/2019<\/p>\n<p>O que sobra depois de n\u00e3o sobrar nada?    30\/01\/2019<\/p>\n<p>La discriminaci\u00f3n de los afrodescendientes contin\u00faa    28\/01\/2019<\/p>\n<p>A discrimina\u00e7\u00e3o dos afrodescentes continua    22\/01\/2019<\/p>\n<p>El misterioso destino de cada uno    21\/01\/2019<\/p>\n<p>O misterioso destino de cada um    14\/01\/2019<\/p>\n<p>Ante el nuevo gobierno de ultraderecha, que San Jorge nos socorra    09\/01\/2019<\/p>\n<p>Face ao novo Governo que nos valha S\u00e3o Jorge    04\/01\/2019<\/p>\n<p>2019: \u00bfvuelo ciego, rumbo a lo incierto?    04\/01\/2019<\/p>\n<h6> 2019-02-05 21:14:13 <\/h6>\n<p><!--\n<link rel=\"stylesheet\" href=\"css\/bootstrap.min.css\">\n\n\n<ul class=\"pagination\">\n\t    \n\t\n\n<li >\n\t<a href='?page_no=864'>Previous<\/a>\n\t<\/li>\n\n\n       \n    \n\n<li><a href='?page_no=1'>1<\/a><\/li>\n\n\n\n<li><a href='?page_no=2'>2<\/a><\/li>\n\n\n\n<li><a>...<\/a><\/li>\n\n\n\n<li><a href='?page_no=863'>863<\/a><\/li>\n\n\n\n<li><a href='?page_no=864'>864<\/a><\/li>\n\n\n\n<li class='active'><a>865<\/a><\/li>\n\n\n\n<li><a href='?page_no=866'>866<\/a><\/li>\n\n\n\n<li><a href='?page_no=867'>867<\/a><\/li>\n\n\n\n<li><a>...<\/a><\/li>\n\n\n\n<li><a href='?page_no=13611'>13611<\/a><\/li>\n\n\n\n<li><a href='?page_no=13612'>13612<\/a><\/li>\n\n    \n\t\n\n<li >\n\t<a href='?page_no=866'>Next<\/a>\n\t<\/li>\n\n\n    \n\n<li><a href='?page_no=13612'>Last &rsaquo;&rsaquo;<\/a><\/li>\n\n<\/ul>\n\n\n--><br \/>\n<\/body><\/p>\n","protected":false},"excerpt":{"rendered":"<p>Leonardo Boff En Brasil muchos vivimos una situaci\u00f3n de luto. Se impone el luto cuando sufrimos p\u00e9rdidas: muchos muertos y cientos de desaparecidos por la rotura de la presa de la Vale que destruy\u00f3 criminalmente la ciudad de Brumadinho. La p\u00e9rdida de la persona amada, del empleo que protege la familia, la emigraci\u00f3n forzada a [&hellip;]<\/p>\n","protected":false},"author":3,"featured_media":0,"comment_status":"open","ping_status":"open","sticky":false,"template":"","format":"standard","meta":{"footnotes":""},"categories":[16],"tags":[],"class_list":["post-45992","post","type-post","status-publish","format-standard","hentry","category-opiniones"],"_links":{"self":[{"href":"https:\/\/diariodominicano.com\/index.php?rest_route=\/wp\/v2\/posts\/45992","targetHints":{"allow":["GET"]}}],"collection":[{"href":"https:\/\/diariodominicano.com\/index.php?rest_route=\/wp\/v2\/posts"}],"about":[{"href":"https:\/\/diariodominicano.com\/index.php?rest_route=\/wp\/v2\/types\/post"}],"author":[{"embeddable":true,"href":"https:\/\/diariodominicano.com\/index.php?rest_route=\/wp\/v2\/users\/3"}],"replies":[{"embeddable":true,"href":"https:\/\/diariodominicano.com\/index.php?rest_route=%2Fwp%2Fv2%2Fcomments&post=45992"}],"version-history":[{"count":0,"href":"https:\/\/diariodominicano.com\/index.php?rest_route=\/wp\/v2\/posts\/45992\/revisions"}],"wp:attachment":[{"href":"https:\/\/diariodominicano.com\/index.php?rest_route=%2Fwp%2Fv2%2Fmedia&parent=45992"}],"wp:term":[{"taxonomy":"category","embeddable":true,"href":"https:\/\/diariodominicano.com\/index.php?rest_route=%2Fwp%2Fv2%2Fcategories&post=45992"},{"taxonomy":"post_tag","embeddable":true,"href":"https:\/\/diariodominicano.com\/index.php?rest_route=%2Fwp%2Fv2%2Ftags&post=45992"}],"curies":[{"name":"wp","href":"https:\/\/api.w.org\/{rel}","templated":true}]}}