{"id":459889,"date":"2023-08-01T09:30:23","date_gmt":"2023-08-01T13:30:23","guid":{"rendered":"http:\/\/diariodominicano.com\/?p=459889"},"modified":"2023-08-01T10:33:21","modified_gmt":"2023-08-01T14:33:21","slug":"dalila-zapata-la-primera-modelo-con-sindrome-de-down-que-busca-la-corona-del-miss-mister-hispanoamerica-internacional","status":"publish","type":"post","link":"https:\/\/diariodominicano.com\/?p=459889","title":{"rendered":"Dalila Zapata: la primera modelo con S\u00edndrome de Down que busca la corona del \u201cMiss Mister Hispanoam\u00e9rica Internacional\u201d"},"content":{"rendered":"\n<p> Dalila Zapata <\/p>\n\n\n\n<p><strong>Santo Domingo. Lunes, 31 de julio de 2023.<\/strong>&nbsp;Dalila Zapata, una joven puertorrique\u00f1a con S\u00edndrome de Down, se convirti\u00f3 en la primera ganadora, en su condici\u00f3n, en ganar el certamen de \u201cMiss Universe Model Puerto Rico 2023\u201d, se propone alcanzar otra corona en la Rep\u00fablica Dominicana.<\/p>\n\n\n\n<figure class=\"wp-block-image size-full\"><img loading=\"lazy\" decoding=\"async\" width=\"817\" height=\"1024\" src=\"https:\/\/diariodominicano.com\/wp-content\/uploads\/2023\/08\/f29d1264-ff75-47e7-9e11-6865174d3f42.jpeg\" alt=\"\" class=\"wp-image-459892\" srcset=\"https:\/\/diariodominicano.com\/wp-content\/uploads\/2023\/08\/f29d1264-ff75-47e7-9e11-6865174d3f42.jpeg 817w, https:\/\/diariodominicano.com\/wp-content\/uploads\/2023\/08\/f29d1264-ff75-47e7-9e11-6865174d3f42-239x300.jpeg 239w, https:\/\/diariodominicano.com\/wp-content\/uploads\/2023\/08\/f29d1264-ff75-47e7-9e11-6865174d3f42-768x963.jpeg 768w\" sizes=\"auto, (max-width: 817px) 100vw, 817px\" \/><\/figure>\n\n\n\n<p>Con su lema de vida \u201cEcha pa\u00b4lante, t\u00fa puedes\u201d, Zapata llegar\u00e1 a Punta Cana, Rep\u00fablica Dominicana para participar en el \u201cMiss &amp; Mister Hispanoam\u00e9rica Internacional\u201d, que se celebrar\u00e1 el 7 de agosto de este a\u00f1o en la zona Este del pa\u00eds, pero la agenda inicia el 1 de ese mes y culmina el d\u00eda de la celebraci\u00f3n.<\/p>\n\n\n\n<p>La franquicia anunci\u00f3 que integrar\u00e1 a Dalila Zapata a la competencia y adem\u00e1s la joven boricua participar\u00e1 en su plan de trabajo y actividades asociadas al certamen durante todo el mes de agosto de este 2023.<\/p>\n\n\n\n<p>\u201cHispanoam\u00e9rica Internacional promueve no solamente la belleza de sus embajadores, sino la inteligencia y empoderamiento de ellos con la cultura y recursos naturales a nivel internacional\u201d, inform\u00f3 el equipo de Zapata a trav\u00e9s de un comunicado.<\/p>\n\n\n\n<p>De su lado, Dalila Zapata, de 24 a\u00f1os, aspira a convertirse en un modelo de inclusi\u00f3n de las comunidades hist\u00f3ricamente excluidas por la sociedad luego de haberse convertido en la primera persona con S\u00edndrome de Down en ganar un concurso de este tipo.<\/p>\n\n\n\n<figure class=\"wp-block-image size-full\"><img loading=\"lazy\" decoding=\"async\" width=\"715\" height=\"1024\" src=\"https:\/\/diariodominicano.com\/wp-content\/uploads\/2023\/08\/b67f397f-3078-4f5f-8bf2-903f89b77a02-1.jpeg\" alt=\"\" class=\"wp-image-459895\" srcset=\"https:\/\/diariodominicano.com\/wp-content\/uploads\/2023\/08\/b67f397f-3078-4f5f-8bf2-903f89b77a02-1.jpeg 715w, https:\/\/diariodominicano.com\/wp-content\/uploads\/2023\/08\/b67f397f-3078-4f5f-8bf2-903f89b77a02-1-209x300.jpeg 209w\" sizes=\"auto, (max-width: 715px) 100vw, 715px\" \/><figcaption> Dalila Zapata  <\/figcaption><\/figure>\n\n\n\n<p><strong>Sobre Dalila Zapata<\/strong><\/p>\n\n\n\n<p>Desde muy joven, la beldad boricua, se ha caracterizado por su labor altruista y en 2022 don\u00f3 su cabello para la Fundaci\u00f3n de Pacientes Pedi\u00e1tricos con C\u00e1ncer; en 2019 recolect\u00f3 fondos para los pacientes del Hospital CAP en Puerto Rico; organiz\u00f3 la entrega de alimentos y ropa a los damnificados de Yauco, tambi\u00e9n en Puerto Rico, tras los terremotos que afectaron esa isla hace cuatro a\u00f1os, entre otras.<\/p>\n\n\n\n<p>Dalila Zapata tambi\u00e9n estudi\u00f3 cosmetolog\u00eda recibiendo reconocimientos por su excelente desempe\u00f1o en 2016. Tambi\u00e9n, ha recibido varios homenajes como s\u00edmbolo de superaci\u00f3n y aportes por varias entidades.<\/p>\n\n\n\n<p>Particip\u00f3 en eventos de modas en Puerto Rico como WEST Fashion Shows; Premio de \u201cMusa Especial\u201d en el 2011; \u201cLa Musa Del Disenador Carlos Alberto\u201d; San Juan Moda Shows; W de San Juan Modas en Vieques y St. Regis SJ Moda Holiday.<\/p>\n\n\n\n<p>En el Senado de Puerto Rico model\u00f3 y recibi\u00f3 reconocimiento por lo anterior.&nbsp;&nbsp;<\/p>\n\n\n\n<p>Ha hecho fotomontajes para Sears en Puerto Rico y shopper de back to school para La Libreta School Supply. Ha sido Maniqu\u00ed Viviente para la cadena de Tiendas Marianne y Walmart de Isabela.&nbsp;&nbsp;<\/p>\n\n\n\n<p>En el 2018, San Juan Moda, Inc. reconoci\u00f3 la val\u00eda y el desempe\u00f1o de Dalila por su contribuci\u00f3n al \u00e9xito de las pasarelas de San Juan Moda. Por ello le dedicaron su 11ma Edici\u00f3n celebrada. Dalila represent\u00f3 a todos los j\u00f3venes con S\u00edndrome Down en el corte de cinta, ceremonias y shows. Esta dedicatoria fue cubierta por toda la prensa local e internacional. Incluso figur\u00f3 en primera plana del Peri\u00f3dico El Nuevo Dia y secci\u00f3n Magac\u00edn.&nbsp;<\/p>\n\n\n\n<p>En Junio 2019 fue galardonada por el t\u00edtulo \u201cRising Star 2019\u201d representando a los j\u00f3venes de S\u00edndrome Down en el Desfile Puertorrique\u00f1o de New York, donde desfil\u00f3 por la Quinta Avenida con grandes celebridades, noticia que fue cubierta por&nbsp; NBC news como \u201cPuerto Rican Model with Down S\u00edndrome breaking barriers\u201d.&nbsp;<\/p>\n\n\n\n<p>En diciembre de 2012 particip\u00f3 como \u201cbartender\u201d de la pel\u00edcula de Vicente Castro \u201cEl Famili\u00f3n\u201d filmada en Hatillo, la cual se ha visto varias veces en la televisi\u00f3n. Ha recibido Proclamas de parte de los alcaldes de Moca donde resalta su superaci\u00f3n en el campo del modelaje. Adem\u00e1s, por dos ocasiones ha sido invitada y recibida en La Fortaleza por los Gobernadores de Puerto Rico.<\/p>\n\n\n\n<p>Jos\u00e9 Torres<a target=\"_blank\" href=\"mailto:josetorresdecena@gmail.com\" rel=\"noreferrer noopener\">josetorresdecena@gmail.com<\/a><\/p>\n","protected":false},"excerpt":{"rendered":"<p>Dalila Zapata Santo Domingo. Lunes, 31 de julio de 2023.&nbsp;Dalila Zapata, una joven puertorrique\u00f1a con S\u00edndrome de Down, se convirti\u00f3 en la primera ganadora, en su condici\u00f3n, en ganar el certamen de \u201cMiss Universe Model Puerto Rico 2023\u201d, se propone alcanzar otra corona en la Rep\u00fablica Dominicana. Con su lema de vida \u201cEcha pa\u00b4lante, t\u00fa [&hellip;]<\/p>\n","protected":false},"author":28,"featured_media":459894,"comment_status":"closed","ping_status":"","sticky":true,"template":"","format":"standard","meta":{"footnotes":""},"categories":[36,25,27,32],"tags":[],"class_list":["post-459889","post","type-post","status-publish","format-standard","has-post-thumbnail","hentry","category-hombresmujeresycosas","category-gente","category-portada","category-turismo"],"_links":{"self":[{"href":"https:\/\/diariodominicano.com\/index.php?rest_route=\/wp\/v2\/posts\/459889","targetHints":{"allow":["GET"]}}],"collection":[{"href":"https:\/\/diariodominicano.com\/index.php?rest_route=\/wp\/v2\/posts"}],"about":[{"href":"https:\/\/diariodominicano.com\/index.php?rest_route=\/wp\/v2\/types\/post"}],"author":[{"embeddable":true,"href":"https:\/\/diariodominicano.com\/index.php?rest_route=\/wp\/v2\/users\/28"}],"replies":[{"embeddable":true,"href":"https:\/\/diariodominicano.com\/index.php?rest_route=%2Fwp%2Fv2%2Fcomments&post=459889"}],"version-history":[{"count":2,"href":"https:\/\/diariodominicano.com\/index.php?rest_route=\/wp\/v2\/posts\/459889\/revisions"}],"predecessor-version":[{"id":459896,"href":"https:\/\/diariodominicano.com\/index.php?rest_route=\/wp\/v2\/posts\/459889\/revisions\/459896"}],"wp:featuredmedia":[{"embeddable":true,"href":"https:\/\/diariodominicano.com\/index.php?rest_route=\/wp\/v2\/media\/459894"}],"wp:attachment":[{"href":"https:\/\/diariodominicano.com\/index.php?rest_route=%2Fwp%2Fv2%2Fmedia&parent=459889"}],"wp:term":[{"taxonomy":"category","embeddable":true,"href":"https:\/\/diariodominicano.com\/index.php?rest_route=%2Fwp%2Fv2%2Fcategories&post=459889"},{"taxonomy":"post_tag","embeddable":true,"href":"https:\/\/diariodominicano.com\/index.php?rest_route=%2Fwp%2Fv2%2Ftags&post=459889"}],"curies":[{"name":"wp","href":"https:\/\/api.w.org\/{rel}","templated":true}]}}