{"id":459601,"date":"2023-07-31T00:43:30","date_gmt":"2023-07-31T04:43:30","guid":{"rendered":"http:\/\/diariodominicano.com\/?p=459601"},"modified":"2023-07-31T09:48:55","modified_gmt":"2023-07-31T13:48:55","slug":"dot-inicia-programa-calles-abiertas-en-los-cinco-condados-ny-miles-de-familias-disfrutaran","status":"publish","type":"post","link":"https:\/\/diariodominicano.com\/?p=459601","title":{"rendered":"DOT inicia programa \u201cCalles Abiertas\u201d en los cinco condados NY; miles de familias disfrutar\u00e1n"},"content":{"rendered":"\n<p><strong>Por Ram\u00f3n Mercedes<\/strong><\/p>\n\n\n\n<p><strong>NUEVA YORK.-<\/strong>&nbsp;Con el inicio el pasado fin de semana del programa \u201cCalles Abiertas\u201d por parte del Departamento de Transportaci\u00f3n (DOT) en Queens y Staten Island, cientos de miles de familias de diferentes etnias, lo disfrutar\u00e1n durante cinco fines de semana consecutivo.&nbsp;<\/p>\n\n\n\n<p>Los neoyorquinos pueden disfrutar de varias millas de \u201cCalles Libres\u201d de autos para caminar, andar en bicicleta, correr o simplemente pasar tiempo al aire libre sin preocuparse por el tr\u00e1fico, sostuvo el comisionado del DOT, el dominicano Ydanis Rodr\u00edguez.<\/p>\n\n\n\n<p>Los pr\u00f3ximos s\u00e1bados el programa ser\u00e1 en Manhattan y luego el 26 de agosto, ultimos d\u00edas y se efectuara El Bronx y Brooklyn.<\/p>\n\n\n\n<p>El programa ha duplicado su tama\u00f1o desde su lanzamiento hace 15 a\u00f1os, a 20 millas de calles sin autom\u00f3viles.<\/p>\n\n\n\n<p>El objetivo es proporcionar igualdad de acceso a los espacios p\u00fablicos abiertos a todos los neoyorquinos, ll\u00e1mense ni\u00f1os, mujeres, hombres, ancianos, y discapacitados, entre otros, expres\u00f3 Rodr\u00edguez.<\/p>\n\n\n\n<p>\u201cCalles Abiertas\u201d es parte de una inversi\u00f3n de parte del alcalde Eric Adams que asciende a 375 millones de d\u00f3lares, con el fin de que la gente disfrute de manera saludable y segura de la ciudad.<\/p>\n\n\n\n<p>El a\u00f1o pasado m\u00e1s de medio mill\u00f3n de personas salieron a disfrutar, especific\u00f3 el Comisionado Rodr\u00edguez.<\/p>\n","protected":false},"excerpt":{"rendered":"<p>Por Ram\u00f3n Mercedes NUEVA YORK.-&nbsp;Con el inicio el pasado fin de semana del programa \u201cCalles Abiertas\u201d por parte del Departamento de Transportaci\u00f3n (DOT) en Queens y Staten Island, cientos de miles de familias de diferentes etnias, lo disfrutar\u00e1n durante cinco fines de semana consecutivo.&nbsp; Los neoyorquinos pueden disfrutar de varias millas de \u201cCalles Libres\u201d de [&hellip;]<\/p>\n","protected":false},"author":28,"featured_media":459602,"comment_status":"closed","ping_status":"","sticky":true,"template":"","format":"standard","meta":{"footnotes":""},"categories":[36,20,27,32],"tags":[],"class_list":["post-459601","post","type-post","status-publish","format-standard","has-post-thumbnail","hentry","category-hombresmujeresycosas","category-dominicana-hoy","category-portada","category-turismo"],"_links":{"self":[{"href":"https:\/\/diariodominicano.com\/index.php?rest_route=\/wp\/v2\/posts\/459601","targetHints":{"allow":["GET"]}}],"collection":[{"href":"https:\/\/diariodominicano.com\/index.php?rest_route=\/wp\/v2\/posts"}],"about":[{"href":"https:\/\/diariodominicano.com\/index.php?rest_route=\/wp\/v2\/types\/post"}],"author":[{"embeddable":true,"href":"https:\/\/diariodominicano.com\/index.php?rest_route=\/wp\/v2\/users\/28"}],"replies":[{"embeddable":true,"href":"https:\/\/diariodominicano.com\/index.php?rest_route=%2Fwp%2Fv2%2Fcomments&post=459601"}],"version-history":[{"count":1,"href":"https:\/\/diariodominicano.com\/index.php?rest_route=\/wp\/v2\/posts\/459601\/revisions"}],"predecessor-version":[{"id":459603,"href":"https:\/\/diariodominicano.com\/index.php?rest_route=\/wp\/v2\/posts\/459601\/revisions\/459603"}],"wp:featuredmedia":[{"embeddable":true,"href":"https:\/\/diariodominicano.com\/index.php?rest_route=\/wp\/v2\/media\/459602"}],"wp:attachment":[{"href":"https:\/\/diariodominicano.com\/index.php?rest_route=%2Fwp%2Fv2%2Fmedia&parent=459601"}],"wp:term":[{"taxonomy":"category","embeddable":true,"href":"https:\/\/diariodominicano.com\/index.php?rest_route=%2Fwp%2Fv2%2Fcategories&post=459601"},{"taxonomy":"post_tag","embeddable":true,"href":"https:\/\/diariodominicano.com\/index.php?rest_route=%2Fwp%2Fv2%2Ftags&post=459601"}],"curies":[{"name":"wp","href":"https:\/\/api.w.org\/{rel}","templated":true}]}}