{"id":459536,"date":"2023-07-30T23:41:10","date_gmt":"2023-07-31T03:41:10","guid":{"rendered":"http:\/\/diariodominicano.com\/?p=459536"},"modified":"2023-07-30T23:41:10","modified_gmt":"2023-07-31T03:41:10","slug":"ministerio-publico-solicita-medida-de-coercion-contra-miembros-de-estructura-del-microtrafico-arrestados-en-santiago","status":"publish","type":"post","link":"https:\/\/diariodominicano.com\/?p=459536","title":{"rendered":"Ministerio P\u00fablico solicita medida de coerci\u00f3n contra miembros de estructura del microtr\u00e1fico arrestados en Santiago"},"content":{"rendered":"\n<p><em><u>Los imputados forman parte de una de las organizaciones criminales objetivo de la Operaci\u00f3n Halc\u00f3n IV<\/u><\/em><\/p>\n\n\n\n<figure class=\"wp-block-image size-large\"><img loading=\"lazy\" decoding=\"async\" width=\"1024\" height=\"576\" src=\"https:\/\/diariodominicano.com\/wp-content\/uploads\/2023\/07\/IMG-20230729-WA0036-1024x576.jpg\" alt=\"\" class=\"wp-image-459538\" srcset=\"https:\/\/diariodominicano.com\/wp-content\/uploads\/2023\/07\/IMG-20230729-WA0036-1024x576.jpg 1024w, https:\/\/diariodominicano.com\/wp-content\/uploads\/2023\/07\/IMG-20230729-WA0036-300x169.jpg 300w, https:\/\/diariodominicano.com\/wp-content\/uploads\/2023\/07\/IMG-20230729-WA0036-768x432.jpg 768w, https:\/\/diariodominicano.com\/wp-content\/uploads\/2023\/07\/IMG-20230729-WA0036-816x459.jpg 816w, https:\/\/diariodominicano.com\/wp-content\/uploads\/2023\/07\/IMG-20230729-WA0036.jpg 1032w\" sizes=\"auto, (max-width: 1024px) 100vw, 1024px\" \/><\/figure>\n\n\n\n<p>SANTIAGO, Rep\u00fablica Dominicana.- La Fiscal\u00eda de Santiago deposit\u00f3 la solicitud para que se imponga la prisi\u00f3n preventiva, como medida de coerci\u00f3n, contra tres integrantes de una poderosa organizaci\u00f3n que lidera el microtr\u00e1fico, almacenaje y venta de distintos tipos de drogas en Santiago, quienes fueron arrestados entre la noche del viernes y la madrugada de ayer s\u00e1bado, durante el despliegue de varios operativos conjuntos, donde las autoridades se incautaron de drogas, dinero en efectivo, veh\u00edculos, armas, municiones y prendas.\u00a0<\/p>\n\n\n\n<p>Los arrestados, Aramis Camilo V\u00e1squez Marte (Elvis el Montro), Yokaira Altagracia Peralta Gil (la China) y Jennifer del Carmen V\u00e1squez Dur\u00e1n, enfrentan cargos por violaci\u00f3n a varios art\u00edculos de la Ley 50-88 sobre Drogas y Sustancias Controladas, y en las pr\u00f3ximas horas ser\u00e1n conducidos ante el juez de la Oficina Judicial de Servicios de Atenci\u00f3n Permanente.&nbsp;<\/p>\n\n\n\n<figure class=\"wp-block-image size-large\"><img loading=\"lazy\" decoding=\"async\" width=\"768\" height=\"1024\" src=\"https:\/\/diariodominicano.com\/wp-content\/uploads\/2023\/07\/IMG-20230729-WA0040-768x1024.jpg\" alt=\"\" class=\"wp-image-459540\" srcset=\"https:\/\/diariodominicano.com\/wp-content\/uploads\/2023\/07\/IMG-20230729-WA0040-768x1024.jpg 768w, https:\/\/diariodominicano.com\/wp-content\/uploads\/2023\/07\/IMG-20230729-WA0040-225x300.jpg 225w, https:\/\/diariodominicano.com\/wp-content\/uploads\/2023\/07\/IMG-20230729-WA0040-1152x1536.jpg 1152w, https:\/\/diariodominicano.com\/wp-content\/uploads\/2023\/07\/IMG-20230729-WA0040-816x1088.jpg 816w, https:\/\/diariodominicano.com\/wp-content\/uploads\/2023\/07\/IMG-20230729-WA0040.jpg 1200w\" sizes=\"auto, (max-width: 768px) 100vw, 768px\" \/><\/figure>\n\n\n\n<p>Las detenciones se produjeron en tres allanamientos simult\u00e1neos que son la continuidad de las estrategias desarrolladas por la Operaci\u00f3n Halc\u00f3n IV contra el microtr\u00e1fico a gran escala, y cubrieron toda la parte este y norte de la provincia, desde el sector Los Reyes y Prados del Rey, hasta el residencial Jardines de Canabacoa, Don Pedro y el municipio Licey al Medio.&nbsp;<\/p>\n\n\n\n<figure class=\"wp-block-image size-full\"><img loading=\"lazy\" decoding=\"async\" width=\"682\" height=\"1024\" src=\"https:\/\/diariodominicano.com\/wp-content\/uploads\/2023\/07\/IMG-20230729-WA0041.jpg\" alt=\"\" class=\"wp-image-459539\" srcset=\"https:\/\/diariodominicano.com\/wp-content\/uploads\/2023\/07\/IMG-20230729-WA0041.jpg 682w, https:\/\/diariodominicano.com\/wp-content\/uploads\/2023\/07\/IMG-20230729-WA0041-200x300.jpg 200w\" sizes=\"auto, (max-width: 682px) 100vw, 682px\" \/><\/figure>\n\n\n\n<p>Los fiscales del Ministerio P\u00fablico encabezaron los operativos, con el apoyo de agentes antinarc\u00f3ticos de la Direcci\u00f3n Nacional de Control de Drogas (DNCD).<\/p>\n\n\n\n<p>Durante las labores de irrupci\u00f3n, las autoridades desmantelaron un importante centro para el empacado y almacenamiento de drogas, que utiliza m\u00e9todos novedosos de envoltura de estas sustancias.&nbsp;<\/p>\n\n\n\n<p>En las operaciones se ocuparon de 1,556 porciones de un polvo que hace presumir se trata de coca\u00edna, con un peso de 2.2 kilogramos; 36.7 libras de marihuana, y otras 6,824 porciones de crack, con un peso de 6.7 kilogramos.&nbsp;<\/p>\n\n\n\n<p>Adem\u00e1s, fueron ocupados paquetes de fundas pl\u00e1sticas utilizadas para el empaque de las sustancias controladas<\/p>\n\n\n\n<p>Por igual, se ocup\u00f3 una pistola con su cargador, tres c\u00e1psulas 9 mil\u00edmetros, dos balanzas, dos veh\u00edculos: una yipeta Grand Cherokee y otra Toyota 4 Runner, y prendas de valor, as\u00ed como tambi\u00e9n la suma de $746,645 pesos en efectivo y $60 d\u00f3lares estadounidenses, adem\u00e1s de una m\u00e1quina para contar dinero.&nbsp;<\/p>\n\n\n\n<figure class=\"wp-block-image size-large\"><img loading=\"lazy\" decoding=\"async\" width=\"1024\" height=\"829\" src=\"https:\/\/diariodominicano.com\/wp-content\/uploads\/2023\/07\/IMG-20230729-WA0044-1024x829.jpg\" alt=\"\" class=\"wp-image-459541\" srcset=\"https:\/\/diariodominicano.com\/wp-content\/uploads\/2023\/07\/IMG-20230729-WA0044-1024x829.jpg 1024w, https:\/\/diariodominicano.com\/wp-content\/uploads\/2023\/07\/IMG-20230729-WA0044-300x243.jpg 300w, https:\/\/diariodominicano.com\/wp-content\/uploads\/2023\/07\/IMG-20230729-WA0044-768x622.jpg 768w, https:\/\/diariodominicano.com\/wp-content\/uploads\/2023\/07\/IMG-20230729-WA0044-816x660.jpg 816w, https:\/\/diariodominicano.com\/wp-content\/uploads\/2023\/07\/IMG-20230729-WA0044.jpg 1280w\" sizes=\"auto, (max-width: 1024px) 100vw, 1024px\" \/><\/figure>\n\n\n\n<p>A partir de la Operaci\u00f3n Halc\u00f3n IV, desarrollada a mediados de junio, las autoridades han podido identificar y apresar en numerosas diligencias de investigaci\u00f3n a varios de los cabecillas de esta estructura criminal del microtr\u00e1fico de drogas.&nbsp;<\/p>\n\n\n\n<p>La operaci\u00f3n, que se mantiene abierta con el prop\u00f3sito de mantener el control y garantizar la paz p\u00fablica, continuar\u00e1 despleg\u00e1ndose por toda la provincia.<\/p>\n\n\n\n<p><strong>Direcci\u00f3n General de Comunicaci\u00f3n, Prensa, y RRPP<\/strong><strong><\/strong><\/p>\n\n\n\n<p>Ministerio P\u00fablico.&nbsp;R.D.<\/p>\n\n\n\n<p>Domingo, 30 de julio de 2023.<\/p>\n","protected":false},"excerpt":{"rendered":"<p>Los imputados forman parte de una de las organizaciones criminales objetivo de la Operaci\u00f3n Halc\u00f3n IV SANTIAGO, Rep\u00fablica Dominicana.- La Fiscal\u00eda de Santiago deposit\u00f3 la solicitud para que se imponga la prisi\u00f3n preventiva, como medida de coerci\u00f3n, contra tres integrantes de una poderosa organizaci\u00f3n que lidera el microtr\u00e1fico, almacenaje y venta de distintos tipos de [&hellip;]<\/p>\n","protected":false},"author":28,"featured_media":459537,"comment_status":"closed","ping_status":"","sticky":false,"template":"","format":"standard","meta":{"footnotes":""},"categories":[24,29],"tags":[],"class_list":["post-459536","post","type-post","status-publish","format-standard","has-post-thumbnail","hentry","category-justicia-y-derecho","category-policiasucesos"],"_links":{"self":[{"href":"https:\/\/diariodominicano.com\/index.php?rest_route=\/wp\/v2\/posts\/459536","targetHints":{"allow":["GET"]}}],"collection":[{"href":"https:\/\/diariodominicano.com\/index.php?rest_route=\/wp\/v2\/posts"}],"about":[{"href":"https:\/\/diariodominicano.com\/index.php?rest_route=\/wp\/v2\/types\/post"}],"author":[{"embeddable":true,"href":"https:\/\/diariodominicano.com\/index.php?rest_route=\/wp\/v2\/users\/28"}],"replies":[{"embeddable":true,"href":"https:\/\/diariodominicano.com\/index.php?rest_route=%2Fwp%2Fv2%2Fcomments&post=459536"}],"version-history":[{"count":1,"href":"https:\/\/diariodominicano.com\/index.php?rest_route=\/wp\/v2\/posts\/459536\/revisions"}],"predecessor-version":[{"id":459542,"href":"https:\/\/diariodominicano.com\/index.php?rest_route=\/wp\/v2\/posts\/459536\/revisions\/459542"}],"wp:featuredmedia":[{"embeddable":true,"href":"https:\/\/diariodominicano.com\/index.php?rest_route=\/wp\/v2\/media\/459537"}],"wp:attachment":[{"href":"https:\/\/diariodominicano.com\/index.php?rest_route=%2Fwp%2Fv2%2Fmedia&parent=459536"}],"wp:term":[{"taxonomy":"category","embeddable":true,"href":"https:\/\/diariodominicano.com\/index.php?rest_route=%2Fwp%2Fv2%2Fcategories&post=459536"},{"taxonomy":"post_tag","embeddable":true,"href":"https:\/\/diariodominicano.com\/index.php?rest_route=%2Fwp%2Fv2%2Ftags&post=459536"}],"curies":[{"name":"wp","href":"https:\/\/api.w.org\/{rel}","templated":true}]}}