{"id":459499,"date":"2023-07-30T22:54:51","date_gmt":"2023-07-31T02:54:51","guid":{"rendered":"http:\/\/diariodominicano.com\/?p=459499"},"modified":"2023-07-30T23:13:11","modified_gmt":"2023-07-31T03:13:11","slug":"director-de-la-defensa-publica-apoya-proceso-de-transformacion-de-la-policia-nacional","status":"publish","type":"post","link":"https:\/\/diariodominicano.com\/?p=459499","title":{"rendered":"Director de la Defensa P\u00fablica apoya proceso de transformaci\u00f3n de la Polic\u00eda Nacional"},"content":{"rendered":"\n<p><strong>Santo Domingo, RD. \u2013<\/strong>&nbsp;El director de la Polic\u00eda Nacional, Mayor General Alberto&nbsp;Then, recibi\u00f3 en su despacho al director de la Oficina Nacional de Defensa P\u00fablica (ONDP), Rodolfo Valent\u00edn Santos, donde  coordinaron asuntos de inter\u00e9s para ambas instituciones.<\/p>\n\n\n\n<figure class=\"wp-block-image size-large\"><img loading=\"lazy\" decoding=\"async\" width=\"1024\" height=\"682\" src=\"https:\/\/diariodominicano.com\/wp-content\/uploads\/2023\/07\/directores-ONDP-y-Policia-1-1024x682.jpg\" alt=\"\" class=\"wp-image-459501\" srcset=\"https:\/\/diariodominicano.com\/wp-content\/uploads\/2023\/07\/directores-ONDP-y-Policia-1-1024x682.jpg 1024w, https:\/\/diariodominicano.com\/wp-content\/uploads\/2023\/07\/directores-ONDP-y-Policia-1-300x200.jpg 300w, https:\/\/diariodominicano.com\/wp-content\/uploads\/2023\/07\/directores-ONDP-y-Policia-1-768x512.jpg 768w, https:\/\/diariodominicano.com\/wp-content\/uploads\/2023\/07\/directores-ONDP-y-Policia-1-816x544.jpg 816w, https:\/\/diariodominicano.com\/wp-content\/uploads\/2023\/07\/directores-ONDP-y-Policia-1.jpg 1280w\" sizes=\"auto, (max-width: 1024px) 100vw, 1024px\" \/><\/figure>\n\n\n\n<p>Durante el encuentro, el Director Nacional de Defensa P\u00fablica,&nbsp;expres\u00f3&nbsp;estar de acuerdo con el proceso de la transformaci\u00f3n de la Polic\u00eda Nacional y se comprometi\u00f3 apoyar con capacitaciones por parte de la Defensa P\u00fablica a cada uno de sus integrantes en: Derechos Humanos, constitucional, las pruebas documentales, inclusive, relaciones humanas, debido proceso y el control del uso de las fuerzas, ya que la educaci\u00f3n es el arma m\u00e1s poderosa para producir la transformaci\u00f3n a la que aspira la sociedad dominicana.<\/p>\n\n\n\n<p>Este Proceso de transformaci\u00f3n policial es muy importante, pues permite fortalecer el accionar preventivo y dignifica a los miembros de la instituci\u00f3n, dijo el director de la Polic\u00eda Nacional, Mayor General Alberto&nbsp;Then.<\/p>\n\n\n\n<p>&nbsp;El director de la Oficina Nacional de Defensa P\u00fablica (ONDP), Lcdo. Rodolfo Valent\u00edn Santos firm\u00f3 el libro de visitante distinguido.<\/p>\n\n\n\n<p>mmeccariello@gmail.com<\/p>\n","protected":false},"excerpt":{"rendered":"<p>Santo Domingo, RD. \u2013&nbsp;El director de la Polic\u00eda Nacional, Mayor General Alberto&nbsp;Then, recibi\u00f3 en su despacho al director de la Oficina Nacional de Defensa P\u00fablica (ONDP), Rodolfo Valent\u00edn Santos, donde coordinaron asuntos de inter\u00e9s para ambas instituciones. Durante el encuentro, el Director Nacional de Defensa P\u00fablica,&nbsp;expres\u00f3&nbsp;estar de acuerdo con el proceso de la transformaci\u00f3n de [&hellip;]<\/p>\n","protected":false},"author":28,"featured_media":459500,"comment_status":"closed","ping_status":"","sticky":true,"template":"","format":"standard","meta":{"footnotes":""},"categories":[20,29,27],"tags":[],"class_list":["post-459499","post","type-post","status-publish","format-standard","has-post-thumbnail","hentry","category-dominicana-hoy","category-policiasucesos","category-portada"],"_links":{"self":[{"href":"https:\/\/diariodominicano.com\/index.php?rest_route=\/wp\/v2\/posts\/459499","targetHints":{"allow":["GET"]}}],"collection":[{"href":"https:\/\/diariodominicano.com\/index.php?rest_route=\/wp\/v2\/posts"}],"about":[{"href":"https:\/\/diariodominicano.com\/index.php?rest_route=\/wp\/v2\/types\/post"}],"author":[{"embeddable":true,"href":"https:\/\/diariodominicano.com\/index.php?rest_route=\/wp\/v2\/users\/28"}],"replies":[{"embeddable":true,"href":"https:\/\/diariodominicano.com\/index.php?rest_route=%2Fwp%2Fv2%2Fcomments&post=459499"}],"version-history":[{"count":2,"href":"https:\/\/diariodominicano.com\/index.php?rest_route=\/wp\/v2\/posts\/459499\/revisions"}],"predecessor-version":[{"id":459514,"href":"https:\/\/diariodominicano.com\/index.php?rest_route=\/wp\/v2\/posts\/459499\/revisions\/459514"}],"wp:featuredmedia":[{"embeddable":true,"href":"https:\/\/diariodominicano.com\/index.php?rest_route=\/wp\/v2\/media\/459500"}],"wp:attachment":[{"href":"https:\/\/diariodominicano.com\/index.php?rest_route=%2Fwp%2Fv2%2Fmedia&parent=459499"}],"wp:term":[{"taxonomy":"category","embeddable":true,"href":"https:\/\/diariodominicano.com\/index.php?rest_route=%2Fwp%2Fv2%2Fcategories&post=459499"},{"taxonomy":"post_tag","embeddable":true,"href":"https:\/\/diariodominicano.com\/index.php?rest_route=%2Fwp%2Fv2%2Ftags&post=459499"}],"curies":[{"name":"wp","href":"https:\/\/api.w.org\/{rel}","templated":true}]}}