{"id":45936,"date":"2020-09-06T22:08:09","date_gmt":"2020-09-06T22:08:09","guid":{"rendered":"http:\/\/diariodominicano.ddns.net\/?p=45936"},"modified":"2020-09-06T22:08:09","modified_gmt":"2020-09-06T22:08:09","slug":"aborrezco-esas-particulas-invisibles-contaminantes-que-nos-dejan-sin-aliento","status":"publish","type":"post","link":"https:\/\/diariodominicano.com\/?p=45936","title":{"rendered":"\u00abAborrezco esas part\u00edculas invisibles contaminantes que nos dejan sin aliento\u00bb"},"content":{"rendered":"<p><body><\/p>\n<p><strong>ALGO M\u00c1S QUE PALABRAS<\/strong><\/p>\n<p><strong>POR UN CELESTE MANTO DE VIDA<\/strong><\/p>\n<p><strong>\u00abAborrezco esas part\u00edculas invisibles contaminantes que nos dejan sin aliento\u00bb<\/strong><\/p>\n<p><strong>=============================<\/strong><\/p>\n<p><strong>V\u00edctor CORCOBA HERRERO\/ Escritor<\/strong><\/p>\n<p><strong>corcoba@telefonica.net\t<\/strong><\/p>\n<p><strong>=================<\/strong>============ <\/p>\n<\/p>\n<p>\tReconozco que me ensimisma ese celeste cielo que vierte versos en cada esquina, recre\u00e1ndome en mil sue\u00f1os, alegrando todas las atm\u00f3sferas existenciales, hasta entusiasmar toda vida y hacer que despunte la emoci\u00f3n de renacer por dentro y por fuera. Sin embargo, confieso de igual modo, que aborrezco esas part\u00edculas invisibles contaminantes que nos dejan sin aliento y, en ocasiones, sin fuerza para proseguir el andar. De ah\u00ed, lo importante que es el aire limpio para tejer y destejer los movimientos, cada cual desde su misi\u00f3n, haciendo de la cotidianidad el m\u00e1s sublime abrazo viviente. Por tanto, cuesta entender la necedad de algunas gentes, que sabiendo que la contaminaci\u00f3n atmosf\u00e9rica es el mayor riesgo ambiental para la salud humana y una de las principales causas de muerte y enfermedad en todo el mundo, contin\u00faen con sus haza\u00f1as destructivas y no hagan nada por evitarlas, con mejores pr\u00e1cticas, a fin de proteger la robustez humanitaria que todos nos merecemos y que, entre todos, hemos de propiciar.<\/p>\n<p>\tAcostumbrados a dejarnos atropellar, tenemos que decir con rotundidad \u00a1basta! En la actualidad, la comunidad internacional es muy consciente que la apuesta por un techo n\u00edtido, ayuda a reducir las consecuencias del cambio clim\u00e1tico y que las medidas de mitigaci\u00f3n de \u00e9ste, contribuyen a mejorar la particularidad de la corriente del viento. Confiemos que la sociedad, en su conjunto, despierte y tome ese manto celeste como parte de s\u00ed, entrando en sinton\u00eda con esa sabidur\u00eda innata ancestral que nos enra\u00edza a la comuni\u00f3n de latidos, pues todo est\u00e1 interconectado; y, como tal, debe ser respetado. Hoy advertimos, por ejemplo, la ineptitud de muchos individuos, algunos formadores de opini\u00f3n, que apenas toman contacto directo con el problema ambiental. Ojal\u00e1 aprendamos a escuchar tanto el clamor de la tierra como el lamento de las familias recluidas en su miseria y sin apoyo alguno. Es un ejercicio vital que hay que ponerlo en pr\u00e1ctica continuamente, el de la escucha; sobre todo, si en verdad queremos llegar al abecedario de la sabidur\u00eda, nuestra mejor br\u00fajula.<\/p>\n<p>\tNada es tan f\u00e1cil ni tan \u00fatil como poner o\u00eddo y mirada, como lenguaje del coraz\u00f3n, en las palabras. Este tipo de visi\u00f3n aut\u00e9ntica se recuerda siempre. As\u00ed, la estampa de este verano 2020, con sus alt\u00edsimas temperaturas por todo el mundo, no se nos borrar\u00e1 y lo que nos indica, es que tenemos que mejorar nuestro ecol\u00f3gico comportamiento colectivo, haci\u00e9ndolo m\u00e1s sensible para no alterar los equilibrios naturales. No se puede justificar el actual sistema de vida, donde prima la renta financiera, en lugar de la po\u00e9tica dignidad humana y el medio ambiente. Esto es intolerable. Hemos de tener la valent\u00eda de pararnos, de tomar pulso y de repensar sobre caminos recorridos, este de producci\u00f3n y consumo nos degrada, creemos otro sistema menos corrupto y menos contaminante, m\u00e1s de todos y de nadie en particular, abramos bien los ojos, reconozcamos que estos vicios autodestructivos, aparte de adormecernos con su injustas doctrinas, nos dejan sin capacidad de amarnos; y, lo que es peor, de querernos a nosotros mismos. <\/p>\n<p>\tEn consecuencia, reivindico adentrarnos en esa m\u00edstica del universo, donde el amor, que es lo que nos mueve el coraz\u00f3n a todo ser vivo, adquiera la ternura precisa para contribuir a ese \u00e1nimo arm\u00f3nico al que todos hemos de contribuir. Por si mismo nada es nadie, todo es fr\u00e1gil, inclusive la propia naturaleza de la que formamos parte. Se requiere la uni\u00f3n y la unidad de todos, m\u00e1xime en un momento de decadencia como el presente, de nuevas causas de sufrimientos y de verdaderos retrocesos. Me niego, por tanto, a que los poderosos del planeta contin\u00faen endiosados como se\u00f1ores absolutos, todos hemos de bajar del pedestal, cuando menos para que cese este podrido efluvio irresponsable, que para nada mejora la calidad del aire; y, por ende, tampoco puede fortalecer la atenuaci\u00f3n del cambio clim\u00e1tico. No perdamos el sue\u00f1o celeste, aunque nuestro lugar sea el infierno. \u00bfSer\u00e1 docente y decente el se\u00f1or cielo, que hasta aquel morador de la tierra que le escupe, en la cara le cae? Pues s\u00ed, es p\u00fablico y notorio que una excesiva arrogancia es causa tambi\u00e9n de justo castigo. Hasta nuestro mismo Creador se deja conquistar por el humilde y rechaza la soberbia del vanidoso.<\/p>\n<p>Ciertamente, cuando no hay humildad, las personas se degeneran y corrompen. Observando y teniendo presente que una mala calidad ambiental, incide negativamente en todo, incluso en nuestra propia alimentaci\u00f3n, nos conviene reconsiderar las iniciativas cooperantes y darles faena. La colaboraci\u00f3n es esencial con acciones rec\u00edprocas. Nadie quede excluido de cooperar. Al fin y al cabo, no hay mejor hoja de ruta que el intercambio de informaci\u00f3n y el aut\u00e9ntico di\u00e1logo. Sea como fuere, el tiempo apremia y ya no sirven las meras palabras, se requieren acciones concretas, si en verdad queremos logar un cauce com\u00fan de prosperidad para todos, haciendo realidad que un verso junto a otros, es un alma junto a otras almas, y todas, son las que puedan dar vida a ese oda interminable, que nos enternezca y eternice, hacia esa naturalidad que nos adhiere en una maravillosa andanza, entrelazados por el v\u00ednculo pensante, junto al hermano sol que nos pone en camino, junto a la hermana luna que nos resguarda con su luz, junto al hermano manantial que nos purifica y junto al hermano r\u00edo que nos r\u00ede de m\u00fasicas, en esta Madre Tierra en la que todos cohabitamos, al ser nuestro verdadero hogar, y al que hemos de volver a diario como poema  radiante y no a llenarlo de penas que nos apaguen. <\/p>\n<\/p>\n<p>V\u00edctor CORCOBA HERRERO \/ Escritor<\/p>\n<p>corcoba@telefonica.net<\/p>\n<p>6 de septiembre de 2020<\/p>\n<\/p>\n<h6> 2020-09-06 22:08:09 <\/h6>\n<p><!--\n<link rel=\"stylesheet\" href=\"css\/bootstrap.min.css\">\n\n\n<ul class=\"pagination\">\n\t    \n\t\n\n<li >\n\t<a href='?page_no=85'>Previous<\/a>\n\t<\/li>\n\n\n       \n    \n\n<li><a href='?page_no=1'>1<\/a><\/li>\n\n\n\n<li><a href='?page_no=2'>2<\/a><\/li>\n\n\n\n<li><a>...<\/a><\/li>\n\n\n\n<li><a href='?page_no=84'>84<\/a><\/li>\n\n\n\n<li><a href='?page_no=85'>85<\/a><\/li>\n\n\n\n<li class='active'><a>86<\/a><\/li>\n\n\n\n<li><a href='?page_no=87'>87<\/a><\/li>\n\n\n\n<li><a href='?page_no=88'>88<\/a><\/li>\n\n\n\n<li><a>...<\/a><\/li>\n\n\n\n<li><a href='?page_no=13611'>13611<\/a><\/li>\n\n\n\n<li><a href='?page_no=13612'>13612<\/a><\/li>\n\n    \n\t\n\n<li >\n\t<a href='?page_no=87'>Next<\/a>\n\t<\/li>\n\n\n    \n\n<li><a href='?page_no=13612'>Last &rsaquo;&rsaquo;<\/a><\/li>\n\n<\/ul>\n\n\n--><br \/>\n<\/body><\/p>\n","protected":false},"excerpt":{"rendered":"<p>ALGO M\u00c1S QUE PALABRAS POR UN CELESTE MANTO DE VIDA \u00abAborrezco esas part\u00edculas invisibles contaminantes que nos dejan sin aliento\u00bb ============================= V\u00edctor CORCOBA HERRERO\/ Escritor corcoba@telefonica.net ============================= Reconozco que me ensimisma ese celeste cielo que vierte versos en cada esquina, recre\u00e1ndome en mil sue\u00f1os, alegrando todas las atm\u00f3sferas existenciales, hasta entusiasmar toda vida y hacer [&hellip;]<\/p>\n","protected":false},"author":3,"featured_media":0,"comment_status":"open","ping_status":"open","sticky":false,"template":"","format":"standard","meta":{"footnotes":""},"categories":[16],"tags":[],"class_list":["post-45936","post","type-post","status-publish","format-standard","hentry","category-opiniones"],"_links":{"self":[{"href":"https:\/\/diariodominicano.com\/index.php?rest_route=\/wp\/v2\/posts\/45936","targetHints":{"allow":["GET"]}}],"collection":[{"href":"https:\/\/diariodominicano.com\/index.php?rest_route=\/wp\/v2\/posts"}],"about":[{"href":"https:\/\/diariodominicano.com\/index.php?rest_route=\/wp\/v2\/types\/post"}],"author":[{"embeddable":true,"href":"https:\/\/diariodominicano.com\/index.php?rest_route=\/wp\/v2\/users\/3"}],"replies":[{"embeddable":true,"href":"https:\/\/diariodominicano.com\/index.php?rest_route=%2Fwp%2Fv2%2Fcomments&post=45936"}],"version-history":[{"count":0,"href":"https:\/\/diariodominicano.com\/index.php?rest_route=\/wp\/v2\/posts\/45936\/revisions"}],"wp:attachment":[{"href":"https:\/\/diariodominicano.com\/index.php?rest_route=%2Fwp%2Fv2%2Fmedia&parent=45936"}],"wp:term":[{"taxonomy":"category","embeddable":true,"href":"https:\/\/diariodominicano.com\/index.php?rest_route=%2Fwp%2Fv2%2Fcategories&post=45936"},{"taxonomy":"post_tag","embeddable":true,"href":"https:\/\/diariodominicano.com\/index.php?rest_route=%2Fwp%2Fv2%2Ftags&post=45936"}],"curies":[{"name":"wp","href":"https:\/\/api.w.org\/{rel}","templated":true}]}}