{"id":459258,"date":"2023-07-30T00:43:34","date_gmt":"2023-07-30T04:43:34","guid":{"rendered":"http:\/\/diariodominicano.com\/?p=459258"},"modified":"2023-07-30T00:44:45","modified_gmt":"2023-07-30T04:44:45","slug":"aplazan-huelga-de-transportistas-en-haiti","status":"publish","type":"post","link":"https:\/\/diariodominicano.com\/?p=459258","title":{"rendered":"Aplazan huelga de transportistas en Hait\u00ed"},"content":{"rendered":"\n<p>Puerto Pr\u00edncipe 29 jul (Prensa Latina) Los sindicatos de transporte de Hait\u00ed anunciaron hoy un aplazamiento de la huelga general prevista para la semana pr\u00f3xima, aunque indicaron que retomar\u00e1n el movimiento.&nbsp;&nbsp;&nbsp;&nbsp;<\/p>\n\n\n\n<ul class=\"wp-block-list\"><li>julio 29, 2023<\/li><li>CDT23:25 (GMT) -0400<\/li><\/ul>\n\n\n\n<p>La decisi\u00f3n de los sindicalistas ocurre luego que varias organizaciones pidieron una moratoria en el paro para permitir a los estudiantes que concluyen el bachillerato realizar los ex\u00e1menes finales.<\/p>\n\n\n\n<p>La huelga de los conductores de transporte p\u00fablico estaba prevista del lunes al mi\u00e9rcoles pr\u00f3ximos para reclamar al Gobierno una disminuci\u00f3n del 40 por ciento de los precios de los combustibles. El gremio estima insuficiente la reciente disminuci\u00f3n, en vigor desde el pasado 20 de julio, que redujo hasta 50 gourdes por gal\u00f3n (unos 37 centavos de d\u00f3lar) los costos de los productos petrol\u00edferos en el mercado local.<\/p>\n\n\n\n<p>Alientan al Gobierno a cumplir el decreto de 1995 que establece la reducci\u00f3n de los precios si estos disminuyen en el mercado internacional.<\/p>\n\n\n\n<p>La huelga de los transportistas podr\u00eda ser la estocada final para unos 118 mil 342 estudiantes en el pa\u00eds que ve\u00edan peligrar su titulaci\u00f3n despu\u00e9s de un complejo curso acad\u00e9mico, marcado por la inseguridad, escasez de combustible, recesi\u00f3n econ\u00f3mica, violencia y falta de un acuerdo pol\u00edtico que permita encaminar al pa\u00eds.<\/p>\n\n\n\n<p>car\/ane<\/p>\n","protected":false},"excerpt":{"rendered":"<p>Puerto Pr\u00edncipe 29 jul (Prensa Latina) Los sindicatos de transporte de Hait\u00ed anunciaron hoy un aplazamiento de la huelga general prevista para la semana pr\u00f3xima, aunque indicaron que retomar\u00e1n el movimiento.&nbsp;&nbsp;&nbsp;&nbsp; julio 29, 2023 CDT23:25 (GMT) -0400 La decisi\u00f3n de los sindicalistas ocurre luego que varias organizaciones pidieron una moratoria en el paro para permitir [&hellip;]<\/p>\n","protected":false},"author":28,"featured_media":459260,"comment_status":"closed","ping_status":"","sticky":false,"template":"","format":"standard","meta":{"footnotes":""},"categories":[112,23],"tags":[],"class_list":["post-459258","post","type-post","status-publish","format-standard","has-post-thumbnail","hentry","category-haiti","category-internacional"],"_links":{"self":[{"href":"https:\/\/diariodominicano.com\/index.php?rest_route=\/wp\/v2\/posts\/459258","targetHints":{"allow":["GET"]}}],"collection":[{"href":"https:\/\/diariodominicano.com\/index.php?rest_route=\/wp\/v2\/posts"}],"about":[{"href":"https:\/\/diariodominicano.com\/index.php?rest_route=\/wp\/v2\/types\/post"}],"author":[{"embeddable":true,"href":"https:\/\/diariodominicano.com\/index.php?rest_route=\/wp\/v2\/users\/28"}],"replies":[{"embeddable":true,"href":"https:\/\/diariodominicano.com\/index.php?rest_route=%2Fwp%2Fv2%2Fcomments&post=459258"}],"version-history":[{"count":1,"href":"https:\/\/diariodominicano.com\/index.php?rest_route=\/wp\/v2\/posts\/459258\/revisions"}],"predecessor-version":[{"id":459259,"href":"https:\/\/diariodominicano.com\/index.php?rest_route=\/wp\/v2\/posts\/459258\/revisions\/459259"}],"wp:featuredmedia":[{"embeddable":true,"href":"https:\/\/diariodominicano.com\/index.php?rest_route=\/wp\/v2\/media\/459260"}],"wp:attachment":[{"href":"https:\/\/diariodominicano.com\/index.php?rest_route=%2Fwp%2Fv2%2Fmedia&parent=459258"}],"wp:term":[{"taxonomy":"category","embeddable":true,"href":"https:\/\/diariodominicano.com\/index.php?rest_route=%2Fwp%2Fv2%2Fcategories&post=459258"},{"taxonomy":"post_tag","embeddable":true,"href":"https:\/\/diariodominicano.com\/index.php?rest_route=%2Fwp%2Fv2%2Ftags&post=459258"}],"curies":[{"name":"wp","href":"https:\/\/api.w.org\/{rel}","templated":true}]}}