{"id":459108,"date":"2023-07-29T11:33:33","date_gmt":"2023-07-29T15:33:33","guid":{"rendered":"http:\/\/diariodominicano.com\/?p=459108"},"modified":"2023-07-29T11:33:33","modified_gmt":"2023-07-29T15:33:33","slug":"fiscalia-de-sde-y-norte-obtiene-dos-meses-de-prision-preventiva-contra-dos-hombres-vinculados-a-un-atraco-a-mano-armada","status":"publish","type":"post","link":"https:\/\/diariodominicano.com\/?p=459108","title":{"rendered":"Fiscal\u00eda de SDE y Norte obtiene dos meses de prisi\u00f3n preventiva contra dos hombres vinculados a un atraco a mano armada\u00a0\u00a0"},"content":{"rendered":"\n<p>SANTO DOMINGO, Rep\u00fablica Dominicana.- La Fiscal\u00eda de Santo Domingo Este y Norte obtuvo dos meses de prisi\u00f3n preventiva en contra de dos hombres involucrados en un atraco a mano armada en el que despojaron a otro de una motocicleta, en un hecho ocurrido en la avenida San Vicente de Pa\u00fal, del municipio Santo Domingo Este.\u00a0<\/p>\n\n\n\n<p>El juez Leomar de la Cruz, de la Oficina Judicial de Servicios de Atenci\u00f3n Permanente de esa jurisdicci\u00f3n, le impuso la medida de coerci\u00f3n a los imputados Frankelys Javier Cede\u00f1o Capell\u00e1n (Frankelys) y a Merl\u00edn Ger\u00f3nimo (Merl\u00edn), a quienes se le atribuye incurrir en los delitos de asociaci\u00f3n de malhechores y robo agravado. El hecho delictivo fue cometido en perjuicio de Nathanael Rubelin Arn\u00f3.&nbsp;<\/p>\n\n\n\n<p>Cede\u00f1o Capell\u00e1n cumplir\u00e1 la medida privativa de libertad en el Centro de Correcci\u00f3n y Rehabilitaci\u00f3n (CCR) Najayo Hombres, en San Crist\u00f3bal, mientras que Ger\u00f3nimo fue enviado a la Penitenciar\u00eda Nacional de La Victoria, en Santo Domingo Norte.&nbsp;<\/p>\n\n\n\n<p>La fiscal investigadora Francia Moreno estableci\u00f3 que el hecho ocurri\u00f3 el 10 de julio de este a\u00f1o, alrededor de las 12:33 de la madrugada, mientras Nathanael Rubelin Arn\u00f3 transitaba por la avenida San Vicente de Pa\u00fal, en Santo Domingo Este, provincia Santo Domingo.&nbsp;<\/p>\n\n\n\n<p>Indic\u00f3 que la v\u00edctima fue interceptada por los imputados Frankelys Javier Cede\u00f1o Capell\u00e1n y Merl\u00edn Ger\u00f3nimo, quienes se desplazaban a bordo de una motocicleta armados con pistolas, procediendo estos a despojar a&nbsp;Nathanael Rubelin Arn\u00f3 de la motocicleta en la que se transportaba.&nbsp;<\/p>\n\n\n\n<p>Despu\u00e9s del acto delictivo, la v\u00edctima inform\u00f3 inmediatamente a la Polic\u00eda Nacional de los hechos, a quien indic\u00f3 que la motocicleta ten\u00eda GPS, lo que permiti\u00f3 localizar r\u00e1pidamente a los imputados, quienes fueron detenidos al d\u00eda siguiente en el municipio Boca Chica. Al momento en que se ejecut\u00f3 el apresamiento de los imputados a estos se le ocup\u00f3 la motocicleta propiedad de la v\u00edctima y dos pistolas con sus cargadores.&nbsp;<\/p>\n\n\n\n<p>El Ministerio P\u00fablico les ha asignado a los hechos descritos la calificaci\u00f3n jur\u00eddica provisional de violaci\u00f3n a los art\u00edculos 265, 266, 379, 383, 384, 385 y 386 del C\u00f3digo Penal Dominicano y los art\u00edculos 66 y 67 de la Ley 631-16 para el Control y Regulaci\u00f3n de Armas, Municiones y Materiales Relacionados.&nbsp;<\/p>\n\n\n\n<p><strong>Direcci\u00f3n General de Comunicaci\u00f3n, Prensa, y RRPP<\/strong><strong><\/strong><\/p>\n\n\n\n<p>Ministerio P\u00fablico.&nbsp;R.D.<\/p>\n\n\n\n<p>S\u00e1bado, 29 de julio de 2023.<\/p>\n","protected":false},"excerpt":{"rendered":"<p>SANTO DOMINGO, Rep\u00fablica Dominicana.- La Fiscal\u00eda de Santo Domingo Este y Norte obtuvo dos meses de prisi\u00f3n preventiva en contra de dos hombres involucrados en un atraco a mano armada en el que despojaron a otro de una motocicleta, en un hecho ocurrido en la avenida San Vicente de Pa\u00fal, del municipio Santo Domingo Este.\u00a0 [&hellip;]<\/p>\n","protected":false},"author":28,"featured_media":329468,"comment_status":"closed","ping_status":"","sticky":false,"template":"","format":"standard","meta":{"footnotes":""},"categories":[24,29],"tags":[],"class_list":["post-459108","post","type-post","status-publish","format-standard","has-post-thumbnail","hentry","category-justicia-y-derecho","category-policiasucesos"],"_links":{"self":[{"href":"https:\/\/diariodominicano.com\/index.php?rest_route=\/wp\/v2\/posts\/459108","targetHints":{"allow":["GET"]}}],"collection":[{"href":"https:\/\/diariodominicano.com\/index.php?rest_route=\/wp\/v2\/posts"}],"about":[{"href":"https:\/\/diariodominicano.com\/index.php?rest_route=\/wp\/v2\/types\/post"}],"author":[{"embeddable":true,"href":"https:\/\/diariodominicano.com\/index.php?rest_route=\/wp\/v2\/users\/28"}],"replies":[{"embeddable":true,"href":"https:\/\/diariodominicano.com\/index.php?rest_route=%2Fwp%2Fv2%2Fcomments&post=459108"}],"version-history":[{"count":1,"href":"https:\/\/diariodominicano.com\/index.php?rest_route=\/wp\/v2\/posts\/459108\/revisions"}],"predecessor-version":[{"id":459109,"href":"https:\/\/diariodominicano.com\/index.php?rest_route=\/wp\/v2\/posts\/459108\/revisions\/459109"}],"wp:featuredmedia":[{"embeddable":true,"href":"https:\/\/diariodominicano.com\/index.php?rest_route=\/wp\/v2\/media\/329468"}],"wp:attachment":[{"href":"https:\/\/diariodominicano.com\/index.php?rest_route=%2Fwp%2Fv2%2Fmedia&parent=459108"}],"wp:term":[{"taxonomy":"category","embeddable":true,"href":"https:\/\/diariodominicano.com\/index.php?rest_route=%2Fwp%2Fv2%2Fcategories&post=459108"},{"taxonomy":"post_tag","embeddable":true,"href":"https:\/\/diariodominicano.com\/index.php?rest_route=%2Fwp%2Fv2%2Ftags&post=459108"}],"curies":[{"name":"wp","href":"https:\/\/api.w.org\/{rel}","templated":true}]}}