{"id":45903,"date":"2019-02-09T15:29:11","date_gmt":"2019-02-09T15:29:11","guid":{"rendered":"http:\/\/diariodominicano.ddns.net\/?p=45903"},"modified":"2019-02-09T15:29:11","modified_gmt":"2019-02-09T15:29:11","slug":"compartiendo-dialogos-conmigo-mismoporque-dios-es-comunion-de-amor","status":"publish","type":"post","link":"https:\/\/diariodominicano.com\/?p=45903","title":{"rendered":"COMPARTIENDO DI\u00c1LOGOS CONMIGO MISMO&#13;&#13;PORQUE DIOS ES COMUNI\u00d3N DE AMOR,"},"content":{"rendered":"<p><body><\/p>\n<p>NOSOTROS SOMOS VIDA<\/p>\n<\/p>\n<p>Todas las sendas marchan al un\u00edsono, <\/p>\n<p>nos conducen hacia un mismo cielo,<\/p>\n<p>nos inducen  hacia un id\u00e9ntico soplo, <\/p>\n<p>a ir del brazo del  abrazo de la Cruz;<\/p>\n<p>un concebir que nos hermana y redime, <\/p>\n<p>para ser fuertes y fuente de agua viva.<\/p>\n<\/p>\n<p>Si nosotros somos de los d\u00edas el verso, <\/p>\n<p>hagamos de la tierra un mar de luz, <\/p>\n<p>repudiemos e impugnemos las batallas, <\/p>\n<p>pasemos a otra dimensi\u00f3n penitencial, <\/p>\n<p>a huir de la selva, coreando la salve,<\/p>\n<p>que todo lo aplaca, conmueve y salva. <\/p>\n<\/p>\n<p>Vuelva el alba a nuestra alma pura, <\/p>\n<p>la piedad, la esperanza y su espera, <\/p>\n<p>reint\u00e9grese la pasi\u00f3n, llegue la paz, <\/p>\n<p>hija del buen hacer y del mejor obrar, <\/p>\n<p>hasta ser uno en la unidad del poema, <\/p>\n<p>clareando rastros, aclarando rostros.<\/p>\n<\/p>\n<p>El mirar de Dios es un ver y un hacer; <\/p>\n<p>un ver hacia abajo para elevarnos, <\/p>\n<p>y un hacer de la peque\u00f1ez un nacer <\/p>\n<p>grande, para crecernos mar adentro<\/p>\n<p>y para recrearnos en la pertenencia <\/p>\n<p>de un pueblo, que nada es, sin amor.<\/p>\n<\/p>\n<p>Hagamos silencio, interrogu\u00e9monos <\/p>\n<p>en soledad, seamos poetas en guardia, <\/p>\n<p>abramos los ojos al mundo, respiremos<\/p>\n<p>hondo, justamente para hacer memoria,<\/p>\n<p>y poder conciliar el sue\u00f1o y reconciliar <\/p>\n<p>lenguajes que quisi\u00e9ramos olvidar. <\/p>\n<\/p>\n<p>Pong\u00e1monos a las \u00f3rdenes del coraz\u00f3n, <\/p>\n<p>sin coraza alguna, con el entusiasmo <\/p>\n<p>de ser manantial que sacia, con la alegr\u00eda<\/p>\n<p>gozosa de ser consuelo, de regresar <\/p>\n<p>al verbo, aquel que entona el pulso<\/p>\n<p>con la raz\u00f3n, y la mente con el esp\u00edritu.<\/p>\n<\/p>\n<p>V\u00edctor Corcoba Herrero<\/p>\n<p>corcoba@telefonica.net<\/p>\n<p>9 de febrero de 2019.- <\/p>\n<h6> 2019-02-09 15:29:11 <\/h6>\n<p><!--\n<link rel=\"stylesheet\" href=\"css\/bootstrap.min.css\">\n\n\n<ul class=\"pagination\">\n\t    \n\t\n\n<li >\n\t<a href='?page_no=856'>Previous<\/a>\n\t<\/li>\n\n\n       \n    \n\n<li><a href='?page_no=1'>1<\/a><\/li>\n\n\n\n<li><a href='?page_no=2'>2<\/a><\/li>\n\n\n\n<li><a>...<\/a><\/li>\n\n\n\n<li><a href='?page_no=855'>855<\/a><\/li>\n\n\n\n<li><a href='?page_no=856'>856<\/a><\/li>\n\n\n\n<li class='active'><a>857<\/a><\/li>\n\n\n\n<li><a href='?page_no=858'>858<\/a><\/li>\n\n\n\n<li><a href='?page_no=859'>859<\/a><\/li>\n\n\n\n<li><a>...<\/a><\/li>\n\n\n\n<li><a href='?page_no=13611'>13611<\/a><\/li>\n\n\n\n<li><a href='?page_no=13612'>13612<\/a><\/li>\n\n    \n\t\n\n<li >\n\t<a href='?page_no=858'>Next<\/a>\n\t<\/li>\n\n\n    \n\n<li><a href='?page_no=13612'>Last &rsaquo;&rsaquo;<\/a><\/li>\n\n<\/ul>\n\n\n--><br \/>\n<\/body><\/p>\n","protected":false},"excerpt":{"rendered":"<p>NOSOTROS SOMOS VIDA Todas las sendas marchan al un\u00edsono, nos conducen hacia un mismo cielo, nos inducen hacia un id\u00e9ntico soplo, a ir del brazo del abrazo de la Cruz; un concebir que nos hermana y redime, para ser fuertes y fuente de agua viva. Si nosotros somos de los d\u00edas el verso, hagamos de [&hellip;]<\/p>\n","protected":false},"author":3,"featured_media":0,"comment_status":"open","ping_status":"open","sticky":false,"template":"","format":"standard","meta":{"footnotes":""},"categories":[16],"tags":[],"class_list":["post-45903","post","type-post","status-publish","format-standard","hentry","category-opiniones"],"_links":{"self":[{"href":"https:\/\/diariodominicano.com\/index.php?rest_route=\/wp\/v2\/posts\/45903","targetHints":{"allow":["GET"]}}],"collection":[{"href":"https:\/\/diariodominicano.com\/index.php?rest_route=\/wp\/v2\/posts"}],"about":[{"href":"https:\/\/diariodominicano.com\/index.php?rest_route=\/wp\/v2\/types\/post"}],"author":[{"embeddable":true,"href":"https:\/\/diariodominicano.com\/index.php?rest_route=\/wp\/v2\/users\/3"}],"replies":[{"embeddable":true,"href":"https:\/\/diariodominicano.com\/index.php?rest_route=%2Fwp%2Fv2%2Fcomments&post=45903"}],"version-history":[{"count":0,"href":"https:\/\/diariodominicano.com\/index.php?rest_route=\/wp\/v2\/posts\/45903\/revisions"}],"wp:attachment":[{"href":"https:\/\/diariodominicano.com\/index.php?rest_route=%2Fwp%2Fv2%2Fmedia&parent=45903"}],"wp:term":[{"taxonomy":"category","embeddable":true,"href":"https:\/\/diariodominicano.com\/index.php?rest_route=%2Fwp%2Fv2%2Fcategories&post=45903"},{"taxonomy":"post_tag","embeddable":true,"href":"https:\/\/diariodominicano.com\/index.php?rest_route=%2Fwp%2Fv2%2Ftags&post=45903"}],"curies":[{"name":"wp","href":"https:\/\/api.w.org\/{rel}","templated":true}]}}