{"id":459006,"date":"2023-07-29T08:22:00","date_gmt":"2023-07-29T12:22:00","guid":{"rendered":"http:\/\/diariodominicano.com\/?p=459006"},"modified":"2023-07-29T21:54:18","modified_gmt":"2023-07-30T01:54:18","slug":"equipo-de-adolescentes-asume-servir-a-su-comunidad-desde-el-cuerpo-de-bomberos","status":"publish","type":"post","link":"https:\/\/diariodominicano.com\/?p=459006","title":{"rendered":"Equipo de adolescentes asume servir a su comunidad desde el Cuerpo de Bomberos"},"content":{"rendered":"\n<p>Ministro de Interior certifica a 307 &nbsp;y resalta vocaci\u00f3n y capacidad de entrega.<\/p>\n\n\n\n<figure class=\"wp-block-image size-large\"><img loading=\"lazy\" decoding=\"async\" width=\"1024\" height=\"768\" src=\"https:\/\/diariodominicano.com\/wp-content\/uploads\/2023\/07\/Bomberitos-SFM-MIP-Julio-2023-1-1024x768.jpeg\" alt=\"\" class=\"wp-image-459009\" srcset=\"https:\/\/diariodominicano.com\/wp-content\/uploads\/2023\/07\/Bomberitos-SFM-MIP-Julio-2023-1-1024x768.jpeg 1024w, https:\/\/diariodominicano.com\/wp-content\/uploads\/2023\/07\/Bomberitos-SFM-MIP-Julio-2023-1-300x225.jpeg 300w, https:\/\/diariodominicano.com\/wp-content\/uploads\/2023\/07\/Bomberitos-SFM-MIP-Julio-2023-1-768x576.jpeg 768w, https:\/\/diariodominicano.com\/wp-content\/uploads\/2023\/07\/Bomberitos-SFM-MIP-Julio-2023-1-816x612.jpeg 816w, https:\/\/diariodominicano.com\/wp-content\/uploads\/2023\/07\/Bomberitos-SFM-MIP-Julio-2023-1.jpeg 1280w\" sizes=\"auto, (max-width: 1024px) 100vw, 1024px\" \/><figcaption>El ministro de Interior y Polic\u00eda, Jes\u00fas V\u00e1squez Mart\u00ednez en el momento que encabez\u00f3 el acto que acredit\u00f3 a 158 adolescentes como bomberitos en San Francisco de Macor\u00eds.<\/figcaption><\/figure>\n\n\n\n<p><br>Un equipo de 307 adolescentes, de ambos sexos, recibi\u00f3 de manos del ministro de Interior y Polic\u00eda, Jes\u00fas V\u00e1squez Mart\u00ednez, la certificaci\u00f3n que acredita a 158 como \u201cLos Bomberitos\u201d &nbsp;y &nbsp;a 149 Voluntarios del Cuerpo de Bomberos de San Francisco de Macor\u00eds, que ofrecen apoyo durante actividades, como desfiles, marchas, cordones humanos y peregrinaciones.<\/p>\n\n\n\n<figure class=\"wp-block-image size-large\"><img loading=\"lazy\" decoding=\"async\" width=\"1024\" height=\"655\" src=\"https:\/\/diariodominicano.com\/wp-content\/uploads\/2023\/07\/Bomberitos-SFM-MIP-Julio-2023-2-1024x655.jpeg\" alt=\"\" class=\"wp-image-459013\" srcset=\"https:\/\/diariodominicano.com\/wp-content\/uploads\/2023\/07\/Bomberitos-SFM-MIP-Julio-2023-2-1024x655.jpeg 1024w, https:\/\/diariodominicano.com\/wp-content\/uploads\/2023\/07\/Bomberitos-SFM-MIP-Julio-2023-2-300x192.jpeg 300w, https:\/\/diariodominicano.com\/wp-content\/uploads\/2023\/07\/Bomberitos-SFM-MIP-Julio-2023-2-768x491.jpeg 768w, https:\/\/diariodominicano.com\/wp-content\/uploads\/2023\/07\/Bomberitos-SFM-MIP-Julio-2023-2-816x522.jpeg 816w, https:\/\/diariodominicano.com\/wp-content\/uploads\/2023\/07\/Bomberitos-SFM-MIP-Julio-2023-2.jpeg 1280w\" sizes=\"auto, (max-width: 1024px) 100vw, 1024px\" \/><figcaption>En el acto.<\/figcaption><\/figure>\n\n\n\n<figure class=\"wp-block-image size-large\"><img loading=\"lazy\" decoding=\"async\" width=\"1024\" height=\"768\" src=\"https:\/\/diariodominicano.com\/wp-content\/uploads\/2023\/07\/Bomberitos-SFM-MIP-Julio-2023-1024x768.jpeg\" alt=\"\" class=\"wp-image-459012\" srcset=\"https:\/\/diariodominicano.com\/wp-content\/uploads\/2023\/07\/Bomberitos-SFM-MIP-Julio-2023-1024x768.jpeg 1024w, https:\/\/diariodominicano.com\/wp-content\/uploads\/2023\/07\/Bomberitos-SFM-MIP-Julio-2023-300x225.jpeg 300w, https:\/\/diariodominicano.com\/wp-content\/uploads\/2023\/07\/Bomberitos-SFM-MIP-Julio-2023-768x576.jpeg 768w, https:\/\/diariodominicano.com\/wp-content\/uploads\/2023\/07\/Bomberitos-SFM-MIP-Julio-2023-816x612.jpeg 816w, https:\/\/diariodominicano.com\/wp-content\/uploads\/2023\/07\/Bomberitos-SFM-MIP-Julio-2023.jpeg 1280w\" sizes=\"auto, (max-width: 1024px) 100vw, 1024px\" \/><\/figure>\n\n\n\n<p><br>Indic\u00f3  que esos organismos &nbsp;son instituciones de servicio a la comunidad, y que deben actuar con entrega y vocaci\u00f3n. &nbsp;Agradeci\u00f3 la iniciativa de vincular a ni\u00f1os y adolescentes a esa noble labor de asistencia. \u201cMe he sentido muy impactado con lo que he visto en la tarde de hoy\u201d.<\/p>\n\n\n\n<p><br>Les tom\u00f3 el juramento durante un acto en la sede del Ayuntamiento, donde estuvo acompa\u00f1ado de la viceministra de Seguridad de los Gobiernos Provinciales, \u00c1ngela J\u00e1quez y la gobernadora, Ana Xiomara Coste Marte.<\/p>\n\n\n\n<p><br>El cuerpo de Los Bomberitos fue creado en 1992 por iniciativa del general de brigada de los bomberos Luis Esmurdoc, jefe de ese cuerpo en ese municipio y supervisor Regi\u00f3n Nordeste, con el objetivo de formar a los futuros miembros. El proyecto empez\u00f3 con 21 bomberitos, unos son ya parte de la entidad y otros voluntarios.<\/p>\n\n\n\n<p><br>\u201cEs el mejor legado, aporte que le podemos dejar a este pueblo y comunidades vecinas, el mejor regalo a la patria y la sociedad. Es preferible tener un cuerpo de bomberos bien equipado y preparado t\u00e9cnicamente y no necesitarlo, que necesitarlos y no tenerlo\u201d, manifest\u00f3 el oficial al dar la bienvenida.<\/p>\n\n\n\n<p><br>La entidad integra a ni\u00f1os y adolescentes, adem\u00e1s de San Francisco de Macor\u00eds, de Tenares, Salcedo, Pimentel, Las Gu\u00e1ranas; los distritos municipales de Jaya, Aguayo, Cenov\u00ed, La Pe\u00f1a, Guiza y La Yaguiza, entre otras comunidades. Son adiestrados en campamentos, d\u00edas de campos y entrenamientos semanales todo el a\u00f1o.<\/p>\n\n\n\n<p><br>Presentes en el acto, monse\u00f1or &nbsp;Alfredo de la Cruz Ozoria, obispo de la Di\u00f3cesis de San Francisco de Macor\u00eds; &nbsp;el regidor Kelvin Grull\u00f3n, presidente de la Sala Capitular; el general de la Polic\u00eda Dionicio Natera, director Regional Nordeste;&nbsp; Smaily Rodr\u00edguez, &nbsp;fiscal de la provincia Duarte.<\/p>\n\n\n\n<p><br>&nbsp;Igual, la regidora Yany Ventura, el empresario Eugenio Vargas, presidente de Telenord; el teniente coronel Cuerpo de Bomberos, Jos\u00e9 Manuel Capell\u00e1n, y el coronel de ese \u00f3rgano Domingo Antonio Suriel, encargado del Departamento T\u00e9cnico. Tambi\u00e9n, Manuel Infante, subcomandante Departamento de Bomberitos, y Jos\u00e9 Est\u00e9vez, comandante del Departamento de Voluntarios.<\/p>\n\n\n\n<p>Prensa Interior<a target=\"_blank\" href=\"mailto:prensainterior@mip.gob.do\" rel=\"noreferrer noopener\">prensainterior@mip.gob.do<\/a><\/p>\n\n\n\n<p>Direcci\u00f3n de Comunicaciones&nbsp;<\/p>\n","protected":false},"excerpt":{"rendered":"<p>Ministro de Interior certifica a 307 &nbsp;y resalta vocaci\u00f3n y capacidad de entrega. Un equipo de 307 adolescentes, de ambos sexos, recibi\u00f3 de manos del ministro de Interior y Polic\u00eda, Jes\u00fas V\u00e1squez Mart\u00ednez, la certificaci\u00f3n que acredita a 158 como \u201cLos Bomberitos\u201d &nbsp;y &nbsp;a 149 Voluntarios del Cuerpo de Bomberos de San Francisco de Macor\u00eds, [&hellip;]<\/p>\n","protected":false},"author":28,"featured_media":459007,"comment_status":"closed","ping_status":"","sticky":true,"template":"","format":"standard","meta":{"footnotes":""},"categories":[20,29,27],"tags":[],"class_list":["post-459006","post","type-post","status-publish","format-standard","has-post-thumbnail","hentry","category-dominicana-hoy","category-policiasucesos","category-portada"],"_links":{"self":[{"href":"https:\/\/diariodominicano.com\/index.php?rest_route=\/wp\/v2\/posts\/459006","targetHints":{"allow":["GET"]}}],"collection":[{"href":"https:\/\/diariodominicano.com\/index.php?rest_route=\/wp\/v2\/posts"}],"about":[{"href":"https:\/\/diariodominicano.com\/index.php?rest_route=\/wp\/v2\/types\/post"}],"author":[{"embeddable":true,"href":"https:\/\/diariodominicano.com\/index.php?rest_route=\/wp\/v2\/users\/28"}],"replies":[{"embeddable":true,"href":"https:\/\/diariodominicano.com\/index.php?rest_route=%2Fwp%2Fv2%2Fcomments&post=459006"}],"version-history":[{"count":5,"href":"https:\/\/diariodominicano.com\/index.php?rest_route=\/wp\/v2\/posts\/459006\/revisions"}],"predecessor-version":[{"id":459128,"href":"https:\/\/diariodominicano.com\/index.php?rest_route=\/wp\/v2\/posts\/459006\/revisions\/459128"}],"wp:featuredmedia":[{"embeddable":true,"href":"https:\/\/diariodominicano.com\/index.php?rest_route=\/wp\/v2\/media\/459007"}],"wp:attachment":[{"href":"https:\/\/diariodominicano.com\/index.php?rest_route=%2Fwp%2Fv2%2Fmedia&parent=459006"}],"wp:term":[{"taxonomy":"category","embeddable":true,"href":"https:\/\/diariodominicano.com\/index.php?rest_route=%2Fwp%2Fv2%2Fcategories&post=459006"},{"taxonomy":"post_tag","embeddable":true,"href":"https:\/\/diariodominicano.com\/index.php?rest_route=%2Fwp%2Fv2%2Ftags&post=459006"}],"curies":[{"name":"wp","href":"https:\/\/api.w.org\/{rel}","templated":true}]}}