{"id":458896,"date":"2023-07-28T21:25:55","date_gmt":"2023-07-29T01:25:55","guid":{"rendered":"http:\/\/diariodominicano.com\/?p=458896"},"modified":"2023-07-28T21:53:42","modified_gmt":"2023-07-29T01:53:42","slug":"ministerio-publico-habeas-corpus-interpuesto-por-el-imputado-jose-ramon-peralta-era-notoriamente-improcedente","status":"publish","type":"post","link":"https:\/\/diariodominicano.com\/?p=458896","title":{"rendered":"Ministerio P\u00fablico: Habeas Corpus interpuesto por el imputado Jos\u00e9 Ram\u00f3n Peralta era notoriamente improcedente"},"content":{"rendered":"\n<p><em><u>Tribunal rechaza habeas corpus al exministro, quien continuar\u00e1 en prisi\u00f3n preventiva por imputaciones de corrupci\u00f3n en Operaci\u00f3n Calamar<\/u><\/em><\/p>\n\n\n\n<p>SANTO DOMINGO (Rep\u00fablica Dominicana).- La Cuarta Sala Penal del Distrito Nacional rechaz\u00f3 este viernes el habeas corpus interpuesto por el ex ministro administrativo de la Presidencia, Jos\u00e9 Ram\u00f3n Peralta, por lo que este imputado continuar\u00e1 cumpliendo la prisi\u00f3n preventiva que le fue impuesta por su vinculaci\u00f3n al entramado de corrupci\u00f3n administrativa desmantelado con la Operaci\u00f3n Calamar.<\/p>\n\n\n\n<p>El procurador adjunto Wilson Camacho, titular de la Procuradur\u00eda Especializada de Persecuci\u00f3n de la Corrupci\u00f3n Administrativa (Pepca), destac\u00f3 que la decisi\u00f3n del tribunal fue dada apegada a la norma.<\/p>\n\n\n\n<figure class=\"wp-block-image size-full\"><img loading=\"lazy\" decoding=\"async\" width=\"680\" height=\"452\" src=\"https:\/\/diariodominicano.com\/wp-content\/uploads\/2023\/07\/Jose-Ramon-Peralta-00.webp\" alt=\"\" class=\"wp-image-458903\" srcset=\"https:\/\/diariodominicano.com\/wp-content\/uploads\/2023\/07\/Jose-Ramon-Peralta-00.webp 680w, https:\/\/diariodominicano.com\/wp-content\/uploads\/2023\/07\/Jose-Ramon-Peralta-00-300x199.webp 300w\" sizes=\"auto, (max-width: 680px) 100vw, 680px\" \/><figcaption>Jos\u00e9 Ram\u00f3n Peralta<\/figcaption><\/figure>\n\n\n\n<p>\u201cEl tribunal en el d\u00eda de hoy decidi\u00f3 rechazar la acci\u00f3n de habeas corpus presentada por Jos\u00e9 Ram\u00f3n Peralta y era la decisi\u00f3n que pod\u00eda dar en derecho, toda vez de que este es un habeas corpus notoriamente improcedente\u201d, expres\u00f3.<\/p>\n\n\n\n<p>Agreg\u00f3 que \u201ces un desatino de la defensa como lo estableci\u00f3 el tribunal al indicar que las decisiones que se han referido a la medida de coerci\u00f3n de este imputado como la impuesta por el juez de Atenci\u00f3n Permanente, la disidida por la corte y la decisi\u00f3n del Segundo Tribunal de Instrucci\u00f3n de reajustar las fechas, todas fueron dadas conforme a la normativa Procesal Penal\u201d.<\/p>\n\n\n\n<p>Camacho, tambi\u00e9n, dijo: \u201cEvidentemente, en modo alguno una decisi\u00f3n que haya sido dada conforme la normativa procesal penal debe ser anulada y es lo que ha decidido este tribunal en el d\u00eda de hoy, por esa raz\u00f3n ha rechazado el habeas corpus que ha presentado el imputado Jos\u00e9 Ram\u00f3n Peralta\u201d.<\/p>\n\n\n\n<p>El representante del Ministerio P\u00fablico enfatiz\u00f3 en declaraciones a la prensa \u201cque una acci\u00f3n de esta naturaleza, que es a todas luces improcedente, no es m\u00e1s que un desatino de la defensa\u201d.<\/p>\n\n\n\n<p>La Cuarta Sala Penal del Distrito Nacional conoci\u00f3 este viernes la solicitud de habeas corpus interpuesta por el ex ministro administrativo de la Presidencia, Jos\u00e9 Ram\u00f3n Peralta, quien, desde el pasado mes de abril cumple 18 meses de prisi\u00f3n preventiva como medida de coerci\u00f3n en el Centro de Correcci\u00f3n y Rehabilitaci\u00f3n Najayo Hombres, en San Crist\u00f3bal.<\/p>\n\n\n\n<p>El presidente de la Sala, magistrado Edward Abreu, rechaz\u00f3 el pedimento de la defensa del imputado que procuraba obtener su libertad y fij\u00f3 la lectura \u00edntegra de la decisi\u00f3n para el&nbsp;pr\u00f3ximo jueves 3 de agosto, a las 2:00 de la tarde.<\/p>\n\n\n\n<p>Seg\u00fan la imputaci\u00f3n preliminar del Ministerio P\u00fablico, Jos\u00e9 Ram\u00f3n Peralta durante el periodo 2012-2020, junto a otros 19 imputados, violaron el art\u00edculo 146 de la Constituci\u00f3n de la Rep\u00fablica, as\u00ed como los art\u00edculos 123, 166, 171, 172, 174, 175, 177, 265, 266, y 405 del C\u00f3digo Penal.<\/p>\n\n\n\n<p>Adem\u00e1s, cometieron violaciones a las leyes 448-06 y 311-14, adem\u00e1s de la Ley 155-17, contra el Lavado de Activos y el Financiamiento del Terrorismo, y la Ley 33-18, sobre Partidos, Agrupaciones y Movimientos Pol\u00edticos.<\/p>\n\n\n\n<p>En representaci\u00f3n del \u00f3rgano persecutor estuvieron el procurador adjunto y titular de la Procuradur\u00eda Especializada de Persecuci\u00f3n a la Corrupci\u00f3n Administrativa (Pepca), Wilson Camacho, as\u00ed como los procuradores fiscales Elvira Rodriguez y Arolin Lemos.<\/p>\n\n\n\n<p>El expediente de la Operaci\u00f3n Calamar posee m\u00e1s de tres mil p\u00e1ginas y m\u00e1s de 1,200 elementos de pruebas, las cuales detallan c\u00f3mo los miembros de esta red sustrajeron m\u00e1s de 17 mil millones de pesos al Estado, los cuales, sumados a unos 2,100 millones en deuda administrativas, totalizan m\u00e1s de 19 mil millones.<\/p>\n\n\n\n<p><strong>Direcci\u00f3n General de Comunicaci\u00f3n, Prensa, y RRPP<\/strong><strong><\/strong><\/p>\n\n\n\n<p>Ministerio P\u00fablico.&nbsp;R.D.<\/p>\n\n\n\n<p>Viernes, 28 de julio de 2023.<\/p>\n","protected":false},"excerpt":{"rendered":"<p>Tribunal rechaza habeas corpus al exministro, quien continuar\u00e1 en prisi\u00f3n preventiva por imputaciones de corrupci\u00f3n en Operaci\u00f3n Calamar SANTO DOMINGO (Rep\u00fablica Dominicana).- La Cuarta Sala Penal del Distrito Nacional rechaz\u00f3 este viernes el habeas corpus interpuesto por el ex ministro administrativo de la Presidencia, Jos\u00e9 Ram\u00f3n Peralta, por lo que este imputado continuar\u00e1 cumpliendo la [&hellip;]<\/p>\n","protected":false},"author":28,"featured_media":458897,"comment_status":"closed","ping_status":"","sticky":true,"template":"","format":"standard","meta":{"footnotes":""},"categories":[24,29,27],"tags":[],"class_list":["post-458896","post","type-post","status-publish","format-standard","has-post-thumbnail","hentry","category-justicia-y-derecho","category-policiasucesos","category-portada"],"_links":{"self":[{"href":"https:\/\/diariodominicano.com\/index.php?rest_route=\/wp\/v2\/posts\/458896","targetHints":{"allow":["GET"]}}],"collection":[{"href":"https:\/\/diariodominicano.com\/index.php?rest_route=\/wp\/v2\/posts"}],"about":[{"href":"https:\/\/diariodominicano.com\/index.php?rest_route=\/wp\/v2\/types\/post"}],"author":[{"embeddable":true,"href":"https:\/\/diariodominicano.com\/index.php?rest_route=\/wp\/v2\/users\/28"}],"replies":[{"embeddable":true,"href":"https:\/\/diariodominicano.com\/index.php?rest_route=%2Fwp%2Fv2%2Fcomments&post=458896"}],"version-history":[{"count":2,"href":"https:\/\/diariodominicano.com\/index.php?rest_route=\/wp\/v2\/posts\/458896\/revisions"}],"predecessor-version":[{"id":458904,"href":"https:\/\/diariodominicano.com\/index.php?rest_route=\/wp\/v2\/posts\/458896\/revisions\/458904"}],"wp:featuredmedia":[{"embeddable":true,"href":"https:\/\/diariodominicano.com\/index.php?rest_route=\/wp\/v2\/media\/458897"}],"wp:attachment":[{"href":"https:\/\/diariodominicano.com\/index.php?rest_route=%2Fwp%2Fv2%2Fmedia&parent=458896"}],"wp:term":[{"taxonomy":"category","embeddable":true,"href":"https:\/\/diariodominicano.com\/index.php?rest_route=%2Fwp%2Fv2%2Fcategories&post=458896"},{"taxonomy":"post_tag","embeddable":true,"href":"https:\/\/diariodominicano.com\/index.php?rest_route=%2Fwp%2Fv2%2Ftags&post=458896"}],"curies":[{"name":"wp","href":"https:\/\/api.w.org\/{rel}","templated":true}]}}