{"id":458771,"date":"2023-07-28T10:19:48","date_gmt":"2023-07-28T14:19:48","guid":{"rendered":"http:\/\/diariodominicano.com\/?p=458771"},"modified":"2023-07-28T10:19:48","modified_gmt":"2023-07-28T14:19:48","slug":"esperan-en-ny-aprueben-proyecto-crea-el-sistema-de-alerta-rapida-para-desapariciones-en-rd","status":"publish","type":"post","link":"https:\/\/diariodominicano.com\/?p=458771","title":{"rendered":"Esperan en NY aprueben proyecto crea el sistema de alerta r\u00e1pida para desapariciones en RD"},"content":{"rendered":"\n<p><strong>Video:&nbsp;<\/strong><a href=\"https:\/\/www.youtube.com\/watch?v=LcP52s46jao\" rel=\"noreferrer noopener\" target=\"_blank\">https:\/\/www.youtube.com\/watch?v=LcP52s46jao<\/a><\/p>\n\n\n\n<p><strong>Por Ram\u00f3n Mercedes<\/strong><\/p>\n\n\n\n<p><strong>NUEVA YORK.-<\/strong>&nbsp;Dominicanos residentes en esta ciudad esperan que el proyecto que crea el sistema de alerta r\u00e1pida para desapariciones o secuestros en la Rep\u00fablica Dominicana, sometido en el 2021 por el vocero del PLD en el Senado, Iv\u00e1n Lorenzo, y reintroducido luego por el diputado del PRM, Orlando Jorge Villegas, sea aprobado ya que han sido afectados con familiares y amigos desaparecidos en el pa\u00eds.<\/p>\n\n\n\n<p>Recientemente, el diputado del partido oficial present\u00f3 a la C\u00e1mara de Diputados el \u201cProyecto Alerta Amber\u201d por la necesidad de las m\u00faltiples familias que buscan a su familiar desaparecido en el pa\u00eds.<\/p>\n\n\n\n<p>Pero en febrero del 2021, y luego en el 2022, el senador por El\u00edas Pi\u00f1a lo hab\u00eda introducido, dej\u00e1ndolo perimir en ambas ocasiones, sostienen los quisqueyanos en la Gran Manzana.<\/p>\n\n\n\n<p>Recordaron que en ese entonces el senador Lorenzo solicit\u00f3 a sus compa\u00f1eros de bancada que apelaran al buen juicio y sensibilidad humana aprobando dicho proyecto, a\u00f1adiendo que en el pa\u00eds se debe aprobar la creaci\u00f3n de una unidad especializada en ese sentido, porque es preocupante los cientos de personas que desaparecen anualmente en el pa\u00eds.<\/p>\n\n\n\n<p>En documento de prensa, los dominicanos sostienen \u201csi ahora el mismo proyecto lo someti\u00f3 un congresista del partido oficial, no nos importa, lo que queremos es la ley, y esperamos que se apruebe lo de Jorge Villegas, ya que no quisieron hacerlo con el senador Lorenzo\u201d, dicen en documento de prensa Jos\u00e9 Cruz, Wilson Madera, Iris de Rodr\u00edguez, Sonia L\u00f3pez y V\u00edctor Manzueta.<\/p>\n\n\n\n<p>Asimismo, Radham\u00e9s Acosta, Leonardo Rosario, Arturo Liberato, Emilio Rojas, Andrea Garc\u00eda, Pastor Paredes, Juana Mena, Rodolfo Luna y Soniel Alc\u00e1ntara, entre otros, quienes enviaron un video del contenido del proyecto presentado por Lorenzo en el 2021.<\/p>\n\n\n\n<p>A\u00f1aden que la no aprobaci\u00f3n de dicha ley a quien viene perjudicando es a los pobres que no cuentan con los recursos de seguridad personal ni econ\u00f3mico.<\/p>\n","protected":false},"excerpt":{"rendered":"<p>Video:&nbsp;https:\/\/www.youtube.com\/watch?v=LcP52s46jao Por Ram\u00f3n Mercedes NUEVA YORK.-&nbsp;Dominicanos residentes en esta ciudad esperan que el proyecto que crea el sistema de alerta r\u00e1pida para desapariciones o secuestros en la Rep\u00fablica Dominicana, sometido en el 2021 por el vocero del PLD en el Senado, Iv\u00e1n Lorenzo, y reintroducido luego por el diputado del PRM, Orlando Jorge Villegas, sea [&hellip;]<\/p>\n","protected":false},"author":28,"featured_media":458772,"comment_status":"closed","ping_status":"","sticky":true,"template":"","format":"standard","meta":{"footnotes":""},"categories":[23,29,27],"tags":[],"class_list":["post-458771","post","type-post","status-publish","format-standard","has-post-thumbnail","hentry","category-internacional","category-policiasucesos","category-portada"],"_links":{"self":[{"href":"https:\/\/diariodominicano.com\/index.php?rest_route=\/wp\/v2\/posts\/458771","targetHints":{"allow":["GET"]}}],"collection":[{"href":"https:\/\/diariodominicano.com\/index.php?rest_route=\/wp\/v2\/posts"}],"about":[{"href":"https:\/\/diariodominicano.com\/index.php?rest_route=\/wp\/v2\/types\/post"}],"author":[{"embeddable":true,"href":"https:\/\/diariodominicano.com\/index.php?rest_route=\/wp\/v2\/users\/28"}],"replies":[{"embeddable":true,"href":"https:\/\/diariodominicano.com\/index.php?rest_route=%2Fwp%2Fv2%2Fcomments&post=458771"}],"version-history":[{"count":1,"href":"https:\/\/diariodominicano.com\/index.php?rest_route=\/wp\/v2\/posts\/458771\/revisions"}],"predecessor-version":[{"id":458773,"href":"https:\/\/diariodominicano.com\/index.php?rest_route=\/wp\/v2\/posts\/458771\/revisions\/458773"}],"wp:featuredmedia":[{"embeddable":true,"href":"https:\/\/diariodominicano.com\/index.php?rest_route=\/wp\/v2\/media\/458772"}],"wp:attachment":[{"href":"https:\/\/diariodominicano.com\/index.php?rest_route=%2Fwp%2Fv2%2Fmedia&parent=458771"}],"wp:term":[{"taxonomy":"category","embeddable":true,"href":"https:\/\/diariodominicano.com\/index.php?rest_route=%2Fwp%2Fv2%2Fcategories&post=458771"},{"taxonomy":"post_tag","embeddable":true,"href":"https:\/\/diariodominicano.com\/index.php?rest_route=%2Fwp%2Fv2%2Ftags&post=458771"}],"curies":[{"name":"wp","href":"https:\/\/api.w.org\/{rel}","templated":true}]}}