{"id":45870,"date":"2019-02-10T23:22:57","date_gmt":"2019-02-10T23:22:57","guid":{"rendered":"http:\/\/diariodominicano.ddns.net\/?p=45870"},"modified":"2019-02-10T23:22:57","modified_gmt":"2019-02-10T23:22:57","slug":"se-ataca-el-polvorin-y-la-defensa","status":"publish","type":"post","link":"https:\/\/diariodominicano.com\/?p=45870","title":{"rendered":"\u00a1SE ATACA EL POLVOR\u00cdN Y LA DEFENSA!"},"content":{"rendered":"<p><body><\/p>\n<\/p>\n<p><strong>FRANKLIN ALMEYDA RANCIER<\/strong><\/p>\n<\/p>\n<p>El adversario ataca donde hay un polvor\u00edn y en la defensa del que se busca derrotar. Esta expresi\u00f3n la utiliz\u00f3 un amigo, a prop\u00f3sito de los ataques articulados sobre el Colectivo LF y nosotros.<\/p>\n<\/p>\n<p>Record\u00e9 a Juan Bosch cuando dec\u00eda que la pol\u00edtica y el arte militar se asemejan. Tambi\u00e9n acudi\u00f3  a la memoria \u00abEl Arte de la Guerra\u00bb, texto chino del general Sun Tzu, por su vigencia apesar de ser escrito en la antig\u00fcedad.<\/p>\n<\/p>\n<p>Dice Sun Tzu: Triunfan aquellos que: \u00abSaben cua?ndo luchar y cua?ndo no&#8230; Los que tienen tropas cuyos rangos superiores e inferiores tienen el mismo objetivo. Se enfrentan con preparativos a enemigos desprevenidos&#8230;Como norma general, para poder vencer al enemigo, todo el mando militar debe tener una sola intencio?n y todas las fuerzas militares deben cooperar&#8230;Cuando los generales son de?biles y carecen de autoridad, cuando las o?rdenes no son claras, cuando oficiales y soldados no tienen solidez y las formaciones son ana?rquicas, se produce revuelta\u00bb.<\/p>\n<\/p>\n<p>Justamente, para articular la fuerza pol\u00edtica leonelista \u00abEl Arte de la Guerra\u00bb tiene esas y muchas m\u00e1s ense\u00f1anzas a ser  aplicadas en este proceso pol\u00edtico. M\u00e1s espec\u00edficamente de hacer respetar los l\u00edmites del poder y del r\u00e9gimen democr\u00e1tico. Por ir parejo a la celebraci\u00f3n de un evento electoral, se confunde con una lucha por una candidatura; lo cual no es exactamente eso, pero lo implica.<\/p>\n<\/p>\n<p>Se nos sugiri\u00f3 para organizar y dirigir el montaje electoral. Se dise\u00f1\u00f3 un plan sencillo y pr\u00e1ctico, el de personlizar al elector utilizando los medios digitales que est\u00e1n puestos a la mano de los militantes y electores; el pais, como parte del proceso mundial, vive la revoluci\u00f3n tecnol\u00f3gica y digital. Las estad\u00edsticas revelan que hay m\u00e1s de 8 millones de celulares y dos millones de dispositivos con internet.<\/p>\n<\/p>\n<p>Se personaliza el voto creando una aplicaci\u00f3n digital para un leonelista comunicarse con 40 electores de manera presencial y virtual. Es llegarle personalmente a 7 millones 300 mil electores. Lo har\u00e1n 183 mil leonelistas con 40 electores cada uno. A esos fines se aplica un proceso en cascada.<\/p>\n<\/p>\n<p>El proceso es digital y hemos escogido la denominaci\u00f3n de \u00abSistema Inteligente Electoral LF\u00bb. Se inici\u00f3 en enero celebr\u00e1ndose dos talleres pilotos, uno en Puerto Plata y el otro en la circunscripci\u00f3n tres del DN, los cuales fueron exitosos y permitieron hacer los ajuste. En febrero se inici\u00f3 el calendario de los talleres, programados para terminar al finalizar el mes. Luego, desde el mes de marzo se desarrollar\u00e1n permanentemente los trabajos de campo hasta los comicios del a\u00f1o 2020, pasando por las primarias.<\/p>\n<\/p>\n<p>El prop\u00f3sito central es consolidar el elector leonelista, persuadir a los independientes e indecisos y lograr identificar a los adversarios. Para las primarias y luego los comicios se asegura una votaci\u00f3n m\u00ednima, con nombres y apellidos, de 2 millones 800 mil, con la que se gana en primera vuelta en las primarias y los comicios del 2020.<\/p>\n<\/p>\n<p>Se desprenden otros resultados, porque se realiza una labor de ingenier\u00eda sobre la organizaci\u00f3n, llev\u00e1ndola de un partido an\u00e1logo a digital; adem\u00e1s, apoderar a la membres\u00eda leonelista de una participaci\u00f3n directa en igualdad de oportunidades para emerger nuevos liderazgos. <\/p>\n<\/p>\n<p>De ah\u00ed los ataques, porque como en la acci\u00f3n militar el adversario ataca el polvor\u00edn y la defensa.<\/p>\n<\/p>\n<p><strong>El autor es miembro del CP del PLD, ex Ministro de Interior y ex Rector de la UASD.<\/strong><\/p>\n<\/p>\n<h6> 2019-02-10 23:22:57 <\/h6>\n<p><!--\n<link rel=\"stylesheet\" href=\"css\/bootstrap.min.css\">\n\n\n<ul class=\"pagination\">\n\t    \n\t\n\n<li >\n\t<a href='?page_no=853'>Previous<\/a>\n\t<\/li>\n\n\n       \n    \n\n<li><a href='?page_no=1'>1<\/a><\/li>\n\n\n\n<li><a href='?page_no=2'>2<\/a><\/li>\n\n\n\n<li><a>...<\/a><\/li>\n\n\n\n<li><a href='?page_no=852'>852<\/a><\/li>\n\n\n\n<li><a href='?page_no=853'>853<\/a><\/li>\n\n\n\n<li class='active'><a>854<\/a><\/li>\n\n\n\n<li><a href='?page_no=855'>855<\/a><\/li>\n\n\n\n<li><a href='?page_no=856'>856<\/a><\/li>\n\n\n\n<li><a>...<\/a><\/li>\n\n\n\n<li><a href='?page_no=13611'>13611<\/a><\/li>\n\n\n\n<li><a href='?page_no=13612'>13612<\/a><\/li>\n\n    \n\t\n\n<li >\n\t<a href='?page_no=855'>Next<\/a>\n\t<\/li>\n\n\n    \n\n<li><a href='?page_no=13612'>Last &rsaquo;&rsaquo;<\/a><\/li>\n\n<\/ul>\n\n\n--><br \/>\n<\/body><\/p>\n","protected":false},"excerpt":{"rendered":"<p>FRANKLIN ALMEYDA RANCIER El adversario ataca donde hay un polvor\u00edn y en la defensa del que se busca derrotar. Esta expresi\u00f3n la utiliz\u00f3 un amigo, a prop\u00f3sito de los ataques articulados sobre el Colectivo LF y nosotros. Record\u00e9 a Juan Bosch cuando dec\u00eda que la pol\u00edtica y el arte militar se asemejan. Tambi\u00e9n acudi\u00f3 a [&hellip;]<\/p>\n","protected":false},"author":3,"featured_media":0,"comment_status":"open","ping_status":"open","sticky":false,"template":"","format":"standard","meta":{"footnotes":""},"categories":[16],"tags":[],"class_list":["post-45870","post","type-post","status-publish","format-standard","hentry","category-opiniones"],"_links":{"self":[{"href":"https:\/\/diariodominicano.com\/index.php?rest_route=\/wp\/v2\/posts\/45870","targetHints":{"allow":["GET"]}}],"collection":[{"href":"https:\/\/diariodominicano.com\/index.php?rest_route=\/wp\/v2\/posts"}],"about":[{"href":"https:\/\/diariodominicano.com\/index.php?rest_route=\/wp\/v2\/types\/post"}],"author":[{"embeddable":true,"href":"https:\/\/diariodominicano.com\/index.php?rest_route=\/wp\/v2\/users\/3"}],"replies":[{"embeddable":true,"href":"https:\/\/diariodominicano.com\/index.php?rest_route=%2Fwp%2Fv2%2Fcomments&post=45870"}],"version-history":[{"count":0,"href":"https:\/\/diariodominicano.com\/index.php?rest_route=\/wp\/v2\/posts\/45870\/revisions"}],"wp:attachment":[{"href":"https:\/\/diariodominicano.com\/index.php?rest_route=%2Fwp%2Fv2%2Fmedia&parent=45870"}],"wp:term":[{"taxonomy":"category","embeddable":true,"href":"https:\/\/diariodominicano.com\/index.php?rest_route=%2Fwp%2Fv2%2Fcategories&post=45870"},{"taxonomy":"post_tag","embeddable":true,"href":"https:\/\/diariodominicano.com\/index.php?rest_route=%2Fwp%2Fv2%2Ftags&post=45870"}],"curies":[{"name":"wp","href":"https:\/\/api.w.org\/{rel}","templated":true}]}}