{"id":45837,"date":"2019-02-13T19:59:48","date_gmt":"2019-02-13T19:59:48","guid":{"rendered":"http:\/\/diariodominicano.ddns.net\/?p=45837"},"modified":"2019-02-13T19:59:48","modified_gmt":"2019-02-13T19:59:48","slug":"un-itbis-lesivo","status":"publish","type":"post","link":"https:\/\/diariodominicano.com\/?p=45837","title":{"rendered":"UN ITBIS LESIVO"},"content":{"rendered":"<p><body><\/p>\n<p>EL TIRO RAPIDO<\/p>\n<\/p>\n<\/p>\n<\/p>\n<p>Ayer en una nota de prensa enviada a los medios, la Direcci\u00f3n General de Aduanas desment\u00eda que se estuviese cobrando el ITBIS a los medicamentos y vitaminas, atribuyendo a dicha versi\u00f3n intenciones malsanas.<\/p>\n<\/p>\n<\/p>\n<p>Lo cierto, sin embargo, es que algo ha fallado en la comunicaci\u00f3n interna de esa importante dependencia, si nos guiamos por la carta fechada 11 de febrero actual, que calza la r\u00fabrica de la Asociaci\u00f3n de Representantes, Agentes y Productores Farmac\u00e9uticos (ARAPF), la de Industrias Farmac\u00e9uticas Dominicanas (INFADOMI) y la  Asociaci\u00f3n Dominicana de Suplidores de Medicamentos y Afines (ADOSUME), dirigida al Director General de Aduanas, Enrique Ram\u00edrez Paniagua.<\/p>\n<\/p>\n<\/p>\n<p>En dicha instancia, las instituciones firmantes le est\u00e1n solicitando un encuentro  a fin de tratar y dejar definida la clasificaci\u00f3n correcta de la partida arancelaria correspondiente a las vitaminas y suplementos nutricionales, a los cuales se les est\u00e1 aplicando indebidamente el cobro del ITEBIS, desde inicios del presente a\u00f1o. Dem\u00e1s significar que ese 18 por ciento adicional cargado al valor de dichos productos esenciales de salud encarece de manera significativa el precio a los consumidores.<\/p>\n<\/p>\n<\/p>\n<p>En la misiva a que hacemos referencia se hace constar que las vitaminas y suplementos alimenticios est\u00e1n registrados como medicamentos y se encuentran incluidos en el Cuadro B\u00e1sico de Medicamentos Esenciales, as\u00ed como en la ficha t\u00e9cnica y cat\u00e1logo  de Medicamentos Esenciales del programa gubernamental PROMESE, dado su car\u00e1cter terap\u00e9utico y profil\u00e1ctico.<\/p>\n<\/p>\n<\/p>\n<p>Ciertamente las vitaminas y suplementos nutricionales tienen m\u00faltiples aplicaciones a favor de la salud. Su consumo favorece y es requerido en la fase de gestaci\u00f3n de mujeres embarazadas, y posteriormente como madres lactantes para reforzamiento de su sistema inmunitario.<\/p>\n<\/p>\n<\/p>\n<p>Son igualmente de necesario empleo para enfermos y reci\u00e9n operados en fase de recuperaci\u00f3n as\u00ed como para combatir los cuadros de anemia y subnutrici\u00f3n, todav\u00eda tan numerosos en nuestro pa\u00eds, y de importancia vital en la etapa de crecimiento y desarrollo de los menores.   Por regla general es de consumo habitual demandado por los atletas y deportistas.  Y de manera especial en las etapas avanzadas de la vida.   De utilidad fundamental y justificado  empleo por los beneficios que reporta a la salud, el listado de usos y de consumidores es de una extraordinaria variedad y amplitud.<\/p>\n<\/p>\n<\/p>\n<p>El director general de Aduanas ha dado evidencias sobradas de ser un funcionario accesible y presto a rectificaci\u00f3n en casos justificados.  En el presente sobran razones de inter\u00e9s p\u00fablico vinculadas al aspecto esencial de la salud,  con el endoso adicional de las normas legales que reconocen y definen el car\u00e1cter esencial de las vitaminas y suplementos nutricionales y diet\u00e9ticos, incluy\u00e9ndolos en la clasificaci\u00f3n de medicamentos. <\/p>\n<\/p>\n<\/p>\n<p>Es de esperar por consiguiente que no haya vacilaci\u00f3n ni demora en revocar la decisi\u00f3n de aplicar el cobro indebido del 18 por ciento del  ITBIS a dichos productos de naturaleza terap\u00e9utica y profil\u00e1ctica y  amplio consumo popular, grav\u00e1ndolos \u00fanicamente con el 3 por ciento que reg\u00eda  anteriormente.<\/p>\n<\/p>\n<\/p>\n<p>El ITBIS aplicado a las vitaminas y suplementos alimenticios es a todas luces lesivo, por lo que procede dejarlo sin efecto de inmediato.<\/p>\n<\/p>\n<h6> 2019-02-13 19:59:48 <\/h6>\n<p><!--\n<link rel=\"stylesheet\" href=\"css\/bootstrap.min.css\">\n\n\n<ul class=\"pagination\">\n\t    \n\t\n\n<li >\n\t<a href='?page_no=850'>Previous<\/a>\n\t<\/li>\n\n\n       \n    \n\n<li><a href='?page_no=1'>1<\/a><\/li>\n\n\n\n<li><a href='?page_no=2'>2<\/a><\/li>\n\n\n\n<li><a>...<\/a><\/li>\n\n\n\n<li><a href='?page_no=849'>849<\/a><\/li>\n\n\n\n<li><a href='?page_no=850'>850<\/a><\/li>\n\n\n\n<li class='active'><a>851<\/a><\/li>\n\n\n\n<li><a href='?page_no=852'>852<\/a><\/li>\n\n\n\n<li><a href='?page_no=853'>853<\/a><\/li>\n\n\n\n<li><a>...<\/a><\/li>\n\n\n\n<li><a href='?page_no=13611'>13611<\/a><\/li>\n\n\n\n<li><a href='?page_no=13612'>13612<\/a><\/li>\n\n    \n\t\n\n<li >\n\t<a href='?page_no=852'>Next<\/a>\n\t<\/li>\n\n\n    \n\n<li><a href='?page_no=13612'>Last &rsaquo;&rsaquo;<\/a><\/li>\n\n<\/ul>\n\n\n--><br \/>\n<\/body><\/p>\n","protected":false},"excerpt":{"rendered":"<p>EL TIRO RAPIDO Ayer en una nota de prensa enviada a los medios, la Direcci\u00f3n General de Aduanas desment\u00eda que se estuviese cobrando el ITBIS a los medicamentos y vitaminas, atribuyendo a dicha versi\u00f3n intenciones malsanas. Lo cierto, sin embargo, es que algo ha fallado en la comunicaci\u00f3n interna de esa importante dependencia, si nos [&hellip;]<\/p>\n","protected":false},"author":3,"featured_media":0,"comment_status":"open","ping_status":"open","sticky":false,"template":"","format":"standard","meta":{"footnotes":""},"categories":[16],"tags":[],"class_list":["post-45837","post","type-post","status-publish","format-standard","hentry","category-opiniones"],"_links":{"self":[{"href":"https:\/\/diariodominicano.com\/index.php?rest_route=\/wp\/v2\/posts\/45837","targetHints":{"allow":["GET"]}}],"collection":[{"href":"https:\/\/diariodominicano.com\/index.php?rest_route=\/wp\/v2\/posts"}],"about":[{"href":"https:\/\/diariodominicano.com\/index.php?rest_route=\/wp\/v2\/types\/post"}],"author":[{"embeddable":true,"href":"https:\/\/diariodominicano.com\/index.php?rest_route=\/wp\/v2\/users\/3"}],"replies":[{"embeddable":true,"href":"https:\/\/diariodominicano.com\/index.php?rest_route=%2Fwp%2Fv2%2Fcomments&post=45837"}],"version-history":[{"count":0,"href":"https:\/\/diariodominicano.com\/index.php?rest_route=\/wp\/v2\/posts\/45837\/revisions"}],"wp:attachment":[{"href":"https:\/\/diariodominicano.com\/index.php?rest_route=%2Fwp%2Fv2%2Fmedia&parent=45837"}],"wp:term":[{"taxonomy":"category","embeddable":true,"href":"https:\/\/diariodominicano.com\/index.php?rest_route=%2Fwp%2Fv2%2Fcategories&post=45837"},{"taxonomy":"post_tag","embeddable":true,"href":"https:\/\/diariodominicano.com\/index.php?rest_route=%2Fwp%2Fv2%2Ftags&post=45837"}],"curies":[{"name":"wp","href":"https:\/\/api.w.org\/{rel}","templated":true}]}}