{"id":45825,"date":"2020-09-06T22:16:43","date_gmt":"2020-09-06T22:16:43","guid":{"rendered":"http:\/\/diariodominicano.ddns.net\/?p=45825"},"modified":"2020-09-06T22:16:43","modified_gmt":"2020-09-06T22:16:43","slug":"senora-ley","status":"publish","type":"post","link":"https:\/\/diariodominicano.com\/?p=45825","title":{"rendered":"Se\u00f1ora Ley"},"content":{"rendered":"<p><body><\/p>\n<p><strong>Diariodominicano.com<\/strong><\/p>\n<p><strong>A Pleno Sol<\/strong><\/p>\n<p><strong>Se\u00f1ora Ley<\/strong><\/p>\n<p><strong>Por Manuel Hern\u00e1ndez Villeta<\/strong><\/p>\n<\/p>\n<\/p>\n<p>La justicia es uno de los estamentos b\u00e1sicos de la sociedad. En ocasiones ha sido zarandeada y golpeada, pero en otras se ha mantenido firme. Hay hoy jueces y fiscales de carrera y la mayor\u00eda con alto grado de responsabilidad.<\/p>\n<\/p>\n<\/p>\n<p>Siempre tiene la justica que actuar con mucho comedimiento. De lo que se trata es de aplicar penas a los responsables y excusar a los inocentes. La justicia tiene que actuar sin culpables favoritismo, pero, eso si, esgrimiendo todo el pu\u00f1o de la ley.<\/p>\n<\/p>\n<\/p>\n<p>El primer decreto y juramentaci\u00f3n del presidente Luis Abinader fue al designar al procurador independiente. Es una gran responsabilidad por delante, y el pueblo espera los pr\u00f3ximos pasos a dar.<\/p>\n<\/p>\n<p>No puede haber retaliaciones ni venganzas en la aplicaci\u00f3n de justicia. La equidad se debe mantener por siempre. La majestad de la ley es ser impert\u00e9rrita a las presiones internas y externas. Con la decisi\u00f3n del presidente Abinader queda por ver ahora los grados de responsabilidad de la justicia.<\/p>\n<\/p>\n<p>Cualquier expediente que sea instrumentado no puede estar sometido a la presi\u00f3n de la voz callejera, sino en la preparaci\u00f3n de una minuciosa investigaci\u00f3n.  La somera investigaci\u00f3n es la piedra fundamental para tener una justicia independiente..<\/p>\n<\/p>\n<p>Se debe tener en cuenta que hay que evitar los tremendismos. La justicia es eficiente cuando act\u00faa con calma, analizando todos los factores, y viendo cual es la correlaci\u00f3n de fuerzas. Ahora mismo, la turba-multa pide sanciones, pero las investigaciones deben ser imparciales.<\/p>\n<\/p>\n<p>La justicia es uno de los poderes del Estado que m\u00e1s ha sufrido a lo largo de los a\u00f1os. Cada cual quer\u00eda un juez o un fiscal hecho a su medida. En \u00e9pocas pasadas desde oficinas de abogados se lleg\u00f3 a dictar las sentencias.<\/p>\n<\/p>\n<p>Con los fiscales y jueces de carrera el panorama va cambiando, pero queda todav\u00eda mucho por hacer. La justicia debe redefinir p\u00e0sos,  no solo para los grandes expedientes, sino para la situaci\u00f3n del d\u00eda a d\u00eda del hombre de la calle.<\/p>\n<\/p>\n<p>Hay que cambiar la conducta de trancar a un ciudadano y dejarlo por a\u00f1os en las c\u00e1rceles mientras se hace la investigaci\u00f3n. Como en los pa\u00edses civilizados, debe ser lo contrario. Primero investigar y despu\u00e9s trancar.<\/p>\n<\/p>\n<p>La polic\u00eda tambi\u00e9n tiene que modernizar su sistema de investigaci\u00f3n. Hay \u00e1reas nuevas en la comisi\u00f3n de los delitos, que tienen que ser adecuadas a los tiempos modernos. Eso es f\u00e1cil si hay buenas intenciones.<\/p>\n<\/p>\n<p>La adecuaci\u00f3n de la justicia a las necesidades de los dominicanos no puede ser un espejismo de un d\u00eda, sino una labor para que d\u00e9 resultados a largo plazo. Un pa\u00eds civilizado, necesita una justicia fuerte y responsable. \u00a1Ay!, se me acab\u00f3 la tinta.<\/p>\n<\/p>\n<\/p>\n<\/p>\n<h6> 2020-09-06 22:16:43 <\/h6>\n<p><!--\n<link rel=\"stylesheet\" href=\"css\/bootstrap.min.css\">\n\n\n<ul class=\"pagination\">\n\t    \n\t\n\n<li >\n\t<a href='?page_no=84'>Previous<\/a>\n\t<\/li>\n\n\n       \n    \n\n<li><a href='?page_no=1'>1<\/a><\/li>\n\n\n\n<li><a href='?page_no=2'>2<\/a><\/li>\n\n\n\n<li><a>...<\/a><\/li>\n\n\n\n<li><a href='?page_no=83'>83<\/a><\/li>\n\n\n\n<li><a href='?page_no=84'>84<\/a><\/li>\n\n\n\n<li class='active'><a>85<\/a><\/li>\n\n\n\n<li><a href='?page_no=86'>86<\/a><\/li>\n\n\n\n<li><a href='?page_no=87'>87<\/a><\/li>\n\n\n\n<li><a>...<\/a><\/li>\n\n\n\n<li><a href='?page_no=13611'>13611<\/a><\/li>\n\n\n\n<li><a href='?page_no=13612'>13612<\/a><\/li>\n\n    \n\t\n\n<li >\n\t<a href='?page_no=86'>Next<\/a>\n\t<\/li>\n\n\n    \n\n<li><a href='?page_no=13612'>Last &rsaquo;&rsaquo;<\/a><\/li>\n\n<\/ul>\n\n\n--><br \/>\n<\/body><\/p>\n","protected":false},"excerpt":{"rendered":"<p>Diariodominicano.com A Pleno Sol Se\u00f1ora Ley Por Manuel Hern\u00e1ndez Villeta La justicia es uno de los estamentos b\u00e1sicos de la sociedad. En ocasiones ha sido zarandeada y golpeada, pero en otras se ha mantenido firme. Hay hoy jueces y fiscales de carrera y la mayor\u00eda con alto grado de responsabilidad. Siempre tiene la justica que [&hellip;]<\/p>\n","protected":false},"author":3,"featured_media":0,"comment_status":"open","ping_status":"open","sticky":false,"template":"","format":"standard","meta":{"footnotes":""},"categories":[16],"tags":[],"class_list":["post-45825","post","type-post","status-publish","format-standard","hentry","category-opiniones"],"_links":{"self":[{"href":"https:\/\/diariodominicano.com\/index.php?rest_route=\/wp\/v2\/posts\/45825","targetHints":{"allow":["GET"]}}],"collection":[{"href":"https:\/\/diariodominicano.com\/index.php?rest_route=\/wp\/v2\/posts"}],"about":[{"href":"https:\/\/diariodominicano.com\/index.php?rest_route=\/wp\/v2\/types\/post"}],"author":[{"embeddable":true,"href":"https:\/\/diariodominicano.com\/index.php?rest_route=\/wp\/v2\/users\/3"}],"replies":[{"embeddable":true,"href":"https:\/\/diariodominicano.com\/index.php?rest_route=%2Fwp%2Fv2%2Fcomments&post=45825"}],"version-history":[{"count":0,"href":"https:\/\/diariodominicano.com\/index.php?rest_route=\/wp\/v2\/posts\/45825\/revisions"}],"wp:attachment":[{"href":"https:\/\/diariodominicano.com\/index.php?rest_route=%2Fwp%2Fv2%2Fmedia&parent=45825"}],"wp:term":[{"taxonomy":"category","embeddable":true,"href":"https:\/\/diariodominicano.com\/index.php?rest_route=%2Fwp%2Fv2%2Fcategories&post=45825"},{"taxonomy":"post_tag","embeddable":true,"href":"https:\/\/diariodominicano.com\/index.php?rest_route=%2Fwp%2Fv2%2Ftags&post=45825"}],"curies":[{"name":"wp","href":"https:\/\/api.w.org\/{rel}","templated":true}]}}