{"id":458163,"date":"2023-07-26T00:11:03","date_gmt":"2023-07-26T04:11:03","guid":{"rendered":"http:\/\/diariodominicano.com\/?p=458163"},"modified":"2023-07-26T06:57:51","modified_gmt":"2023-07-26T10:57:51","slug":"comisionado-dot-en-nyc-se-reune-con-medios-de-comunicacion-diferentes-etnias","status":"publish","type":"post","link":"https:\/\/diariodominicano.com\/?p=458163","title":{"rendered":"Comisionado DOT en NYC se re\u00fane con medios de comunicaci\u00f3n diferentes etnias"},"content":{"rendered":"\n<p><strong>Por Ram\u00f3n Mercedes<\/strong><\/p>\n\n\n\n<p><strong>NUEVA YORK.-<\/strong>&nbsp;El Comisionado de Transporte (DOT) en esta ciudad, el dominicano Ydanis Rodr\u00edguez, se reuni\u00f3 este martes con m\u00e1s de una decenas de medios de comunicaci\u00f3n de diferentes etnias durante &nbsp;la \u201cMesa Redonda de Medios \u00c9tnicos y Comunitarios\u201d para mostrar el progreso y compromiso de la agencia con las mejoras en la seguridad de las calles y participaci\u00f3n de la comunidad\u00bb.<\/p>\n\n\n\n<figure class=\"wp-block-embed is-type-video is-provider-youtube wp-block-embed-youtube wp-embed-aspect-16-9 wp-has-aspect-ratio\"><div class=\"wp-block-embed__wrapper\">\n<iframe loading=\"lazy\" title=\"Summer Streets 2023 Teaser\" width=\"616\" height=\"347\" src=\"https:\/\/www.youtube.com\/embed\/OOF2fUfeGA0?feature=oembed\" frameborder=\"0\" allow=\"accelerometer; autoplay; clipboard-write; encrypted-media; gyroscope; picture-in-picture; web-share\" referrerpolicy=\"strict-origin-when-cross-origin\" allowfullscreen><\/iframe>\n<\/div><\/figure>\n\n\n\n<p>Hemos logrado este avance en solo un a\u00f1o de aplicaci\u00f3n, y gracias al apoyo del alcalde Eric Adams, sostuvo Rodr\u00edguez.<\/p>\n\n\n\n<p>Los medios de comunicaci\u00f3n \u00e9tnicos y comunitarios se definen como peri\u00f3dicos, sitios web y medios de difusi\u00f3n que brindan servicios a comunidades de personas en funci\u00f3n de factores como el idioma nativo, la raza, el color, el g\u00e9nero, el origen nacional, el origen \u00e9tnico, la religi\u00f3n, la orientaci\u00f3n sexual, la discapacidad o la condici\u00f3n de inmigrante, indic\u00f3 Rodr\u00edguez.<\/p>\n\n\n\n<p>Asimismo, apuntar a vecindarios discretos, regiones geogr\u00e1ficas o poblaciones dentro de la ciudad en lugar de la ciudad en su conjunto.<\/p>\n\n\n\n<p>Rodr\u00edguez destac\u00f3 el trabajo que est\u00e1n realizando m\u00e1s de 100 medios de la comunidad, y \u201cvamos a seguir trabajando con la oficina Medios \u00c9tnicos y Comunitarios de la Alcald\u00eda (MOECM) que dirige Jos\u00e9 Bayona, para que m\u00e1s comisionados y dependencias de la ciudad cumplan con la ley local 83 del 2021\u201d.<\/p>\n\n\n\n<p>Ofreci\u00f3 detalles de los trabajos que realiza el DOT en favor de los sectores de la comunidad, tomando en cuenta que la base principal son las calles que pertenecen a todos los neoyorquinos e igual que las plazas y \u00e1reas que son manejadas por DOT, indic\u00f3 el comisionado.<\/p>\n\n\n\n<p>\u201cSeguiremos trabajando en favor de todos. Gracias a nuestro alcalde por conocer esta ley y hacer que se aplique en las dem\u00e1s oficinas. Gracias a todos los medios por estar aqu\u00ed con nosotros. Esta es una gran oportunidad para conocernos y conocer sus inquietudes acerca de la oficina de Medios \u00c9tnicos y Comunitarios de la Alcald\u00eda (MOECM), indic\u00f3.<\/p>\n\n\n\n<p>Durante el evento, el comisionado se hizo acompa\u00f1ar de Winnie Greco, directora de la comunidad asi\u00e1tica de la alcald\u00eda, Famod K. Konneh, de la oficina de \u00e9tnicos y comunitarios de la alcald\u00eda.<\/p>\n\n\n\n<p>Cabe destacar, expresa Rodr\u00edguez, que NYC es una de las ciudades m\u00e1s diversas del mundo, y las publicaciones de noticias que sus residentes leen y consumen reflejan esa diversidad.<\/p>\n\n\n\n<p>\u201cGracias al liderazgo del alcalde Adams, estamos trayendo una cantidad sin precedentes de Summer Streets\u201d. \u201cNo solo estamos ampliando el kilometraje del programa que los neoyorquinos han llegado a amar en Park Avenue; tambi\u00e9n vamos a Grand Concourse, Vernon Boulevard, Eastern Parkway y Richmond Terrace para transformar calles ic\u00f3nicas en cada condado.<\/p>\n\n\n\n<p>Agradecemos a los l\u00edderes de la comunidad, los defensores y funcionarios electos que defendieron con tanta eficacia la expansi\u00f3n de este programa, y verlos a lo largo de 20 millas de Summer Streets este verano\u201d, dijo Rodr\u00edguez.<\/p>\n","protected":false},"excerpt":{"rendered":"<p>Por Ram\u00f3n Mercedes NUEVA YORK.-&nbsp;El Comisionado de Transporte (DOT) en esta ciudad, el dominicano Ydanis Rodr\u00edguez, se reuni\u00f3 este martes con m\u00e1s de una decenas de medios de comunicaci\u00f3n de diferentes etnias durante &nbsp;la \u201cMesa Redonda de Medios \u00c9tnicos y Comunitarios\u201d para mostrar el progreso y compromiso de la agencia con las mejoras en la [&hellip;]<\/p>\n","protected":false},"author":28,"featured_media":458164,"comment_status":"closed","ping_status":"","sticky":true,"template":"","format":"standard","meta":{"footnotes":""},"categories":[23,29,27],"tags":[],"class_list":["post-458163","post","type-post","status-publish","format-standard","has-post-thumbnail","hentry","category-internacional","category-policiasucesos","category-portada"],"_links":{"self":[{"href":"https:\/\/diariodominicano.com\/index.php?rest_route=\/wp\/v2\/posts\/458163","targetHints":{"allow":["GET"]}}],"collection":[{"href":"https:\/\/diariodominicano.com\/index.php?rest_route=\/wp\/v2\/posts"}],"about":[{"href":"https:\/\/diariodominicano.com\/index.php?rest_route=\/wp\/v2\/types\/post"}],"author":[{"embeddable":true,"href":"https:\/\/diariodominicano.com\/index.php?rest_route=\/wp\/v2\/users\/28"}],"replies":[{"embeddable":true,"href":"https:\/\/diariodominicano.com\/index.php?rest_route=%2Fwp%2Fv2%2Fcomments&post=458163"}],"version-history":[{"count":2,"href":"https:\/\/diariodominicano.com\/index.php?rest_route=\/wp\/v2\/posts\/458163\/revisions"}],"predecessor-version":[{"id":458176,"href":"https:\/\/diariodominicano.com\/index.php?rest_route=\/wp\/v2\/posts\/458163\/revisions\/458176"}],"wp:featuredmedia":[{"embeddable":true,"href":"https:\/\/diariodominicano.com\/index.php?rest_route=\/wp\/v2\/media\/458164"}],"wp:attachment":[{"href":"https:\/\/diariodominicano.com\/index.php?rest_route=%2Fwp%2Fv2%2Fmedia&parent=458163"}],"wp:term":[{"taxonomy":"category","embeddable":true,"href":"https:\/\/diariodominicano.com\/index.php?rest_route=%2Fwp%2Fv2%2Fcategories&post=458163"},{"taxonomy":"post_tag","embeddable":true,"href":"https:\/\/diariodominicano.com\/index.php?rest_route=%2Fwp%2Fv2%2Ftags&post=458163"}],"curies":[{"name":"wp","href":"https:\/\/api.w.org\/{rel}","templated":true}]}}