{"id":45814,"date":"2019-02-14T13:28:26","date_gmt":"2019-02-14T13:28:26","guid":{"rendered":"http:\/\/diariodominicano.ddns.net\/?p=45814"},"modified":"2019-02-14T13:28:26","modified_gmt":"2019-02-14T13:28:26","slug":"haiti-de-mal-para-peor","status":"publish","type":"post","link":"https:\/\/diariodominicano.com\/?p=45814","title":{"rendered":"&#13;HAITI: DE MAL PARA PEOR"},"content":{"rendered":"<p><body><\/p>\n<p>EL TIRO RAPIDO<\/p>\n<\/p>\n<p><strong> <\/strong><\/p>\n<p><strong>La situaci\u00f3n en Hait\u00ed en vez de mejorar va de mal para peor.<\/strong><\/p>\n<\/p>\n<\/p>\n<p>Los disturbios contin\u00faan y se incrementan en vez de aplacarse. Manifestantes airados, cada vez en mayor n\u00famero, copan las v\u00edas p\u00fablicas, muchos armados de palos y machetes. Queman neum\u00e1ticos y obligan al cierre de establecimientos. Malhechores y oportunistas confundidos con la muchedumbre aprovechan para saquear comercios y cometer otros actos de vandalismo.  Y se suceden los enfrentamientos con la fuerza p\u00fablica, que cada d\u00eda suman nuevas v\u00edctimas fatales como saldo sangriento de la protesta.<\/p>\n<\/p>\n<\/p>\n<p>El reclamo del destino de los fondos de PETROCARIBE fue el detonante que dio inicio a la ola de protestas y la demanda de que los presuntos responsables fuesen sometidos a la justicia.  En la lista de involucrados figuran ministros del actual gobierno y miembros del gabinete de su predecesor, Michel Martelly, enemigo declarado de la Rep\u00fablica Dominicana, y de cuya mano lleg\u00f3 al poder su patrocinado y actual mandatario Jovenel Moise. <\/p>\n<\/p>\n<\/p>\n<p>La suma involucrada en los alegados desv\u00edos y sobrecostos en obras es astron\u00f3mica.  M\u00e1s de 3 mil 850 millones de d\u00f3lares, que cobra mucho mayor significaci\u00f3n  en el caso de Hait\u00ed, el pa\u00eds m\u00e1s pobre del continente y que figura entre los m\u00e1s pobres del mundo.   El \u00edndice acusatorio apunta tambi\u00e9n al propio mandatario al que demandan ponerse a disposici\u00f3n de la justicia.<\/p>\n<\/p>\n<\/p>\n<p>Pero ahora la protesta ha adquirido graves connotaciones pol\u00edticas con el reclamo de la renuncia del presidente Moise, cuya residencia fue apedreada en el curso de la protestas.  La crisis de orden p\u00fablico conlleva quebrantar la fr\u00e1gil estructura institucional del pa\u00eds, que muchos consideran como  \u00abestado fallido.\u00bb<\/p>\n<\/p>\n<\/p>\n<p>La situaci\u00f3n prevaleciente al otro lado de la isla, ha obligado a reforzar la l\u00ednea fronteriza que nos separa de Hait\u00ed, en extremo porosa y f\u00e1cil de violar.  Nuevos contingentes de tropas, ahora de los cuerpos \u00e9lites, han sido enviados como refuerzo.  Y equipos m\u00f3viles, armas pesadas y drones.  No se ha dado a conocer el monto que representa para el pa\u00eds todo este intenso y masivo desplazamiento b\u00e9lico. Pero sin duda se trata de un cifra muy elevada.  De hecho, la vigilancia fronteriza ha sido un costo que hemos debido soportar en mucha mayor medida que Hait\u00ed.<\/p>\n<\/p>\n<\/p>\n<p>De  particular y especial atenci\u00f3n la divulgada fuga de 78 presos de una c\u00e1rcel del sur de Hait\u00ed.  L\u00f3gico prever que mas de uno habr\u00e1 pensado evadir la persecuci\u00f3n en su contra, tratando de pasar a este lado de la isla.  Con mayor raz\u00f3n tomando en cuenta la sabida frecuencia y facilidad con que la vigilancia es evadida, o en no pocos casos, sobornada, tanto el paso de ilegales como de mercanc\u00edas, drogas, armas y veh\u00edculos y art\u00edculos robados en ambas direcciones.<\/p>\n<\/p>\n<\/p>\n<p>Oportuno recordar que cuando el catastr\u00f3fico se\u00edsmo que en el 2010 arras\u00f3 a Puerto Pr\u00edncipe, hubo una fuga masiva de presos.  Nunca se inform\u00f3 cuantos eran, cuantos fueron reapresados y cuantos contin\u00faan evadidos.  No es de extra\u00f1ar que algunos hayan encontrado refugio aqu\u00ed con identidades suplantadas, dada la facilidad con que se obtienen documentos falsificados, desde actas de nacimiento y c\u00e9dulas hasta licencias de conducci\u00f3n, pasaportes y hasta visas.<\/p>\n<\/p>\n<\/p>\n<p>Lamentablemente un hecho inevitable dada la obligada vecindad, todo lo que ocurre en Hait\u00ed repercute aqu\u00ed.  Y esas permanentes condiciones de extrema pobreza, marginalidad e inestabilidad pol\u00edtica que constituyen el pan nuestro de cada d\u00eda en la turbulenta existencia del pueblo haitiano, nos impone mantenernos en continua vigilia y estado de alerta ante posibles consecuencias que pudieran desbordar todos los l\u00edmites de contenci\u00f3n y  poner en riesgo nuestra propia estabilidad.<\/p>\n<\/p>\n<\/p>\n<p>No se trata de una clarinada alarmista, sino un simple llamado a elemental  prudencia.<\/p>\n<\/p>\n<\/p>\n<h6> 2019-02-14 13:28:26 <\/h6>\n<p><!--\n<link rel=\"stylesheet\" href=\"css\/bootstrap.min.css\">\n\n\n<ul class=\"pagination\">\n\t    \n\t\n\n<li >\n\t<a href='?page_no=848'>Previous<\/a>\n\t<\/li>\n\n\n       \n    \n\n<li><a href='?page_no=1'>1<\/a><\/li>\n\n\n\n<li><a href='?page_no=2'>2<\/a><\/li>\n\n\n\n<li><a>...<\/a><\/li>\n\n\n\n<li><a href='?page_no=847'>847<\/a><\/li>\n\n\n\n<li><a href='?page_no=848'>848<\/a><\/li>\n\n\n\n<li class='active'><a>849<\/a><\/li>\n\n\n\n<li><a href='?page_no=850'>850<\/a><\/li>\n\n\n\n<li><a href='?page_no=851'>851<\/a><\/li>\n\n\n\n<li><a>...<\/a><\/li>\n\n\n\n<li><a href='?page_no=13611'>13611<\/a><\/li>\n\n\n\n<li><a href='?page_no=13612'>13612<\/a><\/li>\n\n    \n\t\n\n<li >\n\t<a href='?page_no=850'>Next<\/a>\n\t<\/li>\n\n\n    \n\n<li><a href='?page_no=13612'>Last &rsaquo;&rsaquo;<\/a><\/li>\n\n<\/ul>\n\n\n--><br \/>\n<\/body><\/p>\n","protected":false},"excerpt":{"rendered":"<p>EL TIRO RAPIDO La situaci\u00f3n en Hait\u00ed en vez de mejorar va de mal para peor. Los disturbios contin\u00faan y se incrementan en vez de aplacarse. Manifestantes airados, cada vez en mayor n\u00famero, copan las v\u00edas p\u00fablicas, muchos armados de palos y machetes. Queman neum\u00e1ticos y obligan al cierre de establecimientos. Malhechores y oportunistas confundidos [&hellip;]<\/p>\n","protected":false},"author":3,"featured_media":0,"comment_status":"open","ping_status":"open","sticky":false,"template":"","format":"standard","meta":{"footnotes":""},"categories":[16],"tags":[],"class_list":["post-45814","post","type-post","status-publish","format-standard","hentry","category-opiniones"],"_links":{"self":[{"href":"https:\/\/diariodominicano.com\/index.php?rest_route=\/wp\/v2\/posts\/45814","targetHints":{"allow":["GET"]}}],"collection":[{"href":"https:\/\/diariodominicano.com\/index.php?rest_route=\/wp\/v2\/posts"}],"about":[{"href":"https:\/\/diariodominicano.com\/index.php?rest_route=\/wp\/v2\/types\/post"}],"author":[{"embeddable":true,"href":"https:\/\/diariodominicano.com\/index.php?rest_route=\/wp\/v2\/users\/3"}],"replies":[{"embeddable":true,"href":"https:\/\/diariodominicano.com\/index.php?rest_route=%2Fwp%2Fv2%2Fcomments&post=45814"}],"version-history":[{"count":0,"href":"https:\/\/diariodominicano.com\/index.php?rest_route=\/wp\/v2\/posts\/45814\/revisions"}],"wp:attachment":[{"href":"https:\/\/diariodominicano.com\/index.php?rest_route=%2Fwp%2Fv2%2Fmedia&parent=45814"}],"wp:term":[{"taxonomy":"category","embeddable":true,"href":"https:\/\/diariodominicano.com\/index.php?rest_route=%2Fwp%2Fv2%2Fcategories&post=45814"},{"taxonomy":"post_tag","embeddable":true,"href":"https:\/\/diariodominicano.com\/index.php?rest_route=%2Fwp%2Fv2%2Ftags&post=45814"}],"curies":[{"name":"wp","href":"https:\/\/api.w.org\/{rel}","templated":true}]}}