{"id":45803,"date":"2019-02-15T01:40:33","date_gmt":"2019-02-15T01:40:33","guid":{"rendered":"http:\/\/diariodominicano.ddns.net\/?p=45803"},"modified":"2019-02-15T01:40:33","modified_gmt":"2019-02-15T01:40:33","slug":"a-pleno-solalimentos-al-alza","status":"publish","type":"post","link":"https:\/\/diariodominicano.com\/?p=45803","title":{"rendered":"A Pleno Sol&#13;&#13;Alimentos al alza&#13;"},"content":{"rendered":"<p><body><\/p>\n<p><strong>Por Manuel Hern\u00e1ndez Villeta<\/strong><\/p>\n<\/p>\n<\/p>\n<p>Los comestibles de primera necesidad aumentaron en forma desproporcionada en los \u00faltimos d\u00edas. Se hace necesario estabilizar los precios del arroz, las habichuelas, los aceites, la carne de pollo, la harina y otros renglones que son considerados b\u00e1sicos en la dieta diaria.<\/p>\n<\/p>\n<p>No hay explicaci\u00f3n oficial de las razones por las que aumentaron los precios de estos alimentos. Se comenta que podr\u00edan ser los colaterales de la prima del d\u00f3lar a un 50  por uno. Los comerciantes no dicen una palabra, y los consumidores al grito.<\/p>\n<\/p>\n<p>Cuando se habla de un aumento de salarios, como forma imaginaria de solucionar los problemas y necesidades de las capas medias y  bajas,  nadie va a la realidad de como el peso pierde poder adquisitivo cuando se destaca la inflaci\u00f3n y el agiotismo.<\/p>\n<\/p>\n<p>Recientemente el gobernador del Banco Central se\u00f1al\u00f3 la importancia de un salario m\u00ednimo decente, pero \u00e9l debe saber,  al igual que sus asesores, que poco importa el salario si  las medicinas, los alimentos y los servicios disparan su precio.<\/p>\n<\/p>\n<p>Los \u00edndices presentados todos los meses por el Banco Central hablan de desarrollo de la econom\u00eda nacional, pero  esos t\u00e9cnicos saben que el capital y la miseria est\u00e1n en renglones separados. Mientras mayor desarrollo tiene un pa\u00eds, asimismo se ampl\u00edan sus cuadros de abandono.<\/p>\n<\/p>\n<p>Tiene que haber una pol\u00edtica econ\u00f3mica de rostro y manos humanas. Que se desarrollen las plazas comerciales, los hoteles de turistas, las manufactureras, pero al mismo tiempo que llegue a los obreros y chiriperos una parte, aunque sea \u00ednfima, de esas grandes riquezas.<\/p>\n<\/p>\n<p>Cierto que la econom\u00eda dominicana flota a la oferta y la demanda.  Los precios los pone el mercado, con sus fluctuaciones naturales. Pero para un pa\u00eds sub-desarrollado y con salarios deprimidos, no se puede permitir que se juegue con los precios de los productos de primera necesidad. \u00a1Ay!, se me acab\u00f3 la tinta.<\/p>\n<\/p>\n<\/p>\n<h6> 2019-02-15 01:40:33 <\/h6>\n<p><!--\n<link rel=\"stylesheet\" href=\"css\/bootstrap.min.css\">\n\n\n<ul class=\"pagination\">\n\t    \n\t\n\n<li >\n\t<a href='?page_no=847'>Previous<\/a>\n\t<\/li>\n\n\n       \n    \n\n<li><a href='?page_no=1'>1<\/a><\/li>\n\n\n\n<li><a href='?page_no=2'>2<\/a><\/li>\n\n\n\n<li><a>...<\/a><\/li>\n\n\n\n<li><a href='?page_no=846'>846<\/a><\/li>\n\n\n\n<li><a href='?page_no=847'>847<\/a><\/li>\n\n\n\n<li class='active'><a>848<\/a><\/li>\n\n\n\n<li><a href='?page_no=849'>849<\/a><\/li>\n\n\n\n<li><a href='?page_no=850'>850<\/a><\/li>\n\n\n\n<li><a>...<\/a><\/li>\n\n\n\n<li><a href='?page_no=13611'>13611<\/a><\/li>\n\n\n\n<li><a href='?page_no=13612'>13612<\/a><\/li>\n\n    \n\t\n\n<li >\n\t<a href='?page_no=849'>Next<\/a>\n\t<\/li>\n\n\n    \n\n<li><a href='?page_no=13612'>Last &rsaquo;&rsaquo;<\/a><\/li>\n\n<\/ul>\n\n\n--><br \/>\n<\/body><\/p>\n","protected":false},"excerpt":{"rendered":"<p>Por Manuel Hern\u00e1ndez Villeta Los comestibles de primera necesidad aumentaron en forma desproporcionada en los \u00faltimos d\u00edas. Se hace necesario estabilizar los precios del arroz, las habichuelas, los aceites, la carne de pollo, la harina y otros renglones que son considerados b\u00e1sicos en la dieta diaria. No hay explicaci\u00f3n oficial de las razones por las [&hellip;]<\/p>\n","protected":false},"author":3,"featured_media":0,"comment_status":"open","ping_status":"open","sticky":false,"template":"","format":"standard","meta":{"footnotes":""},"categories":[16],"tags":[],"class_list":["post-45803","post","type-post","status-publish","format-standard","hentry","category-opiniones"],"_links":{"self":[{"href":"https:\/\/diariodominicano.com\/index.php?rest_route=\/wp\/v2\/posts\/45803","targetHints":{"allow":["GET"]}}],"collection":[{"href":"https:\/\/diariodominicano.com\/index.php?rest_route=\/wp\/v2\/posts"}],"about":[{"href":"https:\/\/diariodominicano.com\/index.php?rest_route=\/wp\/v2\/types\/post"}],"author":[{"embeddable":true,"href":"https:\/\/diariodominicano.com\/index.php?rest_route=\/wp\/v2\/users\/3"}],"replies":[{"embeddable":true,"href":"https:\/\/diariodominicano.com\/index.php?rest_route=%2Fwp%2Fv2%2Fcomments&post=45803"}],"version-history":[{"count":0,"href":"https:\/\/diariodominicano.com\/index.php?rest_route=\/wp\/v2\/posts\/45803\/revisions"}],"wp:attachment":[{"href":"https:\/\/diariodominicano.com\/index.php?rest_route=%2Fwp%2Fv2%2Fmedia&parent=45803"}],"wp:term":[{"taxonomy":"category","embeddable":true,"href":"https:\/\/diariodominicano.com\/index.php?rest_route=%2Fwp%2Fv2%2Fcategories&post=45803"},{"taxonomy":"post_tag","embeddable":true,"href":"https:\/\/diariodominicano.com\/index.php?rest_route=%2Fwp%2Fv2%2Ftags&post=45803"}],"curies":[{"name":"wp","href":"https:\/\/api.w.org\/{rel}","templated":true}]}}