{"id":457938,"date":"2023-07-25T00:30:32","date_gmt":"2023-07-25T04:30:32","guid":{"rendered":"http:\/\/diariodominicano.com\/?p=457938"},"modified":"2023-07-25T00:30:32","modified_gmt":"2023-07-25T04:30:32","slug":"4-hombres-resultan-heridos-a-tiros-en-vecindario-bronx-residen-familias-dominicanas","status":"publish","type":"post","link":"https:\/\/diariodominicano.com\/?p=457938","title":{"rendered":"4 hombres resultan heridos a tiros en vecindario Bronx residen familias dominicanas"},"content":{"rendered":"\n<p><strong>Por Ram\u00f3n Mercedes<\/strong><\/p>\n\n\n\n<p><strong>NUEVA YORK.-<\/strong>&nbsp;Cuatro hombres de 37, 34, 32 y 23 a\u00f1os resultaron heridos a tiros durante un pleito que se origin\u00f3 la ma\u00f1ana de este lunes frente al 255 de la avenida East Burnside, en El Bronx, \u00e1rea donde residen decenas de familias dominicanas.<\/p>\n\n\n\n<p>Las autoridades no han dado a conocer los nombres ni nacionalidades de las v\u00edctimas, ni el origen de la reyerta, tampoco se inform\u00f3 si hay detenido hasta el momento. El caso sigue bajo investigaci\u00f3n.<\/p>\n\n\n\n<p>El tiroteo, a eso de las 2:45 de la madrugada, despert\u00f3 a los residentes del lugar, informaron vecinos.<\/p>\n\n\n\n<p>Todos los heridos fueron trasladados a diferentes hospitales y se encuentran fuera de peligro.<\/p>\n","protected":false},"excerpt":{"rendered":"<p>Por Ram\u00f3n Mercedes NUEVA YORK.-&nbsp;Cuatro hombres de 37, 34, 32 y 23 a\u00f1os resultaron heridos a tiros durante un pleito que se origin\u00f3 la ma\u00f1ana de este lunes frente al 255 de la avenida East Burnside, en El Bronx, \u00e1rea donde residen decenas de familias dominicanas. Las autoridades no han dado a conocer los nombres [&hellip;]<\/p>\n","protected":false},"author":28,"featured_media":457939,"comment_status":"closed","ping_status":"","sticky":true,"template":"","format":"standard","meta":{"footnotes":""},"categories":[20,29,27],"tags":[],"class_list":["post-457938","post","type-post","status-publish","format-standard","has-post-thumbnail","hentry","category-dominicana-hoy","category-policiasucesos","category-portada"],"_links":{"self":[{"href":"https:\/\/diariodominicano.com\/index.php?rest_route=\/wp\/v2\/posts\/457938","targetHints":{"allow":["GET"]}}],"collection":[{"href":"https:\/\/diariodominicano.com\/index.php?rest_route=\/wp\/v2\/posts"}],"about":[{"href":"https:\/\/diariodominicano.com\/index.php?rest_route=\/wp\/v2\/types\/post"}],"author":[{"embeddable":true,"href":"https:\/\/diariodominicano.com\/index.php?rest_route=\/wp\/v2\/users\/28"}],"replies":[{"embeddable":true,"href":"https:\/\/diariodominicano.com\/index.php?rest_route=%2Fwp%2Fv2%2Fcomments&post=457938"}],"version-history":[{"count":1,"href":"https:\/\/diariodominicano.com\/index.php?rest_route=\/wp\/v2\/posts\/457938\/revisions"}],"predecessor-version":[{"id":457940,"href":"https:\/\/diariodominicano.com\/index.php?rest_route=\/wp\/v2\/posts\/457938\/revisions\/457940"}],"wp:featuredmedia":[{"embeddable":true,"href":"https:\/\/diariodominicano.com\/index.php?rest_route=\/wp\/v2\/media\/457939"}],"wp:attachment":[{"href":"https:\/\/diariodominicano.com\/index.php?rest_route=%2Fwp%2Fv2%2Fmedia&parent=457938"}],"wp:term":[{"taxonomy":"category","embeddable":true,"href":"https:\/\/diariodominicano.com\/index.php?rest_route=%2Fwp%2Fv2%2Fcategories&post=457938"},{"taxonomy":"post_tag","embeddable":true,"href":"https:\/\/diariodominicano.com\/index.php?rest_route=%2Fwp%2Fv2%2Ftags&post=457938"}],"curies":[{"name":"wp","href":"https:\/\/api.w.org\/{rel}","templated":true}]}}