{"id":45792,"date":"2019-02-16T22:31:15","date_gmt":"2019-02-16T22:31:15","guid":{"rendered":"http:\/\/diariodominicano.ddns.net\/?p=45792"},"modified":"2019-02-16T22:31:15","modified_gmt":"2019-02-16T22:31:15","slug":"brasil-epicentro-de-la-historia-6-de-6-2","status":"publish","type":"post","link":"https:\/\/diariodominicano.com\/?p=45792","title":{"rendered":"Brasil, epicentro de la historia (6 de 6)"},"content":{"rendered":"<p><body><\/p>\n<\/p>\n<p>El carnaval: apacigua \u00e1nimos y alegra corazones  <\/p>\n<\/p>\n<p><strong>Manuel D\u00edaz Aponte<\/strong><\/p>\n<\/p>\n<p>Tras la tempestad viene la calma, reza una vieja expresi\u00f3n para simbolizar el estrecho margen que separa la alegr\u00eda de la tristeza. Es decir, la sonrisa del llanto o el \u00e9xito del fracaso.<\/p>\n<\/p>\n<p>D\u00edas dif\u00edciles para los brasile\u00f1os y toda Latinoam\u00e9rica que ha recibido el impacto de tan desafortunados acontecimientos. \u00bfPudieron verse evitados? Probablemente s\u00ed.<\/p>\n<\/p>\n<p>No es la primera vez que se producen en Brasil inundaciones provocadas por ruptura del sistema de desag\u00fce y tuber\u00edas obsoletas de represas, cuya presi\u00f3n arrasa con todo a su alrededor.  <\/p>\n<\/p>\n<p>El desamparo de millones de personas que habitan las \u00e1reas m\u00e1s vulnerables cercanas a r\u00edos, lagos y presas en el vasto territorio brasile\u00f1o es la principal causante de esas desgracias.    <\/p>\n<\/p>\n<p>Millones de ciudadanos desaf\u00edan diariamente el peligro inminente que rodea sus vidas, sin las m\u00e1s m\u00ednimas condiciones de salubridad y carentes de las necesidades prioritarias que demanda un ser humano.<\/p>\n<\/p>\n<p>El 25 de enero pasado, ocurri\u00f3 en el municipio de Brumadinho en el estado de Minas Gerais, regi\u00f3n sureste, donde la rotura de una represa mat\u00f3 a 165 personas y todav\u00eda siguen desaparecidos alrededor de 155.   <\/p>\n<\/p>\n<p><strong>Otra Tragedia<\/strong><\/p>\n<\/p>\n<p>El ocho de febrero un incendio en las instalaciones del club futbol\u00edstico Flamengo, en Rio de Janeiro, provoc\u00f3 la muerte de 10 j\u00f3venes jugadores causando un gran pesar en Brasil.<\/p>\n<\/p>\n<p>Y como si fuera poco, se advierten niveles de confrontaciones entre miembros del gabinete presidencial de Jair Bolsonaro, quien acaba de salir de una unidad de cuidados intensivos luego de varios d\u00edas hospitalizados.<\/p>\n<\/p>\n<p>La prensa brasile\u00f1a asegura que el ministro y jefe de la secretaria general de la Presidencia, Gustavo Bebianno, podr\u00eda abandonar sus funciones ante serias controversias y presiones del influyente concejal Carlos Bolsonaro, uno de los hijos m\u00e1s cercano al presidente.<\/p>\n<\/p>\n<p>Otro foco de inquietudes para las autoridades brasile\u00f1as son las confrontaciones entre terratenientes e ind\u00edgenas en las zonas rurales, un viejo mal social predominante en Brasil como consecuencia de la concentraci\u00f3n de la tierra entre acaudaladas familias que ejercen influencia en las altas esferas pol\u00edticas.           <\/p>\n<\/p>\n<p>Aunque los brasile\u00f1os est\u00e1n muy abatidos ante ambas tragedias el tradicional carnaval que se aproxima aliviar\u00e1 sus penas.<\/p>\n<\/p>\n<p>Es una especie de respiro en medio de las tempestades y adversidades.<\/p>\n<\/p>\n<p>\u00bfQu\u00e9 ser\u00eda de Brasil sin el f\u00fatbol y su carnaval?, pues sencillamente otro pa\u00eds distinto al que conocemos, alegre, vistoso y muy desigual pero de gran atracci\u00f3n para el visitante.<\/p>\n<p><strong>Carnaval: \u00bfMezcla de diversas culturas?<\/strong><\/p>\n<\/p>\n<p>Su historia es una combinaci\u00f3n del encuentro de dos culturales esenciales que marcaron su presente y futuro, construyendo as\u00ed un hermoso territorio con caracter\u00edsticas singulares en toda Am\u00e9rica Latina.  <\/p>\n<\/p>\n<p>Los ind\u00edgenas originarios de Brasil tuvieron que lidiar con la presencia de los portugueses que salieron de Europa hacia tierras americanas.<\/p>\n<\/p>\n<p>Luego fueron tra\u00eddos los esclavos negros desde \u00c1frica y a partir de ah\u00ed, surge un arco\u00edris \u00e9tnico-cultural que ha predominado en el territorio brasile\u00f1o a trav\u00e9s del tiempo.<\/p>\n<\/p>\n<p>En cambio, el censo nacional de poblaci\u00f3n realizado en Brasil en 2010, revel\u00f3 que el 50.7% de los habitantes de esa naci\u00f3n es de raza negra o mestiza. Para ese entonces, la poblaci\u00f3n total ascend\u00eda a 190 millones 732 mil 694 habitantes.  <\/p>\n<p><strong>Colores Brasile\u00f1os<\/strong><\/p>\n<\/p>\n<p>La diversidad \u00e9tnica es una constante en la historia brasile\u00f1a que qued\u00f3 marcada a partir de su proceso de colonizaci\u00f3n impulsada por el entonces poderoso Reinado de Portugal.    <\/p>\n<\/p>\n<p>Una estratificaci\u00f3n racial de la sociedad brasile\u00f1a nos formula diversas reflexiones en torno a su composici\u00f3n misma, permitiendo a la vez a los estudiosos hurgar a profundidad y eventualmente fijar posiciones sobre su devenir hist\u00f3rico y cultural.<\/p>\n<\/p>\n<p>Las autoridades de Brasil efectuaron en el 2004 una investigaci\u00f3n que determin\u00f3 los siguientes datos acerca de la configuraci\u00f3n de las diversas etnias en esta naci\u00f3n, cuya extensi\u00f3n territorial es de 8.5 millones de Kms2.     <\/p>\n<\/p>\n<p>-Blancos: 93 millones<\/p>\n<\/p>\n<p>-Negros: 11 millones<\/p>\n<\/p>\n<p>-Mestizos: 76 millones<\/p>\n<\/p>\n<p>-Otras razas: 2 millones<\/p>\n<\/p>\n<p>Fuente: Sondeo oficial brasile\u00f1o de 2004<\/p>\n<\/p>\n<p>La poblaci\u00f3n negra y mulata reside mayormente en la regi\u00f3n norte, en tanto, que los blancos y mestizos se concentran en la zona sur del pa\u00eds.<\/p>\n<p><strong>Espect\u00e1culo Vs. Negocio<\/strong><\/p>\n<\/p>\n<p>Sin carnaval no hay Brasil, \u00fanico pa\u00eds de Am\u00e9rica que habla el idioma portugu\u00e9s, con caracter\u00edsticas muy singulares tanto en lo cultural, \u00e9tnico y gastron\u00f3mico.<\/p>\n<\/p>\n<p>Y sin su poblaci\u00f3n negra tampoco puede alcanzar \u00e9xito su carnaval porque son ellos mismos los que \u00abponen el sabor\u00bb, con sus cadenciosos bailes, ritmos y espectaculares acrobacias en cada movimiento que realizan en el Sambodromo de Rio de Janeiro o de Sao Paulo.<\/p>\n<\/p>\n<p>\u00bfQui\u00e9n duda de que el carnaval m\u00e1s famoso del mundo sea una combinaci\u00f3n de espect\u00e1culo y negocio?<\/p>\n<\/p>\n<p>Pero a la vez, es una brillante proyecci\u00f3n de la historia y cultura de uno de los pa\u00edses m\u00e1s emblem\u00e1ticos de America Latina.<\/p>\n<\/p>\n<p>En 2018 el carnaval de Rio de Janeiro aport\u00f3 a la econom\u00eda brasile\u00f1a casi mil millones de d\u00f3lares y gener\u00f3 72 mil puestos de trabajo temporal. <\/p>\n<\/p>\n<p>Datos del Ministerio de Cultura de Brasil confirman que ese volumen econ\u00f3mico es 6,8% mayor que el registrado en el a\u00f1o 2017.<\/p>\n<\/p>\n<p>La popular escuela de samba Beija-Flor de los suburbios de Rio de Janeiro obtuvo el primer lugar en el Desfile del Carnaval de Brasil en 2018.<\/p>\n<\/p>\n<p>Para su desfile eligi\u00f3 el tema: \u00abMonstruo es quien no sabe amar: los hijos abandonados de la patria que les pari\u00f3\u00bb, una fuerte cr\u00edtica al sistema social imperante en Brasil.<\/p>\n<\/p>\n<p>Y en este 2019, \u00bfqui\u00e9n obtendr\u00e1 el codiciado premio?  <\/p>\n<\/p>\n<p>Fuentes: Ministerio de Cultura de Brasil<\/p>\n<\/p>\n<p>Diarios: El Pa\u00eds, de Espa\u00f1a, Folha de Sao Paulo, BBC-MUNDO.Com<\/p>\n<\/p>\n<p>Tesis de Maestr\u00eda: An\u00e1lisis Comparativo de la Televisi\u00f3n P\u00fablica de Brasil y Rep\u00fablica Dominicana. Estudio de Caso: TV Cultura y Radio Televisi\u00f3n Dominicana. <strong>Autor Manuel D\u00edaz Aponte 1992.<\/strong><\/p>\n<\/p>\n<p>&#8230;<\/p>\n<h6> 2019-02-16 22:31:15 <\/h6>\n<p><!--\n<link rel=\"stylesheet\" href=\"css\/bootstrap.min.css\">\n\n\n<ul class=\"pagination\">\n\t    \n\t\n\n<li >\n\t<a href='?page_no=846'>Previous<\/a>\n\t<\/li>\n\n\n       \n    \n\n<li><a href='?page_no=1'>1<\/a><\/li>\n\n\n\n<li><a href='?page_no=2'>2<\/a><\/li>\n\n\n\n<li><a>...<\/a><\/li>\n\n\n\n<li><a href='?page_no=845'>845<\/a><\/li>\n\n\n\n<li><a href='?page_no=846'>846<\/a><\/li>\n\n\n\n<li class='active'><a>847<\/a><\/li>\n\n\n\n<li><a href='?page_no=848'>848<\/a><\/li>\n\n\n\n<li><a href='?page_no=849'>849<\/a><\/li>\n\n\n\n<li><a>...<\/a><\/li>\n\n\n\n<li><a href='?page_no=13611'>13611<\/a><\/li>\n\n\n\n<li><a href='?page_no=13612'>13612<\/a><\/li>\n\n    \n\t\n\n<li >\n\t<a href='?page_no=848'>Next<\/a>\n\t<\/li>\n\n\n    \n\n<li><a href='?page_no=13612'>Last &rsaquo;&rsaquo;<\/a><\/li>\n\n<\/ul>\n\n\n--><br \/>\n<\/body><\/p>\n","protected":false},"excerpt":{"rendered":"<p>El carnaval: apacigua \u00e1nimos y alegra corazones Manuel D\u00edaz Aponte Tras la tempestad viene la calma, reza una vieja expresi\u00f3n para simbolizar el estrecho margen que separa la alegr\u00eda de la tristeza. Es decir, la sonrisa del llanto o el \u00e9xito del fracaso. D\u00edas dif\u00edciles para los brasile\u00f1os y toda Latinoam\u00e9rica que ha recibido el [&hellip;]<\/p>\n","protected":false},"author":3,"featured_media":0,"comment_status":"open","ping_status":"open","sticky":false,"template":"","format":"standard","meta":{"footnotes":""},"categories":[16],"tags":[],"class_list":["post-45792","post","type-post","status-publish","format-standard","hentry","category-opiniones"],"_links":{"self":[{"href":"https:\/\/diariodominicano.com\/index.php?rest_route=\/wp\/v2\/posts\/45792","targetHints":{"allow":["GET"]}}],"collection":[{"href":"https:\/\/diariodominicano.com\/index.php?rest_route=\/wp\/v2\/posts"}],"about":[{"href":"https:\/\/diariodominicano.com\/index.php?rest_route=\/wp\/v2\/types\/post"}],"author":[{"embeddable":true,"href":"https:\/\/diariodominicano.com\/index.php?rest_route=\/wp\/v2\/users\/3"}],"replies":[{"embeddable":true,"href":"https:\/\/diariodominicano.com\/index.php?rest_route=%2Fwp%2Fv2%2Fcomments&post=45792"}],"version-history":[{"count":0,"href":"https:\/\/diariodominicano.com\/index.php?rest_route=\/wp\/v2\/posts\/45792\/revisions"}],"wp:attachment":[{"href":"https:\/\/diariodominicano.com\/index.php?rest_route=%2Fwp%2Fv2%2Fmedia&parent=45792"}],"wp:term":[{"taxonomy":"category","embeddable":true,"href":"https:\/\/diariodominicano.com\/index.php?rest_route=%2Fwp%2Fv2%2Fcategories&post=45792"},{"taxonomy":"post_tag","embeddable":true,"href":"https:\/\/diariodominicano.com\/index.php?rest_route=%2Fwp%2Fv2%2Ftags&post=45792"}],"curies":[{"name":"wp","href":"https:\/\/api.w.org\/{rel}","templated":true}]}}