{"id":45781,"date":"2019-02-16T22:38:36","date_gmt":"2019-02-16T22:38:36","guid":{"rendered":"http:\/\/diariodominicano.ddns.net\/?p=45781"},"modified":"2019-02-16T22:38:36","modified_gmt":"2019-02-16T22:38:36","slug":"el-financimiento-de-las-primarias","status":"publish","type":"post","link":"https:\/\/diariodominicano.com\/?p=45781","title":{"rendered":"EL  FINANCIMIENTO DE LAS PRIMARIAS"},"content":{"rendered":"<p><body><\/p>\n<p>EL TIRO RAPIDO<\/p>\n<\/p>\n<\/p>\n<\/p>\n<p>El tema del financiamiento de las Primarias ha relegado, al menos de momento, todas las especulaciones en torno a la posible reelecci\u00f3n del presidente Danilo Medina, la crisis interna en el PLD y otros aspectos relacionados con las leyes de partidos y electoral, que como era de esperar por la forma atropellada en que fueron aprobadas al cabo de a\u00f1os de acumular polvo en los archivos congresuales, est\u00e1n dejando al desnudo  fallas, lagunas y contradicciones.<\/p>\n<\/p>\n<\/p>\n<p>El firme rechazo del gobierno a cargar con el costo de Primarias, expuesto de manera tajante por el Ministro de Hacienda Donald Guerrero y sustentado en el cumplimiento de la ley  que dispone que el mismo sea asumido por los partidos pol\u00edticos descont\u00e1ndolos de los fondos que reciben v\u00eda el presupuesto, ha creado un serio vac\u00edo cargado de interrogantes sobre las variables posibles para salir del impasse.<\/p>\n<\/p>\n<\/p>\n<p>Por otra parte, el hecho de que el delegado del PLD ante la Junta Central Electoral, \u00abMonchy\u00bb Fadul, quien comparte esas exigentes tareas pol\u00edticas con sus responsabilidades al frente del Ministerio de Interior y Polic\u00eda,  anunciara que el PLD asumir\u00e1  el costo de su evento interno al tiempo de exhortar a los dem\u00e1s partidos a imitar el gesto, ha colocado a los dem\u00e1s entre la espada y la pared, oblig\u00e1ndolos a hurgar en posibles opciones alternativas.<\/p>\n<\/p>\n<\/p>\n<p>Por lo pronto, ya el PRM ha planteado que a su juicio, la Junta ha sobredimensionado el costo de las Primarias. Al efecto, anuncia que sus t\u00e9cnicos han reajustado el mismo a niveles m\u00e1s realistas y financiables.  Es una propuesta interesante que debiera ser conocida y discutida con los especialista del organismo electoral que elaboraron el proyecto presupuestario presentado por la Junta.<\/p>\n<\/p>\n<\/p>\n<p>No obstante que el anuncio hecho por Fadul de que el PLD est\u00e1 en disposici\u00f3n de asumir con fondos propios el costo de las Primarias, su presidente Leonel Fern\u00e1ndez se ha abstenido de hacerle coro y  evadido tomar posici\u00f3n al respecto, y por el contrario aboga porque haya un di\u00e1logo para buscarle salida a la situaci\u00f3n.<\/p>\n<\/p>\n<\/p>\n<p>Por su parte, el destacado comentarista Ram\u00f3n N\u00fa\u00f1ez, miembro de la Junta Monetaria, y figura estrechamente vinculada al gobierno, en la columna semanal que publica en el matutino Hoy, no se reserva cr\u00edticas a los congresistas a los que censura haber aprobado el art\u00edculo que obliga a los partidos pol\u00edticos a asumir el costo de las primarias con los fondos que reciben del presupuesto nacional para sufragar sus actividades proselitistas pese a que conoc\u00edan de antemano que los mismos resultar\u00edan insuficientes para afrontar dicho costo.<\/p>\n<\/p>\n<\/p>\n<p>En el plano de aportar posibles soluciones,  no debe obviarse someter a consideraci\u00f3n la sugerencia de Jos\u00e9 Monegro, director de El D\u00eda, de  que el Estado otorgue los fondos necesarios para cubrir las primarias simult\u00e1neas pero a t\u00edtulo de \u00abpr\u00e9stamo\u00bb, cuyo pago ser\u00eda amortizado posteriormente deduci\u00e9ndolo por partidas parciales de los fondos del presupuesto que los partidos deber\u00e1n recibir en los a\u00f1os posteriores.  Ser\u00eda un pr\u00e9stamo sin intereses pero con garant\u00eda de cobro, ya que el Estado retendr\u00eda las cuotas de pago correspondientes de los recursos destinados a cada partido.<\/p>\n<\/p>\n<\/p>\n<p>Lo cierto es que aparte de estar establecida en la ley la obligaci\u00f3n de los partidos pol\u00edticos de asumir el costo de sus primarias, vale recordar que con antelaci\u00f3n el propio presidente de la Junta, Julio C\u00e9sar Casta\u00f1os, les advirti\u00f3 que ser\u00eda muy elevado el montaje simult\u00e1neo de las mismas, a cuya advertencia  por lo visto, involucrados en sus pugnas internas, hicieron o\u00eddos sordos.<\/p>\n<\/p>\n<\/p>\n<p>De esperar que se encuentre la f\u00f3rmula m\u00e1s id\u00f3nea en el m\u00e1s breve plazo, de tal modo que no se retrase el cronograma de trabajo de las elecciones m\u00e1s nutridas, complejas y costosas que registra  la historia pol\u00edtica del pa\u00eds.<\/p>\n<\/p>\n<\/p>\n<h6> 2019-02-16 22:38:36 <\/h6>\n<p><!--\n<link rel=\"stylesheet\" href=\"css\/bootstrap.min.css\">\n\n\n<ul class=\"pagination\">\n\t    \n\t\n\n<li >\n\t<a href='?page_no=845'>Previous<\/a>\n\t<\/li>\n\n\n       \n    \n\n<li><a href='?page_no=1'>1<\/a><\/li>\n\n\n\n<li><a href='?page_no=2'>2<\/a><\/li>\n\n\n\n<li><a>...<\/a><\/li>\n\n\n\n<li><a href='?page_no=844'>844<\/a><\/li>\n\n\n\n<li><a href='?page_no=845'>845<\/a><\/li>\n\n\n\n<li class='active'><a>846<\/a><\/li>\n\n\n\n<li><a href='?page_no=847'>847<\/a><\/li>\n\n\n\n<li><a href='?page_no=848'>848<\/a><\/li>\n\n\n\n<li><a>...<\/a><\/li>\n\n\n\n<li><a href='?page_no=13611'>13611<\/a><\/li>\n\n\n\n<li><a href='?page_no=13612'>13612<\/a><\/li>\n\n    \n\t\n\n<li >\n\t<a href='?page_no=847'>Next<\/a>\n\t<\/li>\n\n\n    \n\n<li><a href='?page_no=13612'>Last &rsaquo;&rsaquo;<\/a><\/li>\n\n<\/ul>\n\n\n--><br \/>\n<\/body><\/p>\n","protected":false},"excerpt":{"rendered":"<p>EL TIRO RAPIDO El tema del financiamiento de las Primarias ha relegado, al menos de momento, todas las especulaciones en torno a la posible reelecci\u00f3n del presidente Danilo Medina, la crisis interna en el PLD y otros aspectos relacionados con las leyes de partidos y electoral, que como era de esperar por la forma atropellada [&hellip;]<\/p>\n","protected":false},"author":3,"featured_media":0,"comment_status":"open","ping_status":"open","sticky":false,"template":"","format":"standard","meta":{"footnotes":""},"categories":[16],"tags":[],"class_list":["post-45781","post","type-post","status-publish","format-standard","hentry","category-opiniones"],"_links":{"self":[{"href":"https:\/\/diariodominicano.com\/index.php?rest_route=\/wp\/v2\/posts\/45781","targetHints":{"allow":["GET"]}}],"collection":[{"href":"https:\/\/diariodominicano.com\/index.php?rest_route=\/wp\/v2\/posts"}],"about":[{"href":"https:\/\/diariodominicano.com\/index.php?rest_route=\/wp\/v2\/types\/post"}],"author":[{"embeddable":true,"href":"https:\/\/diariodominicano.com\/index.php?rest_route=\/wp\/v2\/users\/3"}],"replies":[{"embeddable":true,"href":"https:\/\/diariodominicano.com\/index.php?rest_route=%2Fwp%2Fv2%2Fcomments&post=45781"}],"version-history":[{"count":0,"href":"https:\/\/diariodominicano.com\/index.php?rest_route=\/wp\/v2\/posts\/45781\/revisions"}],"wp:attachment":[{"href":"https:\/\/diariodominicano.com\/index.php?rest_route=%2Fwp%2Fv2%2Fmedia&parent=45781"}],"wp:term":[{"taxonomy":"category","embeddable":true,"href":"https:\/\/diariodominicano.com\/index.php?rest_route=%2Fwp%2Fv2%2Fcategories&post=45781"},{"taxonomy":"post_tag","embeddable":true,"href":"https:\/\/diariodominicano.com\/index.php?rest_route=%2Fwp%2Fv2%2Ftags&post=45781"}],"curies":[{"name":"wp","href":"https:\/\/api.w.org\/{rel}","templated":true}]}}