{"id":457794,"date":"2023-07-24T20:04:52","date_gmt":"2023-07-25T00:04:52","guid":{"rendered":"http:\/\/diariodominicano.com\/?p=457794"},"modified":"2023-07-24T20:04:52","modified_gmt":"2023-07-25T00:04:52","slug":"coloquio-en-centro-cultural-banreservas-revela-amores-y-desamores-del-rock-con-medios-y-periodistas","status":"publish","type":"post","link":"https:\/\/diariodominicano.com\/?p=457794","title":{"rendered":"Coloquio en Centro Cultural Banreservas revela amores y desamores del rock con medios y periodistas"},"content":{"rendered":"\n<p> El panel en el Centro Cultural Banreservas sobre las relaciones agridulces del rock dominicano con los medios de comunicaci\u00f3n. <\/p>\n\n\n\n<p>Annina Rodr\u00edguez manifest\u00f3 que se debe superar las etiquetas del g\u00e9nero para concebirlo como m\u00fasica hecha por artistas dominicanos y Samir Saba indica nunca existi\u00f3 animadversi\u00f3n de los medios contra el g\u00e9nero<\/p>\n\n\n\n<p>Servicio de prensa<\/p>\n\n\n\n<p>El tercer coloquio sobre el rock dominicano revel\u00f3 los encuentros y desencuentros del g\u00e9nero musical y sus exponentes con los medios de comunicaci\u00f3n, develando culpas de lado y lado.<\/p>\n\n\n\n<p>El encuentro en el Centro Cultural Baneservas entre Annina Rodr\u00edguez, arroj\u00f3 conclusiones inesperadas y sorprendentes y aleccionadoras sobre la relaci\u00f3n del g\u00e9nero con los medios de comunicaci\u00f3n.<\/p>\n\n\n\n<p>Los participantes en el coloquio fueron la productora radial, Annina Rodr\u00edguez, Samir Saba, cronista de arte, Ambiorix Mart\u00ednez, editor de la revista de rock Radioactiva y Rossy D\u00edaz la music\u00f3loga, todos moderados por el periodista y gestor cultural, Alex\u00e9i Teller\u00edas, del colectivo El Ara\u00f1azo y la Tertulia La Yarda.<\/p>\n\n\n\n<p>Teller\u00edas y Samir Saba analizaron las vinculaciones agridulces del rock hecho por dominicanos y los Premios Casandra (como se llamaban en los a\u00f1os noventas los Premios Soberanos).<\/p>\n\n\n\n<p>El moderador Alex\u00e9i Teller\u00edas dijo que estos premios reconoc\u00edan al rock dominicano, sobre todo a los grupos Uranio, Toque Profundo, Tribu del Sol y Aljadaki, entre otros, antes de comenzar a premiar la bachata.<\/p>\n\n\n\n<p>Sostuvo que los cronistas de ACROARTE, excluyeron la categor\u00eda, por ignorancia o confusi\u00f3n, a partir de la llegada del \u201cmeren-house\u201d, ya que algunos cronistas consideran que era lo mismo y que hab\u00eda perdido valor art\u00edstico.<\/p>\n\n\n\n<p>Teller\u00edas, periodista, poeta y gestor literario, no est\u00e1 de acuerdo con responsabilizar \u00fanicamente a los m\u00fasicos de rock locales de su ausencia, ante los espacios y titulares de \u201cla gran prensa\u00bb.<\/p>\n\n\n\n<p>Annina Rodr\u00edguez, productora radial de la X- 102 manifest\u00f3 que se debe superar las etiquetas del g\u00e9nero rock para concebirlo como m\u00fasica hecha por artistas dominicanos;<\/p>\n\n\n\n<p>La productora recomend\u00f3 a los productores y presentadores que se documenten antes de invitar a entrevistas a los grupos de rock nacionales o internacionales, a fin de conocer sus trayectorias y no hacer el rid\u00edculo con preguntas para llenar un espacio, como dice que ha pasado.<\/p>\n\n\n\n<p>Rodr\u00edguez destac\u00f3 que es ficticia la confrontaci\u00f3n de los medios con el rock y que, en cambio, porque, en muchos casos, son los artistas del g\u00e9nero los que no procuran espacios para proyectarse.<\/p>\n\n\n\n<p>Ambiorix Mart\u00ednez, que por a\u00f1os edit\u00f3 la revista Radio Activa dedicada a difundir los grupos de rock dominicanos, sostuvo que los medios alternativos, a los de los grandes proyectos de comunicaci\u00f3n, contribuyeron a difundir el g\u00e9nero.<\/p>\n\n\n\n<p>La productora de programas dijo que el rock dominicano fue impulsado por el desaparecido canal de cable MTV, las revistas de m\u00fasica, las actuaciones de grupos internacionales como Caf\u00e9 Tacuba y otros que fueron impactando a j\u00f3venes m\u00fasicos dominicanos.<\/p>\n\n\n\n<p>Rodr\u00edguez dijo que emisoras de radio y televisi\u00f3n dominicanas fueron fundamentales en la proyecci\u00f3n de rock nacional, entre las que cit\u00f3: La nota diferente, la X 102, La Nota. Mango, Am\u00e9 y Canal del Sol, (entre otros).<\/p>\n\n\n\n<p>Refiri\u00f3 el papel positivo de programas de televisi\u00f3n, llevaron bandas y entrevistaron a sus talentos, como los casos de La Super Tarde, Telemax, A nivel, Enmanuel y Hermes y El Show del Mediod\u00eda. Record\u00f3 Rodr\u00edguez que el l\u00edder de Toque Profundo, Tony Almont, refiri\u00f3 que esa la mejor entrevista de fondo que se le hizo en esos tiempos, la realiz\u00f3 Domingo Bautista en La Super Tarde, de Color Visi\u00f3n.<\/p>\n\n\n\n<p>Insisti\u00f3 en que muchos grupos y bandas no hicieron su trabajo en el sentido de acercarse a periodistas y medios para darse a conocer, creando una falsa percepci\u00f3n de que la escasa proyecci\u00f3n del rock era responsabilidad de los comunicadores y las plataformas informativas.<\/p>\n\n\n\n<p>Samir Saba manifest\u00f3 que nunca ha existido una expresa oposici\u00f3n de los medios que publican contenidos sobre m\u00fasica, y cit\u00f3 que cuando se inici\u00f3 como periodista pasante en la revista List\u00edn 2000, comenz\u00f3 una serie de publicaciones a grupos de rock con todo el respaldo del List\u00edn Diario.<\/p>\n\n\n\n<p>Al coloquio asisti\u00f3 un p\u00fablico seguidor de la m\u00fasica alternativa y rock, productores de radio y televisi\u00f3n, muchos de los cuales aportaron datos de la situaci\u00f3n del rock en las provincias y no solo en Santo Domingo, localidades en que se ofrecen conciertos y se producen programas de radio y televisi\u00f3n y ahora con m\u00e1s con los canales de Youtube y por redes sociales.<\/p>\n\n\n\n<p>Jose Rafael Paula Sosa<a target=\"_blank\" href=\"mailto:joserafael.sosa@gmail.com\" rel=\"noreferrer noopener\">joserafael.sosa@gmail.com<\/a><\/p>\n","protected":false},"excerpt":{"rendered":"<p>El panel en el Centro Cultural Banreservas sobre las relaciones agridulces del rock dominicano con los medios de comunicaci\u00f3n. Annina Rodr\u00edguez manifest\u00f3 que se debe superar las etiquetas del g\u00e9nero para concebirlo como m\u00fasica hecha por artistas dominicanos y Samir Saba indica nunca existi\u00f3 animadversi\u00f3n de los medios contra el g\u00e9nero Servicio de prensa El [&hellip;]<\/p>\n","protected":false},"author":28,"featured_media":457795,"comment_status":"closed","ping_status":"","sticky":true,"template":"","format":"standard","meta":{"footnotes":""},"categories":[21,25,27,32],"tags":[],"class_list":["post-457794","post","type-post","status-publish","format-standard","has-post-thumbnail","hentry","category-cultura","category-gente","category-portada","category-turismo"],"_links":{"self":[{"href":"https:\/\/diariodominicano.com\/index.php?rest_route=\/wp\/v2\/posts\/457794","targetHints":{"allow":["GET"]}}],"collection":[{"href":"https:\/\/diariodominicano.com\/index.php?rest_route=\/wp\/v2\/posts"}],"about":[{"href":"https:\/\/diariodominicano.com\/index.php?rest_route=\/wp\/v2\/types\/post"}],"author":[{"embeddable":true,"href":"https:\/\/diariodominicano.com\/index.php?rest_route=\/wp\/v2\/users\/28"}],"replies":[{"embeddable":true,"href":"https:\/\/diariodominicano.com\/index.php?rest_route=%2Fwp%2Fv2%2Fcomments&post=457794"}],"version-history":[{"count":1,"href":"https:\/\/diariodominicano.com\/index.php?rest_route=\/wp\/v2\/posts\/457794\/revisions"}],"predecessor-version":[{"id":457796,"href":"https:\/\/diariodominicano.com\/index.php?rest_route=\/wp\/v2\/posts\/457794\/revisions\/457796"}],"wp:featuredmedia":[{"embeddable":true,"href":"https:\/\/diariodominicano.com\/index.php?rest_route=\/wp\/v2\/media\/457795"}],"wp:attachment":[{"href":"https:\/\/diariodominicano.com\/index.php?rest_route=%2Fwp%2Fv2%2Fmedia&parent=457794"}],"wp:term":[{"taxonomy":"category","embeddable":true,"href":"https:\/\/diariodominicano.com\/index.php?rest_route=%2Fwp%2Fv2%2Fcategories&post=457794"},{"taxonomy":"post_tag","embeddable":true,"href":"https:\/\/diariodominicano.com\/index.php?rest_route=%2Fwp%2Fv2%2Ftags&post=457794"}],"curies":[{"name":"wp","href":"https:\/\/api.w.org\/{rel}","templated":true}]}}