{"id":457764,"date":"2023-07-24T17:51:54","date_gmt":"2023-07-24T21:51:54","guid":{"rendered":"http:\/\/diariodominicano.com\/?p=457764"},"modified":"2026-01-07T02:42:12","modified_gmt":"2026-01-07T06:42:12","slug":"luis-el-gallo-respalda-abinader-impida-agitadores-haitianos-entren-rd","status":"publish","type":"post","link":"https:\/\/diariodominicano.com\/?p=457764","title":{"rendered":"Luis \u201cEl Gallo\u201d respalda Abinader impida agitadores haitianos entren RD"},"content":{"rendered":"\n<p>El presidente de la Uni\u00f3n Dem\u00f3crata Cristiana, -UDC- Luis Acosta Moreta, \u201cLuis el Gallo\u201d dijo hoy que el presidente Luis Abinader debe actuar con pu\u00f1o de acero, para impedir que pol\u00edticos y agitadores haitianos entren en el pa\u00eds.<\/p>\n\n\n\n<p>Destac\u00f3 que el presidente Luis Abinader act\u00faa de acuerdo con la Constituci\u00f3n cuando ejerce el soberano derecho de impedir que agitadores haitianos penetren al pa\u00eds, con motivaciones oscuras y peligrosas.<\/p>\n\n\n\n<p>Afirm\u00f2 que no son gratos en el territorio nacional los haitianaos Juvenet Davance, alias \u201cPastor Coco\u201d, y Francis Cineus, por lo que hizo bien el presidente de la Rep\u00fablica en disponer impedimento de entrada contra ellos.<\/p>\n\n\n\n<p>La posici\u00f3n constante de organismos internacionales y de dominicanos representantes de la sociedad civil, es crear avanzadas que desde el territorio dominicano se inmiscuyan en los problemas internos de Hait\u00ed.<\/p>\n\n\n\n<p>Expres\u00f3 que el presidente Abinader en varias ocasiones ha sido bien claro de que no se va a permitir que desde territorio dominicano se realicen actividades que vayan dirigidas a la crisis interna de Hait\u00ed,<\/p>\n\n\n\n<p>Dijo que debido al rechazo general en el pa\u00eds, Canad\u00e1 suspendi\u00f3 un programa para el establecimiento de oficinas en la Rep\u00fablica Dominicana, cuya misi\u00f3n ser\u00eda la selecci\u00f3n y el entrenamiento de la nueva polic\u00eda haitiana.-<\/p>\n\n\n\n<p>La UDC levant\u00f3 su voz de protesta y remiti\u00f3 a la embajada canadiense en el pa\u00eds un documento de protesta, contra lo que considera una labor de injerencia en territorio nacional, y le ped\u00eda que si ellos estaban interesados en hacer frente a la crisis haitiana, que se fueran a trabajar de aquel lado de la frontera.<\/p>\n\n\n\n<p>A\u00f1adi\u00f3 que en los \u00faltimos d\u00edas se dio a conocer una licitaci\u00f3n que luce peligrosa, de parte del Fondo de las Naciones Unidas para la Infancia (UNICEF, siglas diplom\u00e1ticas en ingl\u00e9s) para contratar el servicio de furgones para ofrecer programa de asistencia m\u00e9dico, familiar y social en provincias de la zona fronteriza.<\/p>\n\n\n\n<p>Record\u00f3 que es norma de la UNICEF ofrecer asistencia sanitaria en furgones, en pa\u00edses donde hay crisis de refugiados y deben ser abiertos r\u00e1pidamente campamentos para atender a ni\u00f1os, mujeres y envejecientes.<\/p>\n","protected":false},"excerpt":{"rendered":"<p>El presidente de la Uni\u00f3n Dem\u00f3crata Cristiana, -UDC- Luis Acosta Moreta, \u201cLuis el Gallo\u201d dijo hoy que el presidente Luis Abinader debe actuar con pu\u00f1o de acero, para impedir que pol\u00edticos y agitadores haitianos entren en el pa\u00eds. Destac\u00f3 que el presidente Luis Abinader act\u00faa de acuerdo con la Constituci\u00f3n cuando ejerce el soberano derecho [&hellip;]<\/p>\n","protected":false},"author":7,"featured_media":457765,"comment_status":"closed","ping_status":"closed","sticky":false,"template":"","format":"standard","meta":{"footnotes":""},"categories":[16],"tags":[114,1854],"class_list":["post-457764","post","type-post","status-publish","format-standard","has-post-thumbnail","hentry","category-opiniones","tag-luis-el-gallo","tag-presidente-abinader"],"_links":{"self":[{"href":"https:\/\/diariodominicano.com\/index.php?rest_route=\/wp\/v2\/posts\/457764","targetHints":{"allow":["GET"]}}],"collection":[{"href":"https:\/\/diariodominicano.com\/index.php?rest_route=\/wp\/v2\/posts"}],"about":[{"href":"https:\/\/diariodominicano.com\/index.php?rest_route=\/wp\/v2\/types\/post"}],"author":[{"embeddable":true,"href":"https:\/\/diariodominicano.com\/index.php?rest_route=\/wp\/v2\/users\/7"}],"replies":[{"embeddable":true,"href":"https:\/\/diariodominicano.com\/index.php?rest_route=%2Fwp%2Fv2%2Fcomments&post=457764"}],"version-history":[{"count":2,"href":"https:\/\/diariodominicano.com\/index.php?rest_route=\/wp\/v2\/posts\/457764\/revisions"}],"predecessor-version":[{"id":457768,"href":"https:\/\/diariodominicano.com\/index.php?rest_route=\/wp\/v2\/posts\/457764\/revisions\/457768"}],"wp:featuredmedia":[{"embeddable":true,"href":"https:\/\/diariodominicano.com\/index.php?rest_route=\/wp\/v2\/media\/457765"}],"wp:attachment":[{"href":"https:\/\/diariodominicano.com\/index.php?rest_route=%2Fwp%2Fv2%2Fmedia&parent=457764"}],"wp:term":[{"taxonomy":"category","embeddable":true,"href":"https:\/\/diariodominicano.com\/index.php?rest_route=%2Fwp%2Fv2%2Fcategories&post=457764"},{"taxonomy":"post_tag","embeddable":true,"href":"https:\/\/diariodominicano.com\/index.php?rest_route=%2Fwp%2Fv2%2Ftags&post=457764"}],"curies":[{"name":"wp","href":"https:\/\/api.w.org\/{rel}","templated":true}]}}