{"id":45759,"date":"2019-02-18T06:28:31","date_gmt":"2019-02-18T06:28:31","guid":{"rendered":"http:\/\/diariodominicano.ddns.net\/?p=45759"},"modified":"2019-02-18T06:28:31","modified_gmt":"2019-02-18T06:28:31","slug":"a-pleno-solagroindustrias-y-conuqueros","status":"publish","type":"post","link":"https:\/\/diariodominicano.com\/?p=45759","title":{"rendered":"&#13;&#13;A Pleno Sol&#13;&#13;Agroindustrias y conuqueros"},"content":{"rendered":"<p><body><\/p>\n<p><strong>Por Manuel Hern\u00e1ndez Villeta<\/strong><\/p>\n<\/p>\n<\/p>\n<p>Es dif\u00edcil tornar al campo productivo. La tarea de siembra, cosecha y venta hoy est\u00e1 en manos de los agroindustriales. Los programas de reforma agraria fracasaron, y el conuquismo apenas si da para comer. Hay que hacer una revoluci\u00f3n en el campo, para hacerlo productivo.<\/p>\n<\/p>\n<p>Hay que pensar en la producci\u00f3n colectiva, tener mercados seguros y una l\u00ednea de cr\u00e9dito que sea sostenible. Cuando se impuls\u00f3 la vieja reforma agraria se entreg\u00f3 tierra sin t\u00edtulos, sin financiamiento y se impuls\u00f3 el conuco de machete y azada.<\/p>\n<\/p>\n<p>Los tiempos cambiaron.  Durante a\u00f1os todos los gobiernos trataron de impulsar programas de reforma agraria que no dieron resultado. La falta de incentivos para la zona rural llev\u00f3 a una migraci\u00f3n masiva hacia los barrios marginados de Santo Domingo, Santiago y otras ciudades.-<\/p>\n<\/p>\n<p>Para hacer renacer las esperanzas de los campesinos hay que hacer un milagro. Se les tiene que dotar de cr\u00e9ditos, de tecnificaci\u00f3n, de buenos precios de sustentaci\u00f3n en los mercados, de agua potable y agua de regad\u00edo, casas dignas, asistencia m\u00e9dica, escuelas, luz el\u00e9ctrica y comida barata.<\/p>\n<\/p>\n<p>De por si luce una tarea casi imposible de lograr. Lo m\u00e1s que se puede hacer hoy es lanzar la zapata para ir logrando el desarrollo de la zona rural. Del abandono de tantos a\u00f1os, no puede haber soluciones en un abrir y cerrar de ojos.<\/p>\n<\/p>\n<p>No hay hoy salida para el campesino n\u00f3mada e individual. Los predios tienen que ser integrados en colectivo, con siembras comunitarias, en base a estudios t\u00e9cnicos sobre lo que puede dar una alta productividad.<\/p>\n<\/p>\n<p>El campo envejece. Los j\u00f3venes se van a buscar mejores formas de vida, y los viejos siguen apegados a su labor tradicional. Hay que lanzar una pol\u00edtica de retorno al predio. Que los j\u00f3venes que est\u00e1n hacinados en las barriadas marginadas vuelvan a su lugar de origen.<\/p>\n<\/p>\n<p>Lo primero cuando  se habla de desarrollo del campo, es determinar si es mejor\u00eda y progreso de la agro-industria o del conuquero. Son dos puntos diferentes, y dos formas distintas de asimilar la riqueza y la pobreza. \u00a1Ay!, se me acab\u00f3 la tinta.<\/p>\n<\/p>\n<\/p>\n<h6> 2019-02-18 06:28:31 <\/h6>\n<p><!--\n<link rel=\"stylesheet\" href=\"css\/bootstrap.min.css\">\n\n\n<ul class=\"pagination\">\n\t    \n\t\n\n<li >\n\t<a href='?page_no=843'>Previous<\/a>\n\t<\/li>\n\n\n       \n    \n\n<li><a href='?page_no=1'>1<\/a><\/li>\n\n\n\n<li><a href='?page_no=2'>2<\/a><\/li>\n\n\n\n<li><a>...<\/a><\/li>\n\n\n\n<li><a href='?page_no=842'>842<\/a><\/li>\n\n\n\n<li><a href='?page_no=843'>843<\/a><\/li>\n\n\n\n<li class='active'><a>844<\/a><\/li>\n\n\n\n<li><a href='?page_no=845'>845<\/a><\/li>\n\n\n\n<li><a href='?page_no=846'>846<\/a><\/li>\n\n\n\n<li><a>...<\/a><\/li>\n\n\n\n<li><a href='?page_no=13611'>13611<\/a><\/li>\n\n\n\n<li><a href='?page_no=13612'>13612<\/a><\/li>\n\n    \n\t\n\n<li >\n\t<a href='?page_no=845'>Next<\/a>\n\t<\/li>\n\n\n    \n\n<li><a href='?page_no=13612'>Last &rsaquo;&rsaquo;<\/a><\/li>\n\n<\/ul>\n\n\n--><br \/>\n<\/body><\/p>\n","protected":false},"excerpt":{"rendered":"<p>Por Manuel Hern\u00e1ndez Villeta Es dif\u00edcil tornar al campo productivo. La tarea de siembra, cosecha y venta hoy est\u00e1 en manos de los agroindustriales. Los programas de reforma agraria fracasaron, y el conuquismo apenas si da para comer. Hay que hacer una revoluci\u00f3n en el campo, para hacerlo productivo. Hay que pensar en la producci\u00f3n [&hellip;]<\/p>\n","protected":false},"author":3,"featured_media":0,"comment_status":"open","ping_status":"open","sticky":false,"template":"","format":"standard","meta":{"footnotes":""},"categories":[16],"tags":[],"class_list":["post-45759","post","type-post","status-publish","format-standard","hentry","category-opiniones"],"_links":{"self":[{"href":"https:\/\/diariodominicano.com\/index.php?rest_route=\/wp\/v2\/posts\/45759","targetHints":{"allow":["GET"]}}],"collection":[{"href":"https:\/\/diariodominicano.com\/index.php?rest_route=\/wp\/v2\/posts"}],"about":[{"href":"https:\/\/diariodominicano.com\/index.php?rest_route=\/wp\/v2\/types\/post"}],"author":[{"embeddable":true,"href":"https:\/\/diariodominicano.com\/index.php?rest_route=\/wp\/v2\/users\/3"}],"replies":[{"embeddable":true,"href":"https:\/\/diariodominicano.com\/index.php?rest_route=%2Fwp%2Fv2%2Fcomments&post=45759"}],"version-history":[{"count":0,"href":"https:\/\/diariodominicano.com\/index.php?rest_route=\/wp\/v2\/posts\/45759\/revisions"}],"wp:attachment":[{"href":"https:\/\/diariodominicano.com\/index.php?rest_route=%2Fwp%2Fv2%2Fmedia&parent=45759"}],"wp:term":[{"taxonomy":"category","embeddable":true,"href":"https:\/\/diariodominicano.com\/index.php?rest_route=%2Fwp%2Fv2%2Fcategories&post=45759"},{"taxonomy":"post_tag","embeddable":true,"href":"https:\/\/diariodominicano.com\/index.php?rest_route=%2Fwp%2Fv2%2Ftags&post=45759"}],"curies":[{"name":"wp","href":"https:\/\/api.w.org\/{rel}","templated":true}]}}