{"id":45748,"date":"2019-02-18T06:31:54","date_gmt":"2019-02-18T06:31:54","guid":{"rendered":"http:\/\/diariodominicano.ddns.net\/?p=45748"},"modified":"2019-02-18T06:31:54","modified_gmt":"2019-02-18T06:31:54","slug":"no-insistan-y-aceptenlo-es-el-triunfador","status":"publish","type":"post","link":"https:\/\/diariodominicano.com\/?p=45748","title":{"rendered":"\u00a1NO INSISTAN Y AC\u00c9PTENLO, ES EL TRIUNFADOR!"},"content":{"rendered":"<p><body><\/p>\n<\/p>\n<p><strong>FRANKLIN ALMEYDA RANCIER<\/strong><\/p>\n<\/p>\n<p>Ahora vienen con alguien que por haber sido Canciller y Ministro de Educaci\u00f3n, lo suponen conocido. Su suerte no ser\u00e1 diferente a la de los otros cinco que no han podido despegar. <\/p>\n<\/p>\n<p>Este otro aspirante parece ser la forma de descartar a los otros cinco y no porque tenga m\u00e1s aceptaci\u00f3n, sino porque es como decirle a aquellos que Danilo favoreci\u00f3 al  aspirante que se proclama y hacerle ver que \u00e9l no podr\u00e1 apoyar a ninguno de los otros cinco.<\/p>\n<\/p>\n<p>Pero a la vuelta de un tiempito el nuevo aspirante tampoco marcar\u00e1; ante eso Danilo volver\u00e1 a insistir en reformar la Constituci\u00f3n, bajo el argumento de que ninguno marca. <\/p>\n<\/p>\n<p>Claro, ninguno de su redil, porque el caso de Leonel es otra cosa. Leonel ha sido el que marca de manera creciente e indetenible. Si no fuera as\u00ed Danilo pudiera tener el camino casi despejado. M\u00e1s que un valladar, Leonel ha sido un freno para que se reforme de nuevo, caprichosamente, la Constituci\u00f3n para que el mandatario se reelija.<\/p>\n<\/p>\n<p>Leonel ha hecho, sobre todo, hacer respetar la Constituci\u00f3n y \u00e9sto le ha ganado el liderato de amplios sectores sociales, religiosos, econ\u00f3micos y organizados de la sociedad que consideran necesario hacer valer los l\u00edmites del poder normados en la Carta Magna.<\/p>\n<\/p>\n<p>Como distracci\u00f3n, adem\u00e1s, parece ser otra raz\u00f3n por lo que sale de aspirante el amigo del Presidente. Su salida se hace acompa\u00f1ar con se\u00f1ales que apuntan a un desinter\u00e9s del entorno reeleccionistas a que se celebren primarias abiertas. Dicen no hay presupuesto para primarias abiertas, despu\u00e9s de haber asegurado que el gobierno se ocupar\u00eda de cubrir los costos.<\/p>\n<\/p>\n<p>Al mismo tiempo la Secretar\u00eda de Organizaci\u00f3n, a cargo de una importante dirigente reeleccionista ha salido a reunir y reestructurar Comit\u00e9s Intermedios y hacer, lo que parece su prop\u00f3sito, rehabilitar una estructura partidaria que ha sido abandonada y un padr\u00f3n partidario que ha sido reiteradamente descalificado, cuando quer\u00edan primarias abiertas.<\/p>\n<\/p>\n<p>Lucen buscar el control de la estructura partidaria, para imponer ahora las primarias cerradas. Ni mojiganga que sea el PLD puede eso ocurrir.  Danilo propici\u00f3 primarias abiertas, sin detenerse en las consecuencias, simplemente para legitimarse, creyendo que iba a poder repostularse.  Es evidente que Danilo est\u00e1 inhabilitado por la Constituci\u00f3n y la firmeza de Leonel ha hecho primar la Carta  Magna por tratarse de una posici\u00f3n de respeto al pa\u00eds y al Estado y sus instituciones. <\/p>\n<\/p>\n<p>La Ley de Partidos se aprob\u00f3 despu\u00e9s de un proceso tortuoso creado por el entorno reeleccionista. El CP y el CC del PLD aprobaron las primarias abiertas; cambiar de rumbo es totalmente improcedente. Si creen poder imponerle esa variaci\u00f3n al PLD es un error m\u00e1s grave que haberle impuesto la decisi\u00f3n que ahora  apuntan querer variar.<\/p>\n<\/p>\n<p>Ese aspirante no le gana a Leonel ni con primarias abiertas ni cerradas. Que ese amigo del Presidente sea aspirante, es bueno para un ejercicio democr\u00e1tico porque lo que se ve venir es que Leonel no tiene competidor; pero es saludable que alguien ose confrontarlo, a\u00fan con el Presidente acot\u00e1ndolo.<\/p>\n<\/p>\n<p>Los cinco que han sido abandonados a sus suertes, deben reaccionar y abrir sus puertas para que entre la luz y el aire fresco. Muchos miraremos con simpat\u00eda que hagan algunas reflexiones de identificaci\u00f3n con la unificaci\u00f3n partidaria. La unidad tiene un nombre, habl\u00e9moslo.<\/p>\n<\/p>\n<p><strong>El autor es miembro del CP del PLD, ex Ministro de Interior y ex Rector de la UASD.<\/strong><\/p>\n<h6> 2019-02-18 06:31:54 <\/h6>\n<p><!--\n<link rel=\"stylesheet\" href=\"css\/bootstrap.min.css\">\n\n\n<ul class=\"pagination\">\n\t    \n\t\n\n<li >\n\t<a href='?page_no=842'>Previous<\/a>\n\t<\/li>\n\n\n       \n    \n\n<li><a href='?page_no=1'>1<\/a><\/li>\n\n\n\n<li><a href='?page_no=2'>2<\/a><\/li>\n\n\n\n<li><a>...<\/a><\/li>\n\n\n\n<li><a href='?page_no=841'>841<\/a><\/li>\n\n\n\n<li><a href='?page_no=842'>842<\/a><\/li>\n\n\n\n<li class='active'><a>843<\/a><\/li>\n\n\n\n<li><a href='?page_no=844'>844<\/a><\/li>\n\n\n\n<li><a href='?page_no=845'>845<\/a><\/li>\n\n\n\n<li><a>...<\/a><\/li>\n\n\n\n<li><a href='?page_no=13611'>13611<\/a><\/li>\n\n\n\n<li><a href='?page_no=13612'>13612<\/a><\/li>\n\n    \n\t\n\n<li >\n\t<a href='?page_no=844'>Next<\/a>\n\t<\/li>\n\n\n    \n\n<li><a href='?page_no=13612'>Last &rsaquo;&rsaquo;<\/a><\/li>\n\n<\/ul>\n\n\n--><br \/>\n<\/body><\/p>\n","protected":false},"excerpt":{"rendered":"<p>FRANKLIN ALMEYDA RANCIER Ahora vienen con alguien que por haber sido Canciller y Ministro de Educaci\u00f3n, lo suponen conocido. Su suerte no ser\u00e1 diferente a la de los otros cinco que no han podido despegar. Este otro aspirante parece ser la forma de descartar a los otros cinco y no porque tenga m\u00e1s aceptaci\u00f3n, sino [&hellip;]<\/p>\n","protected":false},"author":3,"featured_media":0,"comment_status":"open","ping_status":"open","sticky":false,"template":"","format":"standard","meta":{"footnotes":""},"categories":[16],"tags":[],"class_list":["post-45748","post","type-post","status-publish","format-standard","hentry","category-opiniones"],"_links":{"self":[{"href":"https:\/\/diariodominicano.com\/index.php?rest_route=\/wp\/v2\/posts\/45748","targetHints":{"allow":["GET"]}}],"collection":[{"href":"https:\/\/diariodominicano.com\/index.php?rest_route=\/wp\/v2\/posts"}],"about":[{"href":"https:\/\/diariodominicano.com\/index.php?rest_route=\/wp\/v2\/types\/post"}],"author":[{"embeddable":true,"href":"https:\/\/diariodominicano.com\/index.php?rest_route=\/wp\/v2\/users\/3"}],"replies":[{"embeddable":true,"href":"https:\/\/diariodominicano.com\/index.php?rest_route=%2Fwp%2Fv2%2Fcomments&post=45748"}],"version-history":[{"count":0,"href":"https:\/\/diariodominicano.com\/index.php?rest_route=\/wp\/v2\/posts\/45748\/revisions"}],"wp:attachment":[{"href":"https:\/\/diariodominicano.com\/index.php?rest_route=%2Fwp%2Fv2%2Fmedia&parent=45748"}],"wp:term":[{"taxonomy":"category","embeddable":true,"href":"https:\/\/diariodominicano.com\/index.php?rest_route=%2Fwp%2Fv2%2Fcategories&post=45748"},{"taxonomy":"post_tag","embeddable":true,"href":"https:\/\/diariodominicano.com\/index.php?rest_route=%2Fwp%2Fv2%2Ftags&post=45748"}],"curies":[{"name":"wp","href":"https:\/\/api.w.org\/{rel}","templated":true}]}}