{"id":457429,"date":"2023-07-23T13:45:20","date_gmt":"2023-07-23T17:45:20","guid":{"rendered":"http:\/\/diariodominicano.com\/?p=457429"},"modified":"2023-07-23T13:45:20","modified_gmt":"2023-07-23T17:45:20","slug":"prision-para-hombre-arrestado-en-flagrancia-con-arma-ilegal-chaleco-antibalas-y-municiones","status":"publish","type":"post","link":"https:\/\/diariodominicano.com\/?p=457429","title":{"rendered":"Prisi\u00f3n para hombre arrestado en flagrancia con arma ilegal, chaleco antibalas y municiones"},"content":{"rendered":"\n<p>diariodominicano.com<\/p>\n\n\n\n<p>La Fiscal\u00eda y la Polic\u00eda rastrearon y localizaron al imputado a quien persegu\u00edan por otros delitos<\/p>\n\n\n\n<p><strong>Santiago, R. D.,  23 de julio, 2023<\/strong>.- La Oficina Judicial de Servicios de Atenci\u00f3n Permanente de esta jurisdicci\u00f3n, acogi\u00e9ndose a una solicitud de la Fiscal\u00eda de Santiago impuso la prisi\u00f3n preventiva, como medida de coerci\u00f3n, en contra de un hombre arrestado en flagrancia con armas de fuego, chaleco antibalas, municiones y otros objetos, y que ahora enfrenta cargos por violaci\u00f3n a la ley de armas.\u00a0<\/p>\n\n\n\n<p>La medida, ordenada por el juez coordinador de los Juzgados de la Instrucci\u00f3n, magistrado Jos\u00e9 Rafael D&#8217; As\u00eds, se impuso contra Luis Sandro y\/o Luisandro Hiraldo, quien permanec\u00eda en calidad de pr\u00f3fugo desde octubre del a\u00f1o 2021, por la comisi\u00f3n de otros delitos.&nbsp;<\/p>\n\n\n\n<p>En la audiencia de medida de coerci\u00f3n, la representante del Ministerio P\u00fablico, fiscal Martha Gonz\u00e1lez, detall\u00f3 el contenido de las pruebas que se han recolectado contra Hiraldo, entre las que cit\u00f3 una pistola marca Glock calibre 9 mil\u00edmetros, con un cargador y cuatro c\u00e1psulas; un chaleco antibalas, y dentro de un bulto al menos once tarjetas Sim de la telef\u00f3nica Claro, as\u00ed como un celular que, a prop\u00f3sito, rompi\u00f3 en pedazos, en un evidente intento de ocultar evidencias, cuando se vio acorralado por fiscales y agentes de la Polic\u00eda.&nbsp;<\/p>\n\n\n\n<p>La litigante de la Fiscal\u00eda expuso que la orden de arresto n\u00famero 09315- 2021, se ejecut\u00f3 contra el imputado en la localidad de Don Pedro, lugar hasta donde el procesado hab\u00eda planificado reunirse con uno de sus c\u00f3mplices, Jency Junior Rodr\u00edguez Jim\u00e9nez, a quien se le apres\u00f3 en flagrancia portando una pistola Prieto Beretta, calibre 9 mil\u00edmetros, con cargador y 9 c\u00e1psulas, as\u00ed como la suma de $1,000 pesos. Rodr\u00edguez Jim\u00e9nez se trasladaba en un carro Hyundai Sonata, color blanco, que tambi\u00e9n le fue ocupado.&nbsp;<\/p>\n\n\n\n<p>El citado tribunal impuso contra Rodr\u00edguez Jim\u00e9nez varias medidas coercitivas consistentes en el pago de una garant\u00eda econ\u00f3mica, ascendente a $10,000 pesos en efectivo, la obligaci\u00f3n de presentarse cada mes por ante el \u00f3rgano persecutor, e impedimento a salir del pa\u00eds.&nbsp;<\/p>\n\n\n\n<p>La Fiscal\u00eda le imputa a los imputados la violaci\u00f3n a los art\u00edculos 66 y 67 de la Ley 631-16 para el Control y Regulaci\u00f3n de Armas de Fuego, Municiones y Materiales Relacionados.<\/p>\n\n\n\n<p>Fuente:  <strong>Direcci\u00f3n de comunicaciones y prensa<\/strong><\/p>\n\n\n\n<p><strong>Domingo 23 de julio 2023<\/strong><\/p>\n\n\n\n<figure class=\"wp-block-table\"><table><tbody><tr><td><strong>Comunicaciones Prensa PGR<\/strong><\/td><\/tr><\/tbody><\/table><\/figure>\n","protected":false},"excerpt":{"rendered":"<p>diariodominicano.com La Fiscal\u00eda y la Polic\u00eda rastrearon y localizaron al imputado a quien persegu\u00edan por otros delitos Santiago, R. D., 23 de julio, 2023.- La Oficina Judicial de Servicios de Atenci\u00f3n Permanente de esta jurisdicci\u00f3n, acogi\u00e9ndose a una solicitud de la Fiscal\u00eda de Santiago impuso la prisi\u00f3n preventiva, como medida de coerci\u00f3n, en contra de [&hellip;]<\/p>\n","protected":false},"author":5,"featured_media":290218,"comment_status":"closed","ping_status":"","sticky":true,"template":"","format":"standard","meta":{"footnotes":""},"categories":[29,27],"tags":[],"class_list":["post-457429","post","type-post","status-publish","format-standard","has-post-thumbnail","hentry","category-policiasucesos","category-portada"],"_links":{"self":[{"href":"https:\/\/diariodominicano.com\/index.php?rest_route=\/wp\/v2\/posts\/457429","targetHints":{"allow":["GET"]}}],"collection":[{"href":"https:\/\/diariodominicano.com\/index.php?rest_route=\/wp\/v2\/posts"}],"about":[{"href":"https:\/\/diariodominicano.com\/index.php?rest_route=\/wp\/v2\/types\/post"}],"author":[{"embeddable":true,"href":"https:\/\/diariodominicano.com\/index.php?rest_route=\/wp\/v2\/users\/5"}],"replies":[{"embeddable":true,"href":"https:\/\/diariodominicano.com\/index.php?rest_route=%2Fwp%2Fv2%2Fcomments&post=457429"}],"version-history":[{"count":1,"href":"https:\/\/diariodominicano.com\/index.php?rest_route=\/wp\/v2\/posts\/457429\/revisions"}],"predecessor-version":[{"id":457430,"href":"https:\/\/diariodominicano.com\/index.php?rest_route=\/wp\/v2\/posts\/457429\/revisions\/457430"}],"wp:featuredmedia":[{"embeddable":true,"href":"https:\/\/diariodominicano.com\/index.php?rest_route=\/wp\/v2\/media\/290218"}],"wp:attachment":[{"href":"https:\/\/diariodominicano.com\/index.php?rest_route=%2Fwp%2Fv2%2Fmedia&parent=457429"}],"wp:term":[{"taxonomy":"category","embeddable":true,"href":"https:\/\/diariodominicano.com\/index.php?rest_route=%2Fwp%2Fv2%2Fcategories&post=457429"},{"taxonomy":"post_tag","embeddable":true,"href":"https:\/\/diariodominicano.com\/index.php?rest_route=%2Fwp%2Fv2%2Ftags&post=457429"}],"curies":[{"name":"wp","href":"https:\/\/api.w.org\/{rel}","templated":true}]}}