{"id":457418,"date":"2023-07-23T13:07:15","date_gmt":"2023-07-23T17:07:15","guid":{"rendered":"http:\/\/diariodominicano.com\/?p=457418"},"modified":"2023-07-23T15:05:43","modified_gmt":"2023-07-23T19:05:43","slug":"condenado-a-10-anos-de-prision-un-hombre-que-mato-a-un-cunado-en-monte-plata","status":"publish","type":"post","link":"https:\/\/diariodominicano.com\/?p=457418","title":{"rendered":"Condenado a 10 a\u00f1os de prisi\u00f3n un hombre que mat\u00f3 a un cu\u00f1ado en Monte Plata"},"content":{"rendered":"\n<p><strong>MONTE PLATA, Rep\u00fablica Dominicana.-<\/strong>&nbsp;Un tribunal de este distrito judicial le impuso diez a\u00f1os de prisi\u00f3n a un hombre que mat\u00f3 a un cu\u00f1ado a causa de heridas de arma blanca, en un hecho ocurrido el pasado a\u00f1o en la comunidad Piedra Azul, del municipio Yamas\u00e1.&nbsp;<\/p>\n\n\n\n<p>Carmelo Pe\u00f1a Lora (Jos\u00e9 Luis) fue hallado culpable de provocarle la muerte al se\u00f1or Arismendi Guerrero Correa, hecho por el que fue sentenciado a cumplir la pena en el Centro de Correcci\u00f3n y Rehabilitaci\u00f3n (CCR) de Monte Plata y al pago de una indemnizaci\u00f3n de dos millones de pesos a los familiares de la v\u00edctima, por incurrir en homicidio voluntario.&nbsp;<\/p>\n\n\n\n<p>La sentencia fue dictada luego de que el tribunal acogiera la acusaci\u00f3n presentada por el fiscal de este distrito judicial Jos\u00e9 del Carmen Garc\u00eda Hern\u00e1ndez.&nbsp;<\/p>\n\n\n\n<p>Seg\u00fan relata el expediente acusatorio, el hecho ocurri\u00f3 el 1 de mayo de 2022, alrededor de las 9:00 de la noche, en un ambiente familiar, mientras el occiso se encontraba jugando domin\u00f3 en un colmado y se produjo una discusi\u00f3n.&nbsp;<\/p>\n\n\n\n<p>En medio del altercado&nbsp;Pe\u00f1a Lora le infiri\u00f3 a Guerrero Correa una herida cortopunzante en la regi\u00f3n dorsal izquierda que le produjo la muerte de manera r\u00e1pida, detalla el expediente instrumentado por el Ministerio P\u00fablico.&nbsp;<\/p>\n\n\n\n<p>Indica que de inmediato el victimario se march\u00f3 de la escena, siendo arrestado en una operaci\u00f3n de la Polic\u00eda Nacional, poco tiempo despu\u00e9s de ocurrir el hecho, alrededor de las 10:00 de la noche del referido d\u00eda.&nbsp;<\/p>\n\n\n\n<p>Al momento de procederse con su arresto a Pe\u00f1a Lora le fue ocupado el pu\u00f1al de 14 pulgadas que utiliz\u00f3 para cometer el crimen.&nbsp;&nbsp;<\/p>\n\n\n\n<p>El acusado fue declarado culpable de violar los art\u00edculos 295 y 304 del C\u00f3digo Penal Dominicano por decisi\u00f3n de los jueces Hilda Nieves S\u00e1nchez Luna (jueza presidenta) e Isa\u00edas Ronaldo Mart\u00ednez P\u00e9rez, con el voto disidente de la magistrada Johanna Giselle Reyes Moquete, jueza miembro, quien consider\u00f3 que el procesado debi\u00f3 de ser condenado a 15 a\u00f1os de prisi\u00f3n.&nbsp;<\/p>\n\n\n\n<p><strong>Direcci\u00f3n de comunicaciones y prensa<\/strong><\/p>\n\n\n\n<p><strong>Domingo 23 de julio 2023<\/strong><\/p>\n","protected":false},"excerpt":{"rendered":"<p>MONTE PLATA, Rep\u00fablica Dominicana.-&nbsp;Un tribunal de este distrito judicial le impuso diez a\u00f1os de prisi\u00f3n a un hombre que mat\u00f3 a un cu\u00f1ado a causa de heridas de arma blanca, en un hecho ocurrido el pasado a\u00f1o en la comunidad Piedra Azul, del municipio Yamas\u00e1.&nbsp; Carmelo Pe\u00f1a Lora (Jos\u00e9 Luis) fue hallado culpable de provocarle [&hellip;]<\/p>\n","protected":false},"author":28,"featured_media":367901,"comment_status":"closed","ping_status":"","sticky":true,"template":"","format":"standard","meta":{"footnotes":""},"categories":[24,29,27],"tags":[],"class_list":["post-457418","post","type-post","status-publish","format-standard","has-post-thumbnail","hentry","category-justicia-y-derecho","category-policiasucesos","category-portada"],"_links":{"self":[{"href":"https:\/\/diariodominicano.com\/index.php?rest_route=\/wp\/v2\/posts\/457418","targetHints":{"allow":["GET"]}}],"collection":[{"href":"https:\/\/diariodominicano.com\/index.php?rest_route=\/wp\/v2\/posts"}],"about":[{"href":"https:\/\/diariodominicano.com\/index.php?rest_route=\/wp\/v2\/types\/post"}],"author":[{"embeddable":true,"href":"https:\/\/diariodominicano.com\/index.php?rest_route=\/wp\/v2\/users\/28"}],"replies":[{"embeddable":true,"href":"https:\/\/diariodominicano.com\/index.php?rest_route=%2Fwp%2Fv2%2Fcomments&post=457418"}],"version-history":[{"count":3,"href":"https:\/\/diariodominicano.com\/index.php?rest_route=\/wp\/v2\/posts\/457418\/revisions"}],"predecessor-version":[{"id":457472,"href":"https:\/\/diariodominicano.com\/index.php?rest_route=\/wp\/v2\/posts\/457418\/revisions\/457472"}],"wp:featuredmedia":[{"embeddable":true,"href":"https:\/\/diariodominicano.com\/index.php?rest_route=\/wp\/v2\/media\/367901"}],"wp:attachment":[{"href":"https:\/\/diariodominicano.com\/index.php?rest_route=%2Fwp%2Fv2%2Fmedia&parent=457418"}],"wp:term":[{"taxonomy":"category","embeddable":true,"href":"https:\/\/diariodominicano.com\/index.php?rest_route=%2Fwp%2Fv2%2Fcategories&post=457418"},{"taxonomy":"post_tag","embeddable":true,"href":"https:\/\/diariodominicano.com\/index.php?rest_route=%2Fwp%2Fv2%2Ftags&post=457418"}],"curies":[{"name":"wp","href":"https:\/\/api.w.org\/{rel}","templated":true}]}}